{"id":269402,"date":"2026-09-04T19:59:11","date_gmt":"2026-09-04T19:59:11","guid":{"rendered":"https:\/\/www.europesays.com\/lt\/269402\/"},"modified":"2026-09-04T19:59:11","modified_gmt":"2026-09-04T19:59:11","slug":"eso-didina-kompensacijas-patyrusiems-tiesioginiu-nuostoliu-rusijos-dronas-kyjive-smoge-sbu-bustinei-vz-lt","status":"publish","type":"post","link":"https:\/\/www.europesays.com\/lt\/269402\/","title":{"rendered":"ESO didina kompensacijas patyrusiems tiesiogini\u0173 nuostoli\u0173; Rusijos dronas Kyjive smog\u0117 SBU b\u016bstinei &#8211; vz.lt"},"content":{"rendered":"<ol>\n<li><a href=\"https:\/\/news.google.com\/rss\/articles\/CBMi8AFBVV95cUxOYTF1TUNTd3BNekJwdjlRbi1fZGs0SjlvWkI0UmJOb0lDRnN4SmVQUUloLUZTNHJ0OE43NVlhMHh0Uk9lMVRITFF6eFVaRHk4ZGZEeWFqWDI2SDR5MjlHZnhsTUVyQmp5ZGNvWjVVdV9FQ3RHTWhOVnJlZUpFQkpDNWUybzdmM3F2Z3A5bGoxaGxGLWl6SFhjZUJxQ2UycUFHTUxRYmhOSDNLWXQ5eUJKMUlzWFNiN0pocDY4ZnhyazBiVFU3Z19ZWXMxYjRDU3p2cVBpWU1nY0lFQjlacnBwVHdlcFNZSllaVFJLb0RlN2s?oc=5\" target=\"_blank\" rel=\"nofollow noopener\">ESO didina kompensacijas patyrusiems tiesiogini\u0173 nuostoli\u0173; Rusijos dronas Kyjive smog\u0117 SBU b\u016bstinei<\/a>&nbsp;&nbsp;vz.lt<\/li>\n<li><a href=\"https:\/\/news.google.com\/rss\/articles\/CBMi3gFBVV95cUxQdEV0X29ZcGNLb0U0Z2lWOEVTZmxHaFBudkV6bTRCY2ZQNDVZcW9vbVJRejZiaW1vcEtIQ1lpTEV5Y3JDVEc4QllqV2ZvX3ZIZ3BUVXpjVDBKNEZqZ3FGNFVpdXh1SnBlV3dtRWdfeHZyM29aQWtZcXRaaDVEWkFoQVdtaDNkaEdpZ2JfWnhGSF9UeWRheVB6X0dfcEtIckdkZG92Z1lKV1dUbkkxa2pmaGJaalRlanducFVZUndRMVE1THg2WUo3MkZWa0ZVdHFDOWw0UURjdWItUHJPc1E?oc=5\" target=\"_blank\" rel=\"nofollow noopener\">Latvijos \u201eairBaltic\u201c pasiek\u0117 susitarim\u0105 d\u0117l tarpinio finansavimo iki 257 mln. eur\u0173 s\u0105lyg\u0173<\/a>&nbsp;&nbsp;15min.lt<\/li>\n<li><a href=\"https:\/\/news.google.com\/rss\/articles\/CBMiywFBVV95cUxNbWZYOE1HQ3VvNTNCMi0yZUU4enRzYWdfbjFYS1hXNWxRMUxtYnFPQTdEWE8xRGVNcnBzeHFabWRya0pDU0lsV1dtaTVXbXB1Z1l1d0plMEhtRzUtcWdubUlhLVJfbFR0aEgwczBsQXNhYmdUYUNNSnVWOVNvbHk4bUxVWENISk9hV1RnU0pIRGx6YzNiNjlCQXNwQVFZMkdIMzI5OEFEdEpyamMtS0pET3FEZ3dlNV80ajB1SjhNV2x6OU1wMjFnZVk5QQ?oc=5\" target=\"_blank\" rel=\"nofollow noopener\">Bendrov\u0117s \u201eairBaltic\u201c gelb\u0117jimo planas: 257 mln. eur\u0173 skola ir ma\u017einamas orlaivi\u0173 parkas<\/a>&nbsp;&nbsp;Etaplius<\/li>\n<li><a href=\"https:\/\/news.google.com\/rss\/articles\/CBMi1AFBVV95cUxQR2h5ZF9obUE1SlNUNXc3QktvSlJuUGNhVkJGNjU4blZ0RmFrOVBGWm45eW5FR2U2MVNiUFBYYVo4djVhVUE4S1VpSzEtN2lTRnh3XzVUUWZNazAwQndfWkRRREd2UFdQQi1YR25QVW9adjFWOTFSNFZCRFpUekJSRkx5UkNsZ1BucjduYWVPbktxdm9UM0ZsU0dYR0VSNU43VnZYZFRhMEhNQXE4NlJPWG11SnRTcTNtLXJaTlB1X1ZXellNOFgwUUoxWUdPVUpReThOSQ?oc=5\" target=\"_blank\" rel=\"nofollow noopener\">\u201eAir Baltic\u201c pasiek\u0117 susitarim\u0105 d\u0117l tarpinio finansavimo iki 257 mln. Eur s\u0105lyg\u0173<\/a>&nbsp;&nbsp;vz.lt<\/li>\n<li><a href=\"https:\/\/news.google.com\/rss\/articles\/CBMi3AFBVV95cUxPYjZ2ejBudGE5b1dkS0l4Njc3YTRPb3I5VDVMZEVsaEpaeVhqNUN1MXprazRLalotODdVRE5BZmVqZjNGNG9RazRlNThseWJ3UUVnWmlkYTc5UEp5UGQxd1F4cDRtTGo0ZFdUR1E5OWRDYmdrdDFVSmFxdkctd3VUb2NBN2RYSXdxSUpYNHdsWEFzZU1Sd2RsV19vam50N2c3THFSdTdFT1BaXzhDUi1hdGNGN191d1A3cE5ONU5jUTZ4YWZjWnduSW0wa2RuenBWdmFjU3lXZUJxUTRi?oc=5\" target=\"_blank\" rel=\"nofollow noopener\">\u201eairBaltic\u201c susitar\u0117 d\u0117l 257 mln. eur\u0173 finansavimo: turi ir nauj\u0105 verslo plan\u0105<\/a>&nbsp;&nbsp;Lrytas<\/li>\n<\/ol>\n","protected":false},"excerpt":{"rendered":"ESO didina kompensacijas patyrusiems tiesiogini\u0173 nuostoli\u0173; Rusijos dronas Kyjive smog\u0117 SBU b\u016bstinei&nbsp;&nbsp;vz.lt Latvijos \u201eairBaltic\u201c pasiek\u0117 susitarim\u0105 d\u0117l tarpinio&hellip;\n","protected":false},"author":2,"featured_media":269403,"comment_status":"","ping_status":"","sticky":false,"template":"","format":"standard","meta":{"footnotes":"","_share_on_mastodon":"0"},"categories":[6],"tags":[25,30,31,34,35,24,32,33,37,39,36,38,40,23,22,28,29,26,27],"class_list":["post-269402","post","type-post","status-publish","format-standard","has-post-thumbnail","category-antrastes","tag-antrastes","tag-breaking-news","tag-breakingnews","tag-featured-news","tag-featurednews","tag-headlines","tag-latest-news","tag-latestnews","tag-lietuva","tag-lietuviu","tag-lithuania","tag-lithuanian","tag-lt","tag-naujienos","tag-news","tag-populiariausios-naujienos","tag-populiariausiosnaujienos","tag-top-stories","tag-topstories"],"share_on_mastodon":{"url":"https:\/\/pubeurope.com\/@lt\/117214547917380013","error":""},"_links":{"self":[{"href":"https:\/\/www.europesays.com\/lt\/wp-json\/wp\/v2\/posts\/269402","targetHints":{"allow":["GET"]}}],"collection":[{"href":"https:\/\/www.europesays.com\/lt\/wp-json\/wp\/v2\/posts"}],"about":[{"href":"https:\/\/www.europesays.com\/lt\/wp-json\/wp\/v2\/types\/post"}],"author":[{"embeddable":true,"href":"https:\/\/www.europesays.com\/lt\/wp-json\/wp\/v2\/users\/2"}],"replies":[{"embeddable":true,"href":"https:\/\/www.europesays.com\/lt\/wp-json\/wp\/v2\/comments?post=269402"}],"version-history":[{"count":0,"href":"https:\/\/www.europesays.com\/lt\/wp-json\/wp\/v2\/posts\/269402\/revisions"}],"wp:featuredmedia":[{"embeddable":true,"href":"https:\/\/www.europesays.com\/lt\/wp-json\/wp\/v2\/media\/269403"}],"wp:attachment":[{"href":"https:\/\/www.europesays.com\/lt\/wp-json\/wp\/v2\/media?parent=269402"}],"wp:term":[{"taxonomy":"category","embeddable":true,"href":"https:\/\/www.europesays.com\/lt\/wp-json\/wp\/v2\/categories?post=269402"},{"taxonomy":"post_tag","embeddable":true,"href":"https:\/\/www.europesays.com\/lt\/wp-json\/wp\/v2\/tags?post=269402"}],"curies":[{"name":"wp","href":"https:\/\/api.w.org\/{rel}","templated":true}]}}