{"id":269404,"date":"2026-09-04T20:09:18","date_gmt":"2026-09-04T20:09:18","guid":{"rendered":"https:\/\/www.europesays.com\/lt\/269404\/"},"modified":"2026-09-04T20:09:18","modified_gmt":"2026-09-04T20:09:18","slug":"fenomenalus-hardingas-asmeniniu-sou-iveike-dubai-ekipa-naujienos","status":"publish","type":"post","link":"https:\/\/www.europesays.com\/lt\/269404\/","title":{"rendered":"Fenomenalus Hardingas asmeniniu \u0161ou \u012fveik\u0117 \u201eDubai\u201c ekip\u0105 \/ Naujienos"},"content":{"rendered":"<p>Hardingas ma\u010de su \u201eDubai\u201c suvert\u0117 36 ta\u0161kus ir atved\u0117 \u201eTurk Telekom\u201c komand\u0105 \u012f pergal\u0119 \u2013 72:67.\u00a0<\/p>\n<p>Buv\u0119s Vilniaus \u201eRyto\u201c legionierius <a href=\"https:\/\/www.basketnews.lt\/zaidejai\/24732-jerrick-harding.html\" rel=\"nofollow noopener\" target=\"_blank\">Jerrickas Hardingas<\/a> kontroliniame ma\u010de \u201eGloria Cup\u201c turnyre sureng\u0117 \u012fsp\u016bding\u0105 \u0161ou prie\u0161 Eurolygos klub\u0105. Amerikietis atved\u0117 nauj\u0105j\u0105 savo ekip\u0105 Ankaros \u201e<a href=\"https:\/\/www.basketnews.lt\/komandos\/22-turk-telekom.html\" rel=\"nofollow noopener\" target=\"_blank\">Turk Telekom<\/a>\u201c \u012f pergal\u0119 prie\u0161 \u201e<a href=\"https:\/\/www.basketnews.lt\/komandos\/3398-dubai.html\" rel=\"nofollow noopener\" target=\"_blank\">Dubai<\/a>\u201c \u2013 72:67 (18:16, 11:21, 20:14, 23:16).\u00a0<\/p>\n<p>Gyn\u0117jas per 29,5 minut\u0117s suvert\u0117 lygiai pus\u0117 savo komandos ta\u0161k\u0173 \u2013 36 (8\/9 dvit., 4\/8 trit., 8\/10). 28-eri\u0173 krep\u0161ininkas taip pat atkovojo ir per\u0117m\u0117 po 2 kamuolius, atliko 1 rezultatyv\u0173 perdavim\u0105, 3 kartus suklydo bei \u012fsira\u0161\u0117 31 naudingumo bal\u0105.\u00a0<\/p>\n<p>Europos taur\u0117s klube joks kitas \u017eaid\u0117jas nepasiek\u0117 dvi\u017eenklio rezultatyvumo.\u00a0<\/p>\n<p>Tuo metu Xavi Pascualio kariaunoje rezultatyvumu i\u0161siskyr\u0117 <a href=\"https:\/\/www.basketnews.lt\/zaidejai\/35041-filip-petrusev.html\" rel=\"nofollow noopener\" target=\"_blank\">Filipas Petru\u0161evas<\/a>, peln\u0119s 21 ta\u0161k\u0105 (9\/10 dvit., 3\/3 baud.). Serbo s\u0105skaitoje per 25,5 minut\u0117s taip pat buvo 6 sugriebti ir 2 perimti kamuoliai, 1 klaida bei 27 efektyvumo balai.\u00a0<\/p>\n<p><a href=\"https:\/\/www.basketnews.lt\/zaidejai\/21574-dwayne-bacon.html\" rel=\"nofollow noopener\" target=\"_blank\">Dwayne&#8217;as Baconas<\/a> pralaim\u0117jusiems prid\u0117jo 11 ta\u0161k\u0173, <a href=\"https:\/\/www.basketnews.lt\/zaidejai\/35443-mckinley-wright.html\" rel=\"nofollow noopener\" target=\"_blank\">McKinley Wrightas<\/a> \u2013 8, <a href=\"https:\/\/www.basketnews.lt\/zaidejai\/8385-tornike-shengelia.html\" rel=\"nofollow noopener\" target=\"_blank\">Tornik\u0117 \u0160engelija<\/a> ir <a href=\"https:\/\/www.basketnews.lt\/zaidejai\/37885-davion-mintz.html\" rel=\"nofollow noopener\" target=\"_blank\">Davionas Mintzas<\/a> \u2013 po 7.\u00a0<\/p>\n<p>Dubajaus ekipa rugs\u0117jo 24 d. namuose prie\u0161 Madrido \u201eReal\u201c prad\u0117s Eurolygos sezon\u0105, o Ankaros klubas rugs\u0117jo 30 d. startuos Europos taur\u0117je, kuomet sve\u010diuose kovos su Tenerif\u0117s \u201eLa Laguna\u201c.\u00a0<\/p>\n<p>Turkijos komanda B grup\u0117je dukart sutiks \u201e\u0160iauli\u0173\u201c ekip\u0105 \u2013 spalio 20 d. namuose, gruod\u017eio 23 d. \u2013 Lietuvoje.\u00a0<\/p>\n<p> Ar Rimui Kurtinai\u010diui tr\u016bksta pagarbos d\u0117l praeities nuopeln\u0173?   <\/p>\n<p>                                                    <a href=\"https:\/\/www.basketnews.lt\/plius?utm_source=basketnews_lt&amp;utm_medium=bn_plus&amp;utm_id=&amp;utm_campaign=banners_free_content_for_not_members_bottom_4\" class=\"banners_paid_content_info_block_white banners-paid-content-info-block-white\" data-google-interstitial=\"false\" rel=\"nofollow noopener\" target=\"_blank\"><\/p>\n<p>                                                <img decoding=\"async\" class=\"bn-plus-img img-fluid\" src=\"https:\/\/www.europesays.com\/lt\/wp-content\/uploads\/2026\/09\/1788552558_203_bn-plus.png\" alt=\"\"\/><\/p>\n<p>                                            Paremkite BasketNews ir mes atsid\u0117kosime dar geresniu turiniu.<\/p>\n<p>                                                            <\/a><\/p>\n","protected":false},"excerpt":{"rendered":"Hardingas ma\u010de su \u201eDubai\u201c suvert\u0117 36 ta\u0161kus ir atved\u0117 \u201eTurk Telekom\u201c komand\u0105 \u012f pergal\u0119 \u2013 72:67.\u00a0 Buv\u0119s Vilniaus&hellip;\n","protected":false},"author":2,"featured_media":269405,"comment_status":"","ping_status":"","sticky":false,"template":"","format":"standard","meta":{"footnotes":"","_share_on_mastodon":"0"},"categories":[6],"tags":[25,30,31,34,35,24,32,33,37,39,36,38,40,23,22,28,29,26,27],"class_list":["post-269404","post","type-post","status-publish","format-standard","has-post-thumbnail","category-antrastes","tag-antrastes","tag-breaking-news","tag-breakingnews","tag-featured-news","tag-featurednews","tag-headlines","tag-latest-news","tag-latestnews","tag-lietuva","tag-lietuviu","tag-lithuania","tag-lithuanian","tag-lt","tag-naujienos","tag-news","tag-populiariausios-naujienos","tag-populiariausiosnaujienos","tag-top-stories","tag-topstories"],"share_on_mastodon":{"url":"https:\/\/pubeurope.com\/@lt\/117214587964857219","error":""},"_links":{"self":[{"href":"https:\/\/www.europesays.com\/lt\/wp-json\/wp\/v2\/posts\/269404","targetHints":{"allow":["GET"]}}],"collection":[{"href":"https:\/\/www.europesays.com\/lt\/wp-json\/wp\/v2\/posts"}],"about":[{"href":"https:\/\/www.europesays.com\/lt\/wp-json\/wp\/v2\/types\/post"}],"author":[{"embeddable":true,"href":"https:\/\/www.europesays.com\/lt\/wp-json\/wp\/v2\/users\/2"}],"replies":[{"embeddable":true,"href":"https:\/\/www.europesays.com\/lt\/wp-json\/wp\/v2\/comments?post=269404"}],"version-history":[{"count":0,"href":"https:\/\/www.europesays.com\/lt\/wp-json\/wp\/v2\/posts\/269404\/revisions"}],"wp:featuredmedia":[{"embeddable":true,"href":"https:\/\/www.europesays.com\/lt\/wp-json\/wp\/v2\/media\/269405"}],"wp:attachment":[{"href":"https:\/\/www.europesays.com\/lt\/wp-json\/wp\/v2\/media?parent=269404"}],"wp:term":[{"taxonomy":"category","embeddable":true,"href":"https:\/\/www.europesays.com\/lt\/wp-json\/wp\/v2\/categories?post=269404"},{"taxonomy":"post_tag","embeddable":true,"href":"https:\/\/www.europesays.com\/lt\/wp-json\/wp\/v2\/tags?post=269404"}],"curies":[{"name":"wp","href":"https:\/\/api.w.org\/{rel}","templated":true}]}}