{"id":269408,"date":"2026-09-04T20:18:13","date_gmt":"2026-09-04T20:18:13","guid":{"rendered":"https:\/\/www.europesays.com\/lt\/269408\/"},"modified":"2026-09-04T20:18:13","modified_gmt":"2026-09-04T20:18:13","slug":"eurolyga-dave-atsaka-del-supertaures-likimo-naujienos","status":"publish","type":"post","link":"https:\/\/www.europesays.com\/lt\/269408\/","title":{"rendered":"Eurolyga dav\u0117 atsak\u0105 d\u0117l Supertaur\u0117s likimo \/ Naujienos"},"content":{"rendered":"<p>Pasirod\u017eius prane\u0161imams apie galim\u0105 turnyro at\u0161aukim\u0105 d\u0117l neramum\u0173 Artimuosiuose Rytuose, Eurolyga i\u0161sklaid\u0117 dvejones. Organizacija oficialiai paskelb\u0117, jog rugs\u0117jo 18-19 dienomis Abu Dabyje suplanuotos Supertaur\u0117s var\u017eybos \u012fvyks. Turnyro perk\u0117limas \u012f kit\u0105 viet\u0105 n\u0117ra svarstomas.<\/p>\n<p>Eurolyga pateik\u0117 naujausi\u0105 informacij\u0105 apie art\u0117jan\u010di\u0105 Supertaur\u0119 Abu Dabyje, pasirod\u017eius prane\u0161imams apie galim\u0105 renginio at\u0161aukim\u0105. Penktadien\u012f skelbta, kad Supertaur\u0117s turnyro likimas dar neai\u0161kus.<\/p>\n<p>Ta\u010diau lyga i\u0161platino parei\u0161kim\u0105, patvirtinant\u012f, kad Supertaur\u0117s turnyras vyks kaip suplanuota \u2013 renginys numatytas rugs\u0117jo 18 ir 19 dienomis Abu Dabyje.<\/p>\n<p> Oficialus Eurolygos parei\u0161kimas: <\/p>\n<p>\u201eReaguodama \u012f pastaruoju metu keliose Europos \u017einiasklaidos priemon\u0117se pasirod\u017eiusius straipsnius, Eurolyga nor\u0117t\u0173 patikslinti, kad 2026 m. Eurolygos Supertaur\u0117s turnyras Abu Dabyje, suplanuotas rugs\u0117jo 18 ir 19 dienomis, vyks pagal plan\u0105.<\/p>\n<p>\u201eEuroleague Basketball\u201c ir toliau yra \u012fsipareigojusi \u0161iomis naujomis var\u017eybomis pristatyti tai, kas geriausia Europos krep\u0161inyje, bei suteikti i\u0161skirtin\u0119 patirt\u012f komandoms, \u017eaid\u0117jams ir sirgaliams.\u201c<\/p>\n<p> <img decoding=\"async\" src=\"https:\/\/www.europesays.com\/lt\/wp-content\/uploads\/2026\/09\/1788553092_349_image-448941-any780x600.jpg\" alt=\"\" border=\"0\"\/><\/p>\n<p>Nuotr. Euroleague Basketball<\/p>\n<p>Harrisas Stavrou i\u0161 \u201eSport24\u201c anks\u010diau pa\u017eym\u0117jo, kad bent dvi i\u0161 dalyvaujan\u010di\u0173 komand\u0173 nuog\u0105stauja d\u0117l saugumo Artim\u0173j\u0173 Ryt\u0173 regione vykstant konfliktui.<\/p>\n<p>\u201eTikrai yra dvi komandos, turin\u010dios dvejoni\u0173. Dubajaus klubas, kuris jau prad\u0117jo pasirengim\u0105 sezonui, ten nesitreniruoja. Vietoje to jie i\u0161vyko \u012f Turkij\u0105, \u2013 pasteb\u0117jo Stavrou. \u2013 Taigi, \u0161i situacija n\u0117ra visi\u0161kai ai\u0161ki.\u201c<\/p>\n<p>Stavrou taip pat patvirtino, kad turnyro perk\u0117limas n\u0117ra svarstomas.<\/p>\n<p>\u201eSupertaur\u0117 nebus perkelta kitur. Jei \u012fvyks koki\u0173 nors poky\u010di\u0173, renginys bus tiesiog at\u0161auktas\u201c, \u2013 sak\u0117 jis.<\/p>\n<p> Ar Rimui Kurtinai\u010diui tr\u016bksta pagarbos d\u0117l praeities nuopeln\u0173?   <\/p>\n<p>                                                    <a href=\"https:\/\/www.basketnews.lt\/plius?utm_source=basketnews_lt&amp;utm_medium=bn_plus&amp;utm_id=&amp;utm_campaign=banners_free_content_for_not_members_bottom_7\" class=\"banners_paid_content_info_block_white banners-paid-content-info-block-white\" data-google-interstitial=\"false\" rel=\"nofollow noopener\" target=\"_blank\"><\/p>\n<p>                                                <img decoding=\"async\" class=\"bn-plus-img img-fluid\" src=\"https:\/\/www.europesays.com\/lt\/wp-content\/uploads\/2026\/09\/1788553093_464_bn-plus.png\" alt=\"\"\/><\/p>\n<p>                                            A\u010di\u016b, kad mus skaitote! Pad\u0117kite mums dar labiau.<\/p>\n<p>                                                            <\/a><\/p>\n","protected":false},"excerpt":{"rendered":"Pasirod\u017eius prane\u0161imams apie galim\u0105 turnyro at\u0161aukim\u0105 d\u0117l neramum\u0173 Artimuosiuose Rytuose, Eurolyga i\u0161sklaid\u0117 dvejones. Organizacija oficialiai paskelb\u0117, jog rugs\u0117jo&hellip;\n","protected":false},"author":2,"featured_media":269409,"comment_status":"","ping_status":"","sticky":false,"template":"","format":"standard","meta":{"footnotes":"","_share_on_mastodon":"0"},"categories":[6],"tags":[25,30,31,34,35,24,32,33,37,39,36,38,40,23,22,28,29,26,27],"class_list":["post-269408","post","type-post","status-publish","format-standard","has-post-thumbnail","category-antrastes","tag-antrastes","tag-breaking-news","tag-breakingnews","tag-featured-news","tag-featurednews","tag-headlines","tag-latest-news","tag-latestnews","tag-lietuva","tag-lietuviu","tag-lithuania","tag-lithuanian","tag-lt","tag-naujienos","tag-news","tag-populiariausios-naujienos","tag-populiariausiosnaujienos","tag-top-stories","tag-topstories"],"share_on_mastodon":{"url":"https:\/\/pubeurope.com\/@lt\/117214623031263844","error":""},"_links":{"self":[{"href":"https:\/\/www.europesays.com\/lt\/wp-json\/wp\/v2\/posts\/269408","targetHints":{"allow":["GET"]}}],"collection":[{"href":"https:\/\/www.europesays.com\/lt\/wp-json\/wp\/v2\/posts"}],"about":[{"href":"https:\/\/www.europesays.com\/lt\/wp-json\/wp\/v2\/types\/post"}],"author":[{"embeddable":true,"href":"https:\/\/www.europesays.com\/lt\/wp-json\/wp\/v2\/users\/2"}],"replies":[{"embeddable":true,"href":"https:\/\/www.europesays.com\/lt\/wp-json\/wp\/v2\/comments?post=269408"}],"version-history":[{"count":0,"href":"https:\/\/www.europesays.com\/lt\/wp-json\/wp\/v2\/posts\/269408\/revisions"}],"wp:featuredmedia":[{"embeddable":true,"href":"https:\/\/www.europesays.com\/lt\/wp-json\/wp\/v2\/media\/269409"}],"wp:attachment":[{"href":"https:\/\/www.europesays.com\/lt\/wp-json\/wp\/v2\/media?parent=269408"}],"wp:term":[{"taxonomy":"category","embeddable":true,"href":"https:\/\/www.europesays.com\/lt\/wp-json\/wp\/v2\/categories?post=269408"},{"taxonomy":"post_tag","embeddable":true,"href":"https:\/\/www.europesays.com\/lt\/wp-json\/wp\/v2\/tags?post=269408"}],"curies":[{"name":"wp","href":"https:\/\/api.w.org\/{rel}","templated":true}]}}