{"id":269410,"date":"2026-09-04T20:23:33","date_gmt":"2026-09-04T20:23:33","guid":{"rendered":"https:\/\/www.europesays.com\/lt\/269410\/"},"modified":"2026-09-04T20:23:33","modified_gmt":"2026-09-04T20:23:33","slug":"jav-izdo-departamentas-del-itariamu-rysiu-su-iranu-ivede-sankcijas-turkijos-bankui-golden-global","status":"publish","type":"post","link":"https:\/\/www.europesays.com\/lt\/269410\/","title":{"rendered":"JAV i\u017edo departamentas d\u0117l \u012ftariam\u0173 ry\u0161i\u0173 su Iranu \u012fved\u0117 sankcijas Turkijos bankui \u201eGolden Global\u201c"},"content":{"rendered":"<p>Naujausios priemon\u0117s nukreiptos prie\u0161 \u201eGolden Global Bank\u201c ir jo patronuojam\u0105sias \u012fmones, kurios, kaip teigia JAV i\u017edas, \u201epad\u0117jo\u201c IRGC \u201e\u012fvykdyti operacijas, kuri\u0173 vert\u0117 siek\u0117 de\u0161imtis milijon\u0173 JAV doleri\u0173\u201c.<\/p>\n<p>Be to, \u0161ios \u012fmon\u0117s, kaip teigiama, suteik\u0117 Teheranui \u201esvarbi\u0105 prieig\u0105 prie korespondentin\u0117s bankininkyst\u0117s paslaug\u0173, leid\u017eian\u010di\u0105 jam perkelti savo l\u0117\u0161as tarptautiniu mastu\u201c.<\/p>\n<p>\u0160is \u017eingsnis \u017eengtas po to, kai Va\u0161ingtonas pra\u0117jusi\u0105 savait\u0119 \u0117m\u0117si veiksm\u0173, siekdamas atkirsti vieno didelio Egipto banko operacijas Jungtiniuose Arab\u0173 Emyratuose (JAE) nuo JAV finans\u0173 sistemos.<\/p>\n<p>\u201eFinans\u0173 \u012fstaigos ir toliau savo kailiu patiria, kad mes esame rimtai nusiteik\u0119 d\u0117l operacijos \u201eEkonominis atstumtasis\u201c, \u2013 parei\u0161kime pabr\u0117\u017e\u0117 JAV i\u017edo sekretorius Scottas Bessentas (Skotas Besentas).<\/p>\n<p>\u201eNors mes tikim\u0117s, kad sankcij\u0173 nebereik\u0117s taikyti jokiems kitiems bankams, tai galiausiai priklauso nuo to, kaip greitai tarptautin\u0117 bendruomen\u0117 atsitok\u0117s ir nustos remti \u017eudiki\u0161k\u0105 Irano re\u017eim\u0105\u201c, \u2013 prid\u016br\u0117 jis.<\/p>\n<p>\u201eEkonomi\u0161kai u\u017edusinti\u201c Teheran\u0105 \u017eadantis S. Bessentas antradien\u012f sak\u0117, kad Va\u0161ingtonas grei\u010diausiai paskelbs sankcijas vienam bankui \u0161i\u0105 savait\u0119 ir dar vienam \u2013 kit\u0105 savait\u0119.<\/p>\n<p>Iranas kariauja nuo vasario pabaigos, kai Jungtin\u0117s Valstijos ir Izraelis prad\u0117jo netik\u0117t\u0105 bombardavimo kampanij\u0105, kurios metu \u017euvo Irano auk\u0161\u010diausiasis lyderis.<\/p>\n<p>S. Bessentas neseniai parei\u0161k\u0117, kad Jungtin\u0117s Valstijos skelbia \u201eekonomin\u0119 D dien\u0105\u201c Iranui, ir \u012fsp\u0117jo apie grie\u017etas pasekmes \u0161alims, kurios neprisijungs prie \u0161ios kampanijos.<\/p>\n","protected":false},"excerpt":{"rendered":"Naujausios priemon\u0117s nukreiptos prie\u0161 \u201eGolden Global Bank\u201c ir jo patronuojam\u0105sias \u012fmones, kurios, kaip teigia JAV i\u017edas, \u201epad\u0117jo\u201c IRGC&hellip;\n","protected":false},"author":2,"featured_media":269411,"comment_status":"","ping_status":"","sticky":false,"template":"","format":"standard","meta":{"footnotes":"","_share_on_mastodon":"0"},"categories":[15],"tags":[25,30,31,34,35,24,32,33,37,39,36,38,40,23,22,44,28,29,26,27,74,75,76],"class_list":["post-269410","post","type-post","status-publish","format-standard","has-post-thumbnail","category-pasaulis","tag-antrastes","tag-breaking-news","tag-breakingnews","tag-featured-news","tag-featurednews","tag-headlines","tag-latest-news","tag-latestnews","tag-lietuva","tag-lietuviu","tag-lithuania","tag-lithuanian","tag-lt","tag-naujienos","tag-news","tag-pasaulis","tag-populiariausios-naujienos","tag-populiariausiosnaujienos","tag-top-stories","tag-topstories","tag-world","tag-world-news","tag-worldnews"],"share_on_mastodon":{"url":"https:\/\/pubeurope.com\/@lt\/117214642328971453","error":""},"_links":{"self":[{"href":"https:\/\/www.europesays.com\/lt\/wp-json\/wp\/v2\/posts\/269410","targetHints":{"allow":["GET"]}}],"collection":[{"href":"https:\/\/www.europesays.com\/lt\/wp-json\/wp\/v2\/posts"}],"about":[{"href":"https:\/\/www.europesays.com\/lt\/wp-json\/wp\/v2\/types\/post"}],"author":[{"embeddable":true,"href":"https:\/\/www.europesays.com\/lt\/wp-json\/wp\/v2\/users\/2"}],"replies":[{"embeddable":true,"href":"https:\/\/www.europesays.com\/lt\/wp-json\/wp\/v2\/comments?post=269410"}],"version-history":[{"count":0,"href":"https:\/\/www.europesays.com\/lt\/wp-json\/wp\/v2\/posts\/269410\/revisions"}],"wp:featuredmedia":[{"embeddable":true,"href":"https:\/\/www.europesays.com\/lt\/wp-json\/wp\/v2\/media\/269411"}],"wp:attachment":[{"href":"https:\/\/www.europesays.com\/lt\/wp-json\/wp\/v2\/media?parent=269410"}],"wp:term":[{"taxonomy":"category","embeddable":true,"href":"https:\/\/www.europesays.com\/lt\/wp-json\/wp\/v2\/categories?post=269410"},{"taxonomy":"post_tag","embeddable":true,"href":"https:\/\/www.europesays.com\/lt\/wp-json\/wp\/v2\/tags?post=269410"}],"curies":[{"name":"wp","href":"https:\/\/api.w.org\/{rel}","templated":true}]}}