{"id":269412,"date":"2026-09-04T20:30:54","date_gmt":"2026-09-04T20:30:54","guid":{"rendered":"https:\/\/www.europesays.com\/lt\/269412\/"},"modified":"2026-09-04T20:30:54","modified_gmt":"2026-09-04T20:30:54","slug":"deimantines-lygos-finale-m-aleknai-aukso-neatnese-net-ispudingas-metimas","status":"publish","type":"post","link":"https:\/\/www.europesays.com\/lt\/269412\/","title":{"rendered":"Deimantin\u0117s lygos finale M. Aleknai aukso neatne\u0161\u0117 net \u012fsp\u016bdingas metimas"},"content":{"rendered":"<p>Finaliniame Deimantin\u0117s lygos etape var\u017e\u0117si tik 6 sportininkai \u2013 M. Alekna, slov\u0117nas Kristjanas \u010cehas, australas Matthew Denny, jamaikietis Roje Stona, \u0161vedas Danielis Stahlis ir vokietis Henrikas Janssenas. Visi sportininkai tur\u0117jo po 6 metimus.<\/p>\n<p>Pirmasis M. Aleknos metimas nebuvo itin s\u0117kmingas \u2013 23-ej\u0173 lietuvis disk\u0105 numet\u0117 tik 64.65 m. Antrasis diskas skriejo kur kas toliau \u2013 68.34 m ir leido M. Aleknai pakilti \u012f pirm\u0105j\u0105 viet\u0105.<\/p>\n<p>O tre\u010diuoju metimu M. Alekna gerino Deimantin\u0117s lygos final\u0173 rekord\u0105, disk\u0105 numesdamas net 70.14 m, bet j\u012f akimirksniu aplenk\u0117 K. \u010cehas, kuris disk\u0105 numet\u0117 net 71.29 m.<\/p>\n<p>Ketvirtuoju bandymu lietuvis disk\u0105 numet\u0117 tik 66.64 m ir liko antroje vietoje, o mesdamas disk\u0105 penkt\u0105j\u012f kart\u0105 M. Alekna suprat\u0119s, jog rezultatas nebus geras, i\u0161\u0117jo i\u0161 disko metimo sektoriaus ir metimas nebuvo \u012fskaitytas.<\/p>\n<p>Paskutinis M. Aleknos bandymas v\u0117l buvo nes\u0117kmingas ir lietuvis tur\u0117jo tenkintis antr\u0105ja vieta.<\/p>\n<p>Tre\u010dioje vietoje liko R. Stona, kuris geriausiu bandymu disk\u0105 numet\u0117 68.86 m. \u012edomu, jog visi trys prizines vietas i\u0161kovoj\u0119 sportininkai rugs\u0117jo 12 dien\u0105 susitiks var\u017eybose Vilniaus Vingio parke.<\/p>\n<p>Pastarosiose Deimantin\u0117s lygos var\u017eybose Cho\u017euve M. Alekna visus savo var\u017eovus paliko sau u\u017e nugaros, disk\u0105 numesdamas net 72.58 m. Kiek anks\u010diau lietuvis laim\u0117jo ir Deimantin\u0117s lygos etap\u0105 Jud\u017eine, kur disk\u0105 met\u0117 71.06 m.<\/p>\n<p>M. Aleknai tai buvo tre\u010diasis Deimantin\u0117s lygos finalas. 2024 metais lietuvis liko antras, o 2025 m. M. Alekna triumfavo.<\/p>\n","protected":false},"excerpt":{"rendered":"Finaliniame Deimantin\u0117s lygos etape var\u017e\u0117si tik 6 sportininkai \u2013 M. Alekna, slov\u0117nas Kristjanas \u010cehas, australas Matthew Denny, jamaikietis&hellip;\n","protected":false},"author":2,"featured_media":269413,"comment_status":"","ping_status":"","sticky":false,"template":"","format":"standard","meta":{"footnotes":"","_share_on_mastodon":"0"},"categories":[6],"tags":[25,30,31,34,35,24,32,33,37,39,36,38,40,23,22,28,29,26,27],"class_list":["post-269412","post","type-post","status-publish","format-standard","has-post-thumbnail","category-antrastes","tag-antrastes","tag-breaking-news","tag-breakingnews","tag-featured-news","tag-featurednews","tag-headlines","tag-latest-news","tag-latestnews","tag-lietuva","tag-lietuviu","tag-lithuania","tag-lithuanian","tag-lt","tag-naujienos","tag-news","tag-populiariausios-naujienos","tag-populiariausiosnaujienos","tag-top-stories","tag-topstories"],"share_on_mastodon":{"url":"https:\/\/pubeurope.com\/@lt\/117214674072020072","error":""},"_links":{"self":[{"href":"https:\/\/www.europesays.com\/lt\/wp-json\/wp\/v2\/posts\/269412","targetHints":{"allow":["GET"]}}],"collection":[{"href":"https:\/\/www.europesays.com\/lt\/wp-json\/wp\/v2\/posts"}],"about":[{"href":"https:\/\/www.europesays.com\/lt\/wp-json\/wp\/v2\/types\/post"}],"author":[{"embeddable":true,"href":"https:\/\/www.europesays.com\/lt\/wp-json\/wp\/v2\/users\/2"}],"replies":[{"embeddable":true,"href":"https:\/\/www.europesays.com\/lt\/wp-json\/wp\/v2\/comments?post=269412"}],"version-history":[{"count":0,"href":"https:\/\/www.europesays.com\/lt\/wp-json\/wp\/v2\/posts\/269412\/revisions"}],"wp:featuredmedia":[{"embeddable":true,"href":"https:\/\/www.europesays.com\/lt\/wp-json\/wp\/v2\/media\/269413"}],"wp:attachment":[{"href":"https:\/\/www.europesays.com\/lt\/wp-json\/wp\/v2\/media?parent=269412"}],"wp:term":[{"taxonomy":"category","embeddable":true,"href":"https:\/\/www.europesays.com\/lt\/wp-json\/wp\/v2\/categories?post=269412"},{"taxonomy":"post_tag","embeddable":true,"href":"https:\/\/www.europesays.com\/lt\/wp-json\/wp\/v2\/tags?post=269412"}],"curies":[{"name":"wp","href":"https:\/\/api.w.org\/{rel}","templated":true}]}}