{"id":269422,"date":"2026-09-04T20:57:52","date_gmt":"2026-09-04T20:57:52","guid":{"rendered":"https:\/\/www.europesays.com\/lt\/269422\/"},"modified":"2026-09-04T20:57:52","modified_gmt":"2026-09-04T20:57:52","slug":"kurtinaitis-pakomentavo-atsistatydinima-ir-soka-sukelusi-skambuti-nebeliko-iseities","status":"publish","type":"post","link":"https:\/\/www.europesays.com\/lt\/269422\/","title":{"rendered":"Kurtinaitis pakomentavo atsistatydinim\u0105 ir \u0161ok\u0105 suk\u0117lus\u012f skambut\u012f: \u201eNebeliko i\u0161eities\u201c"},"content":{"rendered":"<p class=\"wp-block-paragraph\">Lietuvos vyr\u0173 krep\u0161inio rinktin\u0117s vyriausiasis treneris Rimas Kurtinaitis apsilank\u0117 \u201eKauno dienos\u201c studijoje, kur atvirai atsak\u0117 \u012f pastaraisiais m\u0117nesiais krep\u0161inio bendruomen\u0119 kaitinusius klausimus.<\/p>\n<p class=\"wp-block-paragraph\">Strategas dar kart\u0105 patvirtino, kad prie\u0161 rugpj\u016b\u010dio atrankos lang\u0105 buvo \u012fteik\u0119s atsistatydinimo parei\u0161kim\u0105, ta\u010diau asociacijai neradus kito varianto, sutiko v\u0117l stoti prie nacionalin\u0117s komandos vairo.<\/p>\n<p class=\"wp-block-paragraph\">\u201eTaip, a\u0161 niekada nesim\u0117tau \u017eod\u017eiais. Sau gyvenime turb\u016bt rei\u0161kiu daugiau priekai\u0161t\u0173 negu visi kartu pa\u0117mus. Tas rezultatas nebuvo visi\u0161kai blogas \u2013 tur\u0117jome tris pergales ir tris pralaim\u0117jimus, kas leido toliau kovoti d\u0117l patekimo \u012f pasaulio \u010dempionat\u0105. Bet asmeni\u0161kai sau pasakiau, kad rezultatas ne toks, kokio a\u0161 noriu.<\/p>\n<p class=\"wp-block-paragraph\">Nu\u0117jau \u012f federacij\u0105 ir pasakiau, kad, mano nuomone, tai n\u0117ra gerai. I\u0161einu tod\u0117l, kad po man\u0119s at\u0117j\u0119s treneris dar gal\u0117t\u0173 t\u0119sti kov\u0105 \u2013 ji nebuvo baigta. Da\u017enai b\u016bna, kad at\u0117j\u0119s naujas specialistas duoda komandai nauj\u0105 impuls\u0105. Federacija tai pri\u0117m\u0117 kaip mano \u017eini\u0105, ir a\u0161 tiesiog leidau laik\u0105 namuose.\u201c<\/p>\n<p class=\"wp-block-paragraph\">Treneris pripa\u017eino, kad po de\u0161imties dien\u0173 sulauktas federacijos skambutis ir parei\u0161kimas, kad kandidat\u0173 perimti rinktin\u0117s vair\u0105 neatsirado, jam suk\u0117l\u0117 \u0161ok\u0105.<\/p>\n<p class=\"wp-block-paragraph\">\u201eApsispr\u0119sti i\u0161eiti yra sunku, bet apsispr\u0119sti sugr\u012f\u017eti \u2013 dar sunkiau, nes tu su ta situacija jau susitaikai. Ne\u017einau, kam federacija si\u016bl\u0117 \u0161\u012f post\u0105, bet visi treneriai, kurie jo verti, turb\u016bt turi klubus, yra u\u017eimti. Klubai j\u0173 nei\u0161leido, nes lietuvi\u0161kos komandos ruo\u0161iasi Europos turnyrams, investuoja pinigus, visk\u0105 suprantu.<\/p>\n<p class=\"wp-block-paragraph\">Man buvo gan netik\u0117ta, kai po koki\u0173 de\u0161imties dien\u0173 man paskambino ir pasak\u0117, kad d\u0117l vis\u0173 treneri\u0173 u\u017eimtumo tinkamo \u017emogaus \u0161iuo metu nesurado. Man tai buvo lengvas \u0161okas, nes buvau su viskuo susitaik\u0119s.\u201c<\/p>\n<p class=\"wp-block-paragraph\">Kurtinaitis atskleid\u0117, koks esminis motyvas privert\u0117 j\u012f pakeisti nuomon\u0119 ir prisiimti atsakomyb\u0119 pastarajame atrankos etape.<\/p>\n<p class=\"wp-block-paragraph\">\u201ePapra\u0161iau poros dien\u0173, kad susid\u0117lio\u010diau savo jausmus. Pagalvojau vien\u0105 dalyk\u0105: gerai, jeigu a\u0161 dabar negr\u012f\u0161iu, tai k\u0105 \u2013 paliekame rinktin\u0119 vidury kelio likimo valiai? Nedalyvaujame toliau atrankoje ar kaip, jei n\u0117ra kit\u0173 laisv\u0173 treneri\u0173?<\/p>\n<p>Kai po dienos federacija ir treneri\u0173 taryba v\u0117l i\u0161rei\u0161k\u0117 pasitik\u0117jim\u0105, pasakiau \u2013 gerai, gr\u012f\u0161iu. Tiesiog nebeliko kitos i\u0161eities, reik\u0117jo daryti tai, k\u0105 privalai.\u201c<\/p>\n<p class=\"wp-block-paragraph\">Strategas taip pat atskleid\u0117, jog jam rinktin\u0117s trenerio post\u0105 prie\u0161 pra\u0117jusius \u201eLietuvos krep\u0161inis\u201c prezidento rinkimus si\u016bl\u0117 ir kiti kandidatai.<\/p>\n<p class=\"wp-block-paragraph\">\u201eTeisyb\u0117s d\u0117lei pasakysiu, kad tuo metu buvo trys kandidatai: Robertas Javtokas, Ram\u016bnas Butautas ir Mindaugas Bal\u010di\u016bnas. Bal\u010di\u016bnas pasi\u016bl\u0117 man tapti treneriu, jei laim\u0117t\u0173 rinkimus. Javtokas man irgi paskambino, jei laim\u0117t\u0173. Su Butautu taip pat netiesiogiai kalb\u0117jome, kad pasi\u016blyt\u0173, jei j\u012f i\u0161rinkt\u0173.<\/p>\n<p class=\"wp-block-paragraph\">Man rinktin\u0117s trenerio post\u0105 si\u016bl\u0117 visi trys, bet a\u0161 ne\u017eaid\u017eiau dvigub\u0173 ar trigub\u0173 \u017eaidim\u0173. Pasakiau tiesiai: Bal\u010di\u016bnas man pasi\u016bl\u0117 pirmas. Pasakiau, kad jeigu i\u0161rinks jus \u2013 tada gal\u0117sime kalb\u0117ti, ar dirbsiu. Ilgai galvojau, ar eiti \u012f \u0161\u012f post\u0105, nes tur\u0117jau klub\u0105, buvau u\u017eimtas, bet Bal\u010di\u016bnas laim\u0117jo rinkimus ir a\u0161 sutikau stoti prie rinktin\u0117s vairo.\u201c<\/p>\n","protected":false},"excerpt":{"rendered":"Lietuvos vyr\u0173 krep\u0161inio rinktin\u0117s vyriausiasis treneris Rimas Kurtinaitis apsilank\u0117 \u201eKauno dienos\u201c studijoje, kur atvirai atsak\u0117 \u012f pastaraisiais m\u0117nesiais&hellip;\n","protected":false},"author":2,"featured_media":269423,"comment_status":"","ping_status":"","sticky":false,"template":"","format":"standard","meta":{"footnotes":"","_share_on_mastodon":"0"},"categories":[6],"tags":[25,30,31,34,35,24,32,33,37,39,36,38,40,23,22,28,29,26,27],"class_list":["post-269422","post","type-post","status-publish","format-standard","has-post-thumbnail","category-antrastes","tag-antrastes","tag-breaking-news","tag-breakingnews","tag-featured-news","tag-featurednews","tag-headlines","tag-latest-news","tag-latestnews","tag-lietuva","tag-lietuviu","tag-lithuania","tag-lithuanian","tag-lt","tag-naujienos","tag-news","tag-populiariausios-naujienos","tag-populiariausiosnaujienos","tag-top-stories","tag-topstories"],"share_on_mastodon":{"url":"https:\/\/pubeurope.com\/@lt\/117214779996270063","error":""},"_links":{"self":[{"href":"https:\/\/www.europesays.com\/lt\/wp-json\/wp\/v2\/posts\/269422","targetHints":{"allow":["GET"]}}],"collection":[{"href":"https:\/\/www.europesays.com\/lt\/wp-json\/wp\/v2\/posts"}],"about":[{"href":"https:\/\/www.europesays.com\/lt\/wp-json\/wp\/v2\/types\/post"}],"author":[{"embeddable":true,"href":"https:\/\/www.europesays.com\/lt\/wp-json\/wp\/v2\/users\/2"}],"replies":[{"embeddable":true,"href":"https:\/\/www.europesays.com\/lt\/wp-json\/wp\/v2\/comments?post=269422"}],"version-history":[{"count":0,"href":"https:\/\/www.europesays.com\/lt\/wp-json\/wp\/v2\/posts\/269422\/revisions"}],"wp:featuredmedia":[{"embeddable":true,"href":"https:\/\/www.europesays.com\/lt\/wp-json\/wp\/v2\/media\/269423"}],"wp:attachment":[{"href":"https:\/\/www.europesays.com\/lt\/wp-json\/wp\/v2\/media?parent=269422"}],"wp:term":[{"taxonomy":"category","embeddable":true,"href":"https:\/\/www.europesays.com\/lt\/wp-json\/wp\/v2\/categories?post=269422"},{"taxonomy":"post_tag","embeddable":true,"href":"https:\/\/www.europesays.com\/lt\/wp-json\/wp\/v2\/tags?post=269422"}],"curies":[{"name":"wp","href":"https:\/\/api.w.org\/{rel}","templated":true}]}}