{"id":269434,"date":"2026-09-04T21:18:56","date_gmt":"2026-09-04T21:18:56","guid":{"rendered":"https:\/\/www.europesays.com\/lt\/269434\/"},"modified":"2026-09-04T21:18:56","modified_gmt":"2026-09-04T21:18:56","slug":"ryto-kapitonu-ir-toliau-bus-gudaitis-naujienos","status":"publish","type":"post","link":"https:\/\/www.europesays.com\/lt\/269434\/","title":{"rendered":"\u201eRyto\u201c kapitonu ir toliau bus Gudaitis \/ Naujienos"},"content":{"rendered":"<p>Art\u016bras Gudaitis ir toliau eis \u201eRyto\u201c kapitono pareigas.<\/p>\n<p>Pra\u0117jus\u012f sezon\u0105 FIBA \u010cempion\u0173 lygos trof\u0117j\u0173 \u012f vir\u0161\u0173 kilnoj\u0119s <a href=\"https:\/\/www.basketnews.lt\/zaidejai\/8321-arturas-gudaitis.html\" rel=\"nofollow noopener\" target=\"_blank\">Art\u016bras Gudaitis<\/a> ir toliau eis Vilniaus \u201e<a href=\"https:\/\/www.basketnews.lt\/komandos\/703-rytas.html\" rel=\"nofollow noopener\" target=\"_blank\">Ryto<\/a>\u201c kapitono pareigas, prane\u0161\u0117 sostin\u0117s klubas.\u00a0<\/p>\n<p>        <a class=\"article-widget__photo\" href=\"https:\/\/www.basketnews.lt\/zaidejai\/8321-arturas-gudaitis.html\" rel=\"nofollow noopener\" target=\"_blank\"><br \/>\n            <img decoding=\"async\" src=\"https:\/\/www.europesays.com\/lt\/wp-content\/uploads\/2026\/09\/paveikslelis-365128-plsm.jpg\" alt=\"Art\u016bras  Gudaitis\"\/><br \/>\n        <\/a><\/p>\n<p>\n                Pozicija<br \/>\n                C\n            <\/p>\n<p>\n                Am\u017eius<br \/>\n                33\n            <\/p>\n<p>\n                \u016agis<br \/>\n                211 cm\n            <\/p>\n<p>\n                Svoris<br \/>\n                125 kg\n            <\/p>\n<p>\n                Gimimo vieta<br \/>\n                Klaip\u0117da, Lietuva\n            <\/p>\n<p>Nors tarpsezoniu \u012f ekip\u0105 sugr\u012f\u017eo buv\u0119s vilnie\u010di\u0173 kapitonas <a href=\"https:\/\/www.basketnews.lt\/zaidejai\/8704-gytis-radzevicius.html\" rel=\"nofollow noopener\" target=\"_blank\">Gytis Radzevi\u010dius<\/a>, \u0161ios pareigos ir toliau buvo patik\u0117tos Gudai\u010diui.\u00a0<\/p>\n<p>\u0160iuo tarpsezoniu Gudaitis tur\u0117jo sutartyje numatyt\u0105 galimyb\u0119 i\u0161vykti \u012f u\u017esienio klub\u0105, bet liko Vilniuje ir pasira\u0161\u0117 nauj\u0105 sutart\u012f, pagal kuri\u0105 sostin\u0117s komandos mar\u0161kin\u0117lius vilk\u0117s iki 2027-2028 m. sezono pabaigos. Kontrakte lieka galimyb\u0117 i\u0161vykti \u012f u\u017esien\u012f po 2026-2027 m. sezono.\u00a0<\/p>\n<p>Pra\u0117jus\u012f sezon\u0105 Gudaitis \u010cempion\u0173 lygoje vidutini\u0161kai rinko po 9,9 ta\u0161ko (50,5 proc. dvit.), 6,6 atkovoto kamuolio (2,3 puolime), 0,9 rezultatyvaus perdavimo ir 1,6 blokuoto metimo.<\/p>\n<p>LKL jo vidurkiai siek\u0117 12,5 ta\u0161ko (64,7 proc. dvit.), 7,3 atkovoto kamuolio (3 puolime), 1 rezultatyv\u0173 perdavim\u0105 ir 1 blokuot\u0105 metim\u0105.<\/p>\n<p>Klaip\u0117dietis su pertraukomis Vilniuje \u017eais jau penkt\u0105j\u012f sezon\u0105.<\/p>\n<p> Ar Rimui Kurtinai\u010diui tr\u016bksta pagarbos d\u0117l praeities nuopeln\u0173?   <\/p>\n<p>                                                    <a href=\"https:\/\/www.basketnews.lt\/plius?utm_source=basketnews_lt&amp;utm_medium=bn_plus&amp;utm_id=&amp;utm_campaign=banners_free_content_for_not_members_bottom_4\" class=\"banners_paid_content_info_block_white banners-paid-content-info-block-white\" data-google-interstitial=\"false\" rel=\"nofollow noopener\" target=\"_blank\"><\/p>\n<p>                                                <img decoding=\"async\" class=\"bn-plus-img img-fluid\" src=\"https:\/\/www.europesays.com\/lt\/wp-content\/uploads\/2026\/09\/1788556736_367_bn-plus.png\" alt=\"\"\/><\/p>\n<p>                                            Paremkite BasketNews ir mes atsid\u0117kosime dar geresniu turiniu.<\/p>\n<p>                                                            <\/a><\/p>\n","protected":false},"excerpt":{"rendered":"Art\u016bras Gudaitis ir toliau eis \u201eRyto\u201c kapitono pareigas. Pra\u0117jus\u012f sezon\u0105 FIBA \u010cempion\u0173 lygos trof\u0117j\u0173 \u012f vir\u0161\u0173 kilnoj\u0119s Art\u016bras&hellip;\n","protected":false},"author":2,"featured_media":269435,"comment_status":"","ping_status":"","sticky":false,"template":"","format":"standard","meta":{"footnotes":"","_share_on_mastodon":"0"},"categories":[6],"tags":[25,30,31,34,35,24,32,33,37,39,36,38,40,23,22,28,29,26,27],"class_list":["post-269434","post","type-post","status-publish","format-standard","has-post-thumbnail","category-antrastes","tag-antrastes","tag-breaking-news","tag-breakingnews","tag-featured-news","tag-featurednews","tag-headlines","tag-latest-news","tag-latestnews","tag-lietuva","tag-lietuviu","tag-lithuania","tag-lithuanian","tag-lt","tag-naujienos","tag-news","tag-populiariausios-naujienos","tag-populiariausiosnaujienos","tag-top-stories","tag-topstories"],"share_on_mastodon":{"url":"https:\/\/pubeurope.com\/@lt\/117214862992225738","error":""},"_links":{"self":[{"href":"https:\/\/www.europesays.com\/lt\/wp-json\/wp\/v2\/posts\/269434","targetHints":{"allow":["GET"]}}],"collection":[{"href":"https:\/\/www.europesays.com\/lt\/wp-json\/wp\/v2\/posts"}],"about":[{"href":"https:\/\/www.europesays.com\/lt\/wp-json\/wp\/v2\/types\/post"}],"author":[{"embeddable":true,"href":"https:\/\/www.europesays.com\/lt\/wp-json\/wp\/v2\/users\/2"}],"replies":[{"embeddable":true,"href":"https:\/\/www.europesays.com\/lt\/wp-json\/wp\/v2\/comments?post=269434"}],"version-history":[{"count":0,"href":"https:\/\/www.europesays.com\/lt\/wp-json\/wp\/v2\/posts\/269434\/revisions"}],"wp:featuredmedia":[{"embeddable":true,"href":"https:\/\/www.europesays.com\/lt\/wp-json\/wp\/v2\/media\/269435"}],"wp:attachment":[{"href":"https:\/\/www.europesays.com\/lt\/wp-json\/wp\/v2\/media?parent=269434"}],"wp:term":[{"taxonomy":"category","embeddable":true,"href":"https:\/\/www.europesays.com\/lt\/wp-json\/wp\/v2\/categories?post=269434"},{"taxonomy":"post_tag","embeddable":true,"href":"https:\/\/www.europesays.com\/lt\/wp-json\/wp\/v2\/tags?post=269434"}],"curies":[{"name":"wp","href":"https:\/\/api.w.org\/{rel}","templated":true}]}}