{"id":269440,"date":"2026-09-04T21:28:39","date_gmt":"2026-09-04T21:28:39","guid":{"rendered":"https:\/\/www.europesays.com\/lt\/269440\/"},"modified":"2026-09-04T21:28:39","modified_gmt":"2026-09-04T21:28:39","slug":"manto-stonkaus-zmona-gelmine-prabilo-apie-vyro-gedinga-incidenta-po-tokio-ivykio-metus-is-namu-neiseiciau","status":"publish","type":"post","link":"https:\/\/www.europesays.com\/lt\/269440\/","title":{"rendered":"Manto Stonkaus \u017emona Gelmin\u0117 prabilo apie vyro g\u0117ding\u0105 incident\u0105: \u201ePo tokio \u012fvykio metus i\u0161 nam\u0173 nei\u0161ei\u010diau\u201c"},"content":{"rendered":"\n<p>Vaizdo \u012fra\u0161as i\u0161 pasirodymo paplito socialiniame tinkle \u201eTikTok\u201c.<\/p>\n<p>  Pasidalino g\u0117dinga istorija <\/p>\n<p>Lipdama \u012f scen\u0105 Gelmin\u0117 pademonstravo i\u0161skirtin\u012f humoro jausm\u0105 ir atvirai pasidalijo ironi\u0161komis bei pikanti\u0161komis akimirkomis i\u0161 gyvenimo su \u017einomu humoristu:<\/p>\n<p>\u201eNa k\u0105, dabar net geriau pasijau\u010diau. Realiai i\u0161gyvenu kiekvienos moters svajon\u0119 \u2013 pastumti ant savo vyro\u00a0\u201e\u017dalgirio arenoje\u201c. Su tokia nuostabia publika ir dar gaut plojim\u0173. Wow!<\/p>\n<p>         <a href=\"https:\/\/www.tv3.lt\/Uploads\/UGallery\/photos\/ce\/e0\/c0\/39\/cee0c039b8a598cb792f61ade249209a.jpg\" data-fancybox=\"photos-embed\" data-caption=\"Gelmin\u0117 Glem\u017eait\u0117-Stonk\u0117, Mantas Stonkus (nuotr. BNS, nuotr. Audriaus Solomino)\" target=\"_self\" rel=\"nofollow noopener\"> <img decoding=\"async\" class=\"photo-inside-article\" align=\"center\" alt=\"Gelmin\u0117 Glem\u017eait\u0117-Stonk\u0117, Mantas Stonkus (nuotr. BNS, nuotr. Audriaus Solomino)\" title=\"Gelmin\u0117 Glem\u017eait\u0117-Stonk\u0117, Mantas Stonkus (nuotr. BNS, nuotr. Audriaus Solomino)\" src=\"https:\/\/www.europesays.com\/lt\/wp-content\/uploads\/2026\/09\/cee0c039b8a598cb792f61ade249209a.jpg\" width=\"684\" height=\"654\" loading=\"lazy\" \/> <\/a>       <\/p>\n<p>Bet jeigu rimtai&#8230; Mant\u0105 myliu labiau u\u017e visk\u0105 pasaulyje, d\u0117l to ir esu jo \u017emona. Ir kaip dora \u017emona \u2013 i\u0161 savo vyro a\u0161 mokausi.<\/p>\n<p>Vis\u0173 pirma, Mantas mane moko pasitik\u0117jimo savimi. Po pirmo jo\u00a0laidos filmavimo prie jo pri\u0117jo toks vaikinukas&#8230; Mantas i\u0161 karto apsikabina, sako: \u201eO, fotkel\u0117s nori?\u201c. Jis toks: \u201eNe, a\u0161 tik mikrofon\u0105 nuimt&#8230;\u201c.<\/p>\n<p>A\u0161 po tokio \u012fvykio metus i\u0161 nam\u0173 nei\u0161ei\u010diau. Bet Mantas ne toks. Jis negali i\u0161 pasaulio atimti sav\u0119s. Narciz\u0117lis mano&#8230;<\/p>\n<p>Dar i\u0161 savo vyro a\u0161 mokausi kantryb\u0117s. Kai Mantas buvo met\u0119s gerti&#8230; trumpam&#8230; a\u0161 tapau jo vieninteliu draugu. A\u010di\u016b, b***, Katleri.\u201c<\/p>\n<blockquote class=\"tiktok-embed\" cite=\"https:\/\/www.tiktok.com\/@letsgofun4u\/video\/7670968172672994592\" data-video-id=\"7670968172672994592\" style=\"max-width: 605px;min-width: 325px;\"><p>  <a target=\"_blank\" title=\"@letsgofun4u\" href=\"https:\/\/www.tiktok.com\/@letsgofun4u?refer=embed\" rel=\"nofollow noopener\">@letsgofun4u<\/a> Gelmin\u0117s roastai <a title=\"humor\" target=\"_blank\" href=\"https:\/\/www.tiktok.com\/tag\/humor?refer=embed\" rel=\"nofollow noopener\">#humor<\/a> <a title=\"gelmine\" target=\"_blank\" href=\"https:\/\/www.tiktok.com\/tag\/gelmine?refer=embed\" rel=\"nofollow noopener\">#gelmine<\/a> <a title=\"comedy\" target=\"_blank\" href=\"https:\/\/www.tiktok.com\/tag\/comedy?refer=embed\" rel=\"nofollow noopener\">#comedy<\/a> <a title=\"roast\" target=\"_blank\" href=\"https:\/\/www.tiktok.com\/tag\/roast?refer=embed\" rel=\"nofollow noopener\">#roast<\/a> <a title=\"mantasstonkus\" target=\"_blank\" href=\"https:\/\/www.tiktok.com\/tag\/mantasstonkus?refer=embed\" rel=\"nofollow noopener\">#mantasstonkus<\/a> <a target=\"_blank\" title=\"\u266c Originalus garsas - LT idomybes\" href=\"https:\/\/www.tiktok.com\/music\/Originalus-garsas-7670968184044407584?refer=embed\" rel=\"nofollow noopener\">\u266c Originalus garsas &#8211; LT idomybes<\/a>  <\/p><\/blockquote>\n<p>\n                                        \u0160altinis:<br \/>\n                                                                                    tv3.lt\n                                                                                <\/p>\n<p>Kvie\u010diame atrasti nauj\u0105 tv3.lt turin\u012f! Nuo \u0161iol portale j\u016bs\u0173 laukia ne tik <a href=\"https:\/\/www.tv3.lt\/testai\" rel=\"nofollow noopener\" target=\"_blank\">kasdien nauji testai<\/a>, bet ir <a href=\"https:\/\/www.tv3.lt\/kryziazodziai\" rel=\"nofollow noopener\" target=\"_blank\">kry\u017eia\u017eod\u017eiai <\/a>\u2013 i\u0161bandykite savo \u017einias, spr\u0119skite ir smagiai praleiskite laik\u0105. <\/p>\n<p>           <script async src=\"\/\/www.tiktok.com\/embed.js\"><\/script><\/p>\n","protected":false},"excerpt":{"rendered":"Vaizdo \u012fra\u0161as i\u0161 pasirodymo paplito socialiniame tinkle \u201eTikTok\u201c. Pasidalino g\u0117dinga istorija Lipdama \u012f scen\u0105 Gelmin\u0117 pademonstravo i\u0161skirtin\u012f humoro&hellip;\n","protected":false},"author":2,"featured_media":269441,"comment_status":"","ping_status":"","sticky":false,"template":"","format":"standard","meta":{"footnotes":"","_share_on_mastodon":"0"},"categories":[21],"tags":[38905,57,43,113,55,48,54,51,49,50,37,39,36,38,40,45,23,44,114,53,42,56,47,41,46,58,52],"class_list":["post-269440","post","type-post","status-publish","format-standard","has-post-thumbnail","category-pramogos","tag-2026-09-04-183000","tag-daiktai","tag-dienos-kronika","tag-entertainment","tag-gatves-tekstai","tag-gyvenimas","tag-interneto-pievos","tag-keliones","tag-kultura","tag-laisvalaikis","tag-lietuva","tag-lietuviu","tag-lithuania","tag-lithuanian","tag-lt","tag-mokslas-ir-it","tag-naujienos","tag-pasaulis","tag-pramogos","tag-projektai","tag-rinktiniai-tekstai","tag-simtmecio-portalas","tag-sportas","tag-tv3-lt","tag-verslas","tag-video","tag-zaidimai"],"share_on_mastodon":{"url":"https:\/\/pubeurope.com\/@lt\/117214898509990832","error":""},"_links":{"self":[{"href":"https:\/\/www.europesays.com\/lt\/wp-json\/wp\/v2\/posts\/269440","targetHints":{"allow":["GET"]}}],"collection":[{"href":"https:\/\/www.europesays.com\/lt\/wp-json\/wp\/v2\/posts"}],"about":[{"href":"https:\/\/www.europesays.com\/lt\/wp-json\/wp\/v2\/types\/post"}],"author":[{"embeddable":true,"href":"https:\/\/www.europesays.com\/lt\/wp-json\/wp\/v2\/users\/2"}],"replies":[{"embeddable":true,"href":"https:\/\/www.europesays.com\/lt\/wp-json\/wp\/v2\/comments?post=269440"}],"version-history":[{"count":0,"href":"https:\/\/www.europesays.com\/lt\/wp-json\/wp\/v2\/posts\/269440\/revisions"}],"wp:featuredmedia":[{"embeddable":true,"href":"https:\/\/www.europesays.com\/lt\/wp-json\/wp\/v2\/media\/269441"}],"wp:attachment":[{"href":"https:\/\/www.europesays.com\/lt\/wp-json\/wp\/v2\/media?parent=269440"}],"wp:term":[{"taxonomy":"category","embeddable":true,"href":"https:\/\/www.europesays.com\/lt\/wp-json\/wp\/v2\/categories?post=269440"},{"taxonomy":"post_tag","embeddable":true,"href":"https:\/\/www.europesays.com\/lt\/wp-json\/wp\/v2\/tags?post=269440"}],"curies":[{"name":"wp","href":"https:\/\/api.w.org\/{rel}","templated":true}]}}