{"id":269462,"date":"2026-09-04T22:23:15","date_gmt":"2026-09-04T22:23:15","guid":{"rendered":"https:\/\/www.europesays.com\/lt\/269462\/"},"modified":"2026-09-04T22:23:15","modified_gmt":"2026-09-04T22:23:15","slug":"geras-bet-nelaimingas-atlikeja-gabeta-iskele-nepatogu-klausima-vardai","status":"publish","type":"post","link":"https:\/\/www.europesays.com\/lt\/269462\/","title":{"rendered":"\u201eGeras, bet nelaimingas\u201c: atlik\u0117ja Gabeta i\u0161k\u0117l\u0117 nepatog\u0173 klausim\u0105 | Vardai"},"content":{"rendered":"<p>Ilgamet\u0119 scenin\u0119 patirt\u012f sukaupusi Gabeta solin\u0117je k\u016bryboje vis daugiau d\u0117mesio skiria vidiniams \u017emogaus i\u0161gyvenimams. Muzika jai tampa erdve ne tik jausmams i\u0161reik\u0161ti, bet ir klausimams, \u012f kuriuos ne visuomet lengva rasti atsakymus. Psichologijos ir muzikos pasaulius jungianti k\u016br\u0117ja sako, kad \u0161ios dainos \u012fkv\u0117pimu tapo jos pa\u010dios asmenin\u0117 terapijos patirtis.<\/p>\n<p> <a href=\"https:\/\/s1.15min.lt\/images\/photos\/2026\/09\/04\/original\/gabeta-6a9aff7eaca31.jpg\" rel=\"content-image nofollow noopener\" title=\"Justinos Mulokait\u0117s nuotr.\/Gabeta\" target=\"_blank\"><img decoding=\"async\" alt=\"Justinos Mulokait\u0117s nuotr.\/Gabeta\" rel=\"content-image\" src=\"https:\/\/www.europesays.com\/lt\/wp-content\/uploads\/2026\/09\/gabeta-6a9aff7eaca31.jpg\" style=\"width: auto; height: auto;\"\/><\/a> <\/p>\n<p>Justinos Mulokait\u0117s nuotr.\/Gabeta<\/p>\n<p>\u201eKur\u012f laik\u0105 terapijoje gvildenome mano nor\u0105 b\u016bti patogiai, maloniai, \u012ftikti. Pasteb\u0117jau, kad ne kart\u0105 gyvenime, nor\u0117dama b\u016bti gera kitiems, sutikdavau su tuo, ko i\u0161 tikr\u0173j\u0173 nenor\u0117jau, arba nusileisdavau. V\u0117liau viduje likdavo tu\u0161tuma ir nusivylimas, kad neapgyniau sav\u0119s\u201c, \u2013 pasakoja Gabeta.<\/p>\n<p>Svarbiu atspirties ta\u0161ku k\u016bryboje tapo vienas terapeut\u0117s klausimas.<\/p>\n<p>\u201eKart\u0105 mano terapeut\u0117 man\u0119s paklaus\u0117: jei renkuosi kitus, kas tada renkasi mane? \u0160ie \u017eod\u017eiai privert\u0117 mane suklusti ir ilgainiui tapo atspirties ta\u0161ku kuriant dain\u0105 bei gvildenant \u0161i\u0105 subtili\u0105 tem\u0105\u201c, \u2013 sako atlik\u0117ja.<\/p>\n<p> <a href=\"https:\/\/s1.15min.lt\/images\/photos\/2026\/09\/04\/original\/gabeta-6a9aff7508948.jpg\" rel=\"content-image nofollow noopener\" title=\"Justinos Mulokait\u0117s nuotr.\/Gabeta\" target=\"_blank\"><img decoding=\"async\" alt=\"Justinos Mulokait\u0117s nuotr.\/Gabeta\" rel=\"content-image\" src=\"https:\/\/www.europesays.com\/lt\/wp-content\/uploads\/2026\/09\/gabeta-6a9aff7508948.jpg\" style=\"width: auto; height: auto;\"\/><\/a> <\/p>\n<p>Justinos Mulokait\u0117s nuotr.\/Gabeta<\/p>\n<p>\u201eGeras, bet nelaimingas\u201c \u2013 kiek tamsesnis ir labiau susim\u0105styti kvie\u010diantis k\u016brinys nei ankstesn\u0117s Gabetos dainos. Ta\u010diau \u0161i tamsa n\u0117ra skirta prisl\u0117gti \u2013 prie\u0161ingai, ji kvie\u010dia suklusti. Pasak atlik\u0117jos, kartais \u017emogus taip stipriai stengiasi atitikti aplinkini\u0173 l\u016bkes\u010dius, b\u016bti patogus, geras, supratingas ir visiems tinkantis, kad ilgainiui praranda ry\u0161\u012f su pa\u010diu savimi.<\/p>\n<p>\u201eMan atrodo, kad gyvenime labai lengva pasimesti tarp viso i\u0161orinio triuk\u0161mo \u2013 tarp to, k\u0105 turime daryti, kaip turime atrodyti, ko i\u0161 m\u016bs\u0173 tikisi aplinkiniai. Ir ka\u017ekuriuo metu galime nustoti gird\u0117ti patys save. Taip pama\u017eu prarandame ry\u0161\u012f su savo vidiniu vaiku, kuris ka\u017ekada labai ai\u0161kiai \u017einojo, ko nori\u201c, \u2013 mintimis dalijasi Gabeta.<\/p>\n<p> <a href=\"https:\/\/s1.15min.lt\/images\/photos\/2026\/09\/04\/original\/gabeta-6a9aff93ddc3c.jpg\" rel=\"content-image nofollow noopener\" title=\"Justinos Mulokait\u0117s nuotr.\/Gabeta\" target=\"_blank\"><img decoding=\"async\" alt=\"Justinos Mulokait\u0117s nuotr.\/Gabeta\" rel=\"content-image\" src=\"https:\/\/www.europesays.com\/lt\/wp-content\/uploads\/2026\/09\/gabeta-6a9aff93ddc3c.jpg\" style=\"width: auto; height: auto;\"\/><\/a> <\/p>\n<p>Justinos Mulokait\u0117s nuotr.\/Gabeta<\/p>\n<p>Kartu su daina atlik\u0117ja pristato ir vaizdo klip\u0105, kuriame svarbi\u0105 viet\u0105 u\u017eima vaikyst\u0117s bei vidinio vaiko simbolika. Vaizdo klipo istorija tampa metafora tam, kas nutinka \u017emogaus vidiniam pasauliui, kai pernelyg stipriai prisitaikome prie aplinkini\u0173. Vaiki\u0161kas laisv\u0117s, \u017eaismo ir noro b\u016bti savimi simbolis pama\u017eu tampa tarsi \u012fkalintas, kol neatsigr\u0119\u017eiame \u012f savo vid\u0173.<\/p>\n<p>\u201eI\u0161 prigimties mane labai domina k\u016bryba ir visi jos etapai, tod\u0117l kuriant vaizdo klip\u0105 tur\u0117jau daugyb\u0119 min\u010di\u0173, kaip \u0161i\u0105 tem\u0105 perteikti simboliais. Labai d\u017eiaugiuosi komanda, su kuria \u0161\u012fkart pavyko susikalb\u0117ti i\u0161 pus\u0117s \u017eod\u017eio. D\u0117l to esu patenkinta ne tik rezultatu, bet ir pa\u010diu k\u016brybiniu procesu\u201c, \u2013 sako Gabeta.<\/p>\n<p>Dain\u0105 ir vaizdo klip\u0105 galite pamatyti \u010dia:<\/p>\n<p>VIDEO: Gabeta &#8211; Geras, Bet Nelaimingas (Official Music Video)<\/p>\n<p>\t\t<a href=\"https:\/\/www.15min.lt\/zmones\/video\/gabeta-geras-bet-nelaimingas-official-music-video-283114\" class=\"video-link\" rel=\"nofollow noopener\" target=\"_blank\"><br \/>\n\t\t\t<img decoding=\"async\" src=\"https:\/\/www.europesays.com\/lt\/wp-content\/uploads\/2026\/09\/gabeta-geras-bet-nelaimingas-official-music-video-6a9b03dd54482.jpg\" alt=\"\" style=\"width: 100%;\"\/><\/p>\n<p>\t\t<\/a><\/p>\n","protected":false},"excerpt":{"rendered":"Ilgamet\u0119 scenin\u0119 patirt\u012f sukaupusi Gabeta solin\u0117je k\u016bryboje vis daugiau d\u0117mesio skiria vidiniams \u017emogaus i\u0161gyvenimams. Muzika jai tampa erdve&hellip;\n","protected":false},"author":2,"featured_media":269463,"comment_status":"","ping_status":"","sticky":false,"template":"","format":"standard","meta":{"footnotes":"","_share_on_mastodon":"0"},"categories":[21],"tags":[113,37,39,36,38,40,114],"class_list":["post-269462","post","type-post","status-publish","format-standard","has-post-thumbnail","category-pramogos","tag-entertainment","tag-lietuva","tag-lietuviu","tag-lithuania","tag-lithuanian","tag-lt","tag-pramogos"],"share_on_mastodon":{"url":"https:\/\/pubeurope.com\/@lt\/117215114645442275","error":""},"_links":{"self":[{"href":"https:\/\/www.europesays.com\/lt\/wp-json\/wp\/v2\/posts\/269462","targetHints":{"allow":["GET"]}}],"collection":[{"href":"https:\/\/www.europesays.com\/lt\/wp-json\/wp\/v2\/posts"}],"about":[{"href":"https:\/\/www.europesays.com\/lt\/wp-json\/wp\/v2\/types\/post"}],"author":[{"embeddable":true,"href":"https:\/\/www.europesays.com\/lt\/wp-json\/wp\/v2\/users\/2"}],"replies":[{"embeddable":true,"href":"https:\/\/www.europesays.com\/lt\/wp-json\/wp\/v2\/comments?post=269462"}],"version-history":[{"count":0,"href":"https:\/\/www.europesays.com\/lt\/wp-json\/wp\/v2\/posts\/269462\/revisions"}],"wp:featuredmedia":[{"embeddable":true,"href":"https:\/\/www.europesays.com\/lt\/wp-json\/wp\/v2\/media\/269463"}],"wp:attachment":[{"href":"https:\/\/www.europesays.com\/lt\/wp-json\/wp\/v2\/media?parent=269462"}],"wp:term":[{"taxonomy":"category","embeddable":true,"href":"https:\/\/www.europesays.com\/lt\/wp-json\/wp\/v2\/categories?post=269462"},{"taxonomy":"post_tag","embeddable":true,"href":"https:\/\/www.europesays.com\/lt\/wp-json\/wp\/v2\/tags?post=269462"}],"curies":[{"name":"wp","href":"https:\/\/api.w.org\/{rel}","templated":true}]}}