{"id":269474,"date":"2026-09-04T23:51:33","date_gmt":"2026-09-04T23:51:33","guid":{"rendered":"https:\/\/www.europesays.com\/lt\/269474\/"},"modified":"2026-09-04T23:51:33","modified_gmt":"2026-09-04T23:51:33","slug":"po-kremavimo-vyras-netiketai-grizo-namo","status":"publish","type":"post","link":"https:\/\/www.europesays.com\/lt\/269474\/","title":{"rendered":"Po kremavimo vyras netik\u0117tai gr\u012f\u017eo namo"},"content":{"rendered":"<p>Apie toki\u0105 istorij\u0105 ra\u0161o leidinys <a href=\"https:\/\/www.indiatoday.in\/india\/odisha\/story\/odisha-man-returns-alive-after-family-cremates-mistaken-body-in-dhenkanal-2985020-2026-09-02\" rel=\"nofollow noopener\" target=\"_blank\">\u201eIndia Todai\u201c.<\/a><\/p>\n<p>Odi\u0161os valstijoje (Indija) \u0161eima beveik m\u0117nes\u012f ged\u0117jo 29-eri\u0173 met\u0173 Sanatano Naiko, kur\u012f laik\u0117 \u017euvusiu. Artimieji sureng\u0117 laidotuves, kremavo k\u016bn\u0105 ir laik\u0117si gedulo papro\u010di\u0173. Ta\u010diau vyras netik\u0117tai gr\u012f\u017eo namo gyvas.<\/p>\n<p>Vyras dingo liepos pabaigoje, kai i\u0161 nam\u0173 i\u0161va\u017eiavo dvira\u010diu. Artimieji jo ilgai ie\u0161kojo, ta\u010diau nerado. Ma\u017edaug po 10 dien\u0173 policijos pareig\u016bnai ry\u017ei\u0173 lauke \u0161alia S. Naiko \u0161eimos namo aptiko stipriai suirus\u012f ne\u017einomo \u017emogaus k\u016bn\u0105.<\/p>\n<p>Jis ilgai gul\u0117jo vandenyje, tod\u0117l nustatyti \u017emogaus tapatyb\u0119 buvo sud\u0117tinga.<\/p>\n<p>V\u0117liau artimieji atpa\u017eino k\u016bn\u0105 i\u0161 drabu\u017ei\u0173 ir nusprend\u0117, kad tai Sanatanas. Gimin\u0117s sureng\u0117 laidotuves, ta\u010diau po m\u0117nesio \u0161eima sulauk\u0117 netik\u0117to skambu\u010dio i\u0161 policijos.<\/p>\n<p>Policijos pareig\u016bnai prane\u0161\u0117, kad vyras gyvas ir j\u012f pristatys \u012f namus.<\/p>\n<p>Dabar policijos pareig\u016bnams teks i\u0161siai\u0161kinti, kieno k\u016bnas buvo kremuotas.<\/p>\n","protected":false},"excerpt":{"rendered":"Apie toki\u0105 istorij\u0105 ra\u0161o leidinys \u201eIndia Todai\u201c. Odi\u0161os valstijoje (Indija) \u0161eima beveik m\u0117nes\u012f ged\u0117jo 29-eri\u0173 met\u0173 Sanatano Naiko,&hellip;\n","protected":false},"author":2,"featured_media":269475,"comment_status":"","ping_status":"","sticky":false,"template":"","format":"standard","meta":{"footnotes":"","_share_on_mastodon":"0"},"categories":[15],"tags":[25,30,31,34,35,24,32,33,37,39,36,38,40,23,22,44,28,29,26,27,74,75,76],"class_list":["post-269474","post","type-post","status-publish","format-standard","has-post-thumbnail","category-pasaulis","tag-antrastes","tag-breaking-news","tag-breakingnews","tag-featured-news","tag-featurednews","tag-headlines","tag-latest-news","tag-latestnews","tag-lietuva","tag-lietuviu","tag-lithuania","tag-lithuanian","tag-lt","tag-naujienos","tag-news","tag-pasaulis","tag-populiariausios-naujienos","tag-populiariausiosnaujienos","tag-top-stories","tag-topstories","tag-world","tag-world-news","tag-worldnews"],"share_on_mastodon":{"url":"https:\/\/pubeurope.com\/@lt\/117215460386600103","error":""},"_links":{"self":[{"href":"https:\/\/www.europesays.com\/lt\/wp-json\/wp\/v2\/posts\/269474","targetHints":{"allow":["GET"]}}],"collection":[{"href":"https:\/\/www.europesays.com\/lt\/wp-json\/wp\/v2\/posts"}],"about":[{"href":"https:\/\/www.europesays.com\/lt\/wp-json\/wp\/v2\/types\/post"}],"author":[{"embeddable":true,"href":"https:\/\/www.europesays.com\/lt\/wp-json\/wp\/v2\/users\/2"}],"replies":[{"embeddable":true,"href":"https:\/\/www.europesays.com\/lt\/wp-json\/wp\/v2\/comments?post=269474"}],"version-history":[{"count":0,"href":"https:\/\/www.europesays.com\/lt\/wp-json\/wp\/v2\/posts\/269474\/revisions"}],"wp:featuredmedia":[{"embeddable":true,"href":"https:\/\/www.europesays.com\/lt\/wp-json\/wp\/v2\/media\/269475"}],"wp:attachment":[{"href":"https:\/\/www.europesays.com\/lt\/wp-json\/wp\/v2\/media?parent=269474"}],"wp:term":[{"taxonomy":"category","embeddable":true,"href":"https:\/\/www.europesays.com\/lt\/wp-json\/wp\/v2\/categories?post=269474"},{"taxonomy":"post_tag","embeddable":true,"href":"https:\/\/www.europesays.com\/lt\/wp-json\/wp\/v2\/tags?post=269474"}],"curies":[{"name":"wp","href":"https:\/\/api.w.org\/{rel}","templated":true}]}}