{"id":269496,"date":"2026-09-05T03:18:56","date_gmt":"2026-09-05T03:18:56","guid":{"rendered":"https:\/\/www.europesays.com\/lt\/269496\/"},"modified":"2026-09-05T03:18:56","modified_gmt":"2026-09-05T03:18:56","slug":"salies-vadovai-pareiske-uzuojauta-del-literaturologo-petro-brazeno-mirties","status":"publish","type":"post","link":"https:\/\/www.europesays.com\/lt\/269496\/","title":{"rendered":"\u0160alies vadovai parei\u0161k\u0117 u\u017euojaut\u0105 d\u0117l literat\u016brologo Petro Bra\u017e\u0117no mirties"},"content":{"rendered":"<p>\u201eLietuva neteko i\u0161kilaus humanitarin\u0117s kult\u016bros \u0161viesuolio \u2013 autoritetingo literat\u016bros tyrin\u0117tojo, kurio konceptual\u016bs darbai ir gilios \u012f\u017evalgos formavo m\u016bs\u0173 samprat\u0105 apie XX am\u017eiaus bei \u0161iuolaikin\u0119 lietuvi\u0173 proz\u0105, ugd\u0117 pagarb\u0105 ir atsakomyb\u0119 u\u017e gimt\u0105j\u012f \u017eod\u012f\u201c, \u2013 u\u017euojautoje sak\u0117 \u0161alies vadovas.<\/p>\n<p>Pasak G. Naus\u0117dos, lemtingu virsmo laiku vadovaudamas Lietuvos ra\u0161ytoj\u0173 s\u0105jungai ir aktyviai veikdamas vie\u0161ajame gyvenime, P. Bra\u017e\u0117nas reik\u0161mingai prisid\u0117jo Lietuvai \u017eengiant \u012f laisv\u0119.<\/p>\n<p>\u201e\u0160viesus Profesoriaus atminimas i\u0161liks gyvas ne tik jo i\u0161ugdytose lituanist\u0173, pedagog\u0173 bei kult\u016bros k\u016br\u0117j\u0173 kartose, bet ir visos m\u016bs\u0173 visuomen\u0117s atmintyje\u201c, \u2013 teig\u0117 prezidentas.<\/p>\n<p>\u201eNetekome talentingo ra\u0161ytojo, literat\u016bros kritiko, pedagogo Petro Bra\u017e\u0117no, kurio k\u016bryba ir darbai, \u012fsp\u016bdingi ir \u012fsimenantys pasakojimai, gilus ry\u0161ys su \u017emon\u0117mis praturtino m\u016bs\u0173 literat\u016br\u0105, kult\u016bros, meno ir mokslo pasaul\u012f. Velionis vis\u0105 savo gyvenim\u0105 jaut\u0117 did\u017eiul\u0119 atsakomyb\u0119 u\u017e lietuvi\u0161k\u0105 \u017eod\u012f, u\u017e savo kra\u0161t\u0105, savo kilniu pavyzd\u017eiu \u012fkv\u0117pdamas ir kitus plunksnos brolius bei \u0161alia esan\u010dius\u201c, \u2013 u\u017euojautoje sak\u0117 Seimo pirmininkas Juozas Olekas.<\/p>\n<p>Kaip prane\u0161\u0117 Lietuvos ra\u0161ytoj\u0173 s\u0105junga, P. Bra\u017e\u0117nas mir\u0117 eidamas 86-uosius metus.<\/p>\n<p>Jis gim\u0117 1941 metais Ma\u017eeikiuose, Mol\u0117t\u0173 rajone. 1965 metais baig\u0119s lituanistikos studijas Vilniaus universitete, mokytojavo, v\u0117liau apgyn\u0117 humanitarini\u0173 moksl\u0173 daktaro disertacij\u0105.<\/p>\n<p>Reik\u0161mingas P. Bra\u017e\u0117no veiklos etapas buvo susij\u0119s su ra\u0161ytoj\u0173 bendruomene \u2013 1976\u20131990 metais jis \u0117jo Lietuvos ra\u0161ytoj\u0173 s\u0105jungos valdybos sekretoriaus, o 1985\u20131990 metais \u2013 valdybos pirmojo sekretoriaus pareigas. Nuo 1990 iki 2013-\u0173j\u0173 d\u0117st\u0117 Vilniaus pedagoginiame universitete, buvo Lituanistikos fakulteto dekanas, Lietuvi\u0173 literat\u016bros katedros profesorius.<\/p>\n<p>P. Bra\u017e\u0117nas \u012fsitvirtino kaip vienas autoritetingiausi\u0173 lietuvi\u0173 prozos tyrin\u0117toj\u0173, i\u0161leido tokias knygas kaip \u201eTies de\u0161imtme\u010di\u0173 riba\u201c, \u201e\u017dmogus ir \u017eodis prozoje\u201c, monografij\u0105 \u201eJuozo Apu\u010dio k\u016bryba\u201c bei studij\u0105 \u201eAm\u017eininkai ir bendraam\u017eiai\u201c.<\/p>\n<p>U\u017e nuopelnus Lietuvos kult\u016brai ir literat\u016bros mokslui P. Bra\u017e\u0117nas 2021 metais apdovanotas Lietuvos did\u017eiojo kunigaik\u0161\u010dio Gedimino ordino medaliu.<\/p>\n","protected":false},"excerpt":{"rendered":"\u201eLietuva neteko i\u0161kilaus humanitarin\u0117s kult\u016bros \u0161viesuolio \u2013 autoritetingo literat\u016bros tyrin\u0117tojo, kurio konceptual\u016bs darbai ir gilios \u012f\u017evalgos formavo m\u016bs\u0173&hellip;\n","protected":false},"author":2,"featured_media":269497,"comment_status":"","ping_status":"","sticky":false,"template":"","format":"standard","meta":{"footnotes":"","_share_on_mastodon":"0"},"categories":[13],"tags":[25,30,31,34,35,24,32,33,37,39,36,38,40,23,22,28,29,26,27],"class_list":["post-269496","post","type-post","status-publish","format-standard","has-post-thumbnail","category-lietuva","tag-antrastes","tag-breaking-news","tag-breakingnews","tag-featured-news","tag-featurednews","tag-headlines","tag-latest-news","tag-latestnews","tag-lietuva","tag-lietuviu","tag-lithuania","tag-lithuanian","tag-lt","tag-naujienos","tag-news","tag-populiariausios-naujienos","tag-populiariausiosnaujienos","tag-top-stories","tag-topstories"],"share_on_mastodon":{"url":"https:\/\/pubeurope.com\/@lt\/117216278097075852","error":""},"_links":{"self":[{"href":"https:\/\/www.europesays.com\/lt\/wp-json\/wp\/v2\/posts\/269496","targetHints":{"allow":["GET"]}}],"collection":[{"href":"https:\/\/www.europesays.com\/lt\/wp-json\/wp\/v2\/posts"}],"about":[{"href":"https:\/\/www.europesays.com\/lt\/wp-json\/wp\/v2\/types\/post"}],"author":[{"embeddable":true,"href":"https:\/\/www.europesays.com\/lt\/wp-json\/wp\/v2\/users\/2"}],"replies":[{"embeddable":true,"href":"https:\/\/www.europesays.com\/lt\/wp-json\/wp\/v2\/comments?post=269496"}],"version-history":[{"count":0,"href":"https:\/\/www.europesays.com\/lt\/wp-json\/wp\/v2\/posts\/269496\/revisions"}],"wp:featuredmedia":[{"embeddable":true,"href":"https:\/\/www.europesays.com\/lt\/wp-json\/wp\/v2\/media\/269497"}],"wp:attachment":[{"href":"https:\/\/www.europesays.com\/lt\/wp-json\/wp\/v2\/media?parent=269496"}],"wp:term":[{"taxonomy":"category","embeddable":true,"href":"https:\/\/www.europesays.com\/lt\/wp-json\/wp\/v2\/categories?post=269496"},{"taxonomy":"post_tag","embeddable":true,"href":"https:\/\/www.europesays.com\/lt\/wp-json\/wp\/v2\/tags?post=269496"}],"curies":[{"name":"wp","href":"https:\/\/api.w.org\/{rel}","templated":true}]}}