{"id":269498,"date":"2026-09-05T03:23:48","date_gmt":"2026-09-05T03:23:48","guid":{"rendered":"https:\/\/www.europesays.com\/lt\/269498\/"},"modified":"2026-09-05T03:23:48","modified_gmt":"2026-09-05T03:23:48","slug":"kaune-debiutaves-s-lee-gavome-geru-pamoku","status":"publish","type":"post","link":"https:\/\/www.europesays.com\/lt\/269498\/","title":{"rendered":"Kaune debiutav\u0119s S.Lee: gavome ger\u0173 pamok\u0173"},"content":{"rendered":"<p>Kauno \u201e\u017dalgirio\u201c krep\u0161ininkai tre\u010diadienio vakar\u0105 prat\u0119s\u0117 kontrolini\u0173 rungtyni\u0173 cikl\u0105 ir \u012fsira\u0161\u0117 pergal\u0119 prie\u0161 Utenos \u201eJuventus\u201c ekip\u0105 (82:77). Po rungtyni\u0173 duotame interviu Sabenas Lee kalb\u0117jo apie savo debiut\u0105 su \u017ealiais mar\u0161kin\u0117liais, komandos gynyb\u0105 bei \u017eaidim\u0105 su Jonu Valan\u010di\u016bnu ir Kaodirichi Akobundu-Ehiogu.<\/p>\n<p>\u201eGeras jausmas \u2013 nekantravau i\u0161eiti \u012f aik\u0161tel\u0119 su vyrukais. Akivaizdu, kad norime \u017eaisti geriau, bet d\u017eiaugiuosi tuo, k\u0105 pademonstravome \u0161iandien. Antrajame k\u0117linyje pavyko suaktyvinti gynyb\u0105 ir neduoti jiems atkovot\u0173 kamuoli\u0173 puolime \u2013 \u0161iuos du dalykus akcentavo ir treneriai\u201c, \u2013 kalb\u0117jo S.Lee.<\/p>\n<p>Amerikietis \u012fvertino ir \u201eJuventus\u201c paj\u0117gum\u0105.<\/p>\n<p>\u201eTaip, tai tikrai yra fizi\u0161ka komanda. \u017dvelgiant \u012f ateit\u012f, gavome ger\u0173 pamok\u0173, kaip dirbti d\u0117l atkovot\u0173 kamuoli\u0173 gynyboje \u017eaid\u017eiant su tokiomis komandomis, kurios aktyviai kovoja d\u0117l kamuoli\u0173 puolime. Mums tai buvo geras i\u0161bandymas\u201c, \u2013 prid\u0117jo S.Lee.<\/p>\n<p>\u017dalgirietis i\u0161skyr\u0117 ir \u017eaidimo su Jonu Valan\u010di\u016bnu ypatumus.<\/p>\n<p>\u201eJV yra didelis vyrukas, kurio u\u017etvaros yra itin galingos ir padeda mums atsilaisvinti, tod\u0117l d\u017eiaugiam\u0117s, kad jis yra m\u016bs\u0173 komandoje\u201c, \u2013 komandos draug\u0105 gyr\u0117 S.Lee.<\/p>\n<p>Galiausiai amerikietis aptar\u0117 ir \u017ealgirie\u010di\u0173 gynyb\u0105.<\/p>\n<p>\u201eTur\u0117jome ger\u0173 atkarp\u0173 gynyboje, ta\u010diau pa\u0117mus vis\u0173 rungtyni\u0173 kontekst\u0105, duo\u010diau mums turb\u016bt C+ pa\u017eym\u012f. Buvo daugyb\u0117 dalyk\u0173, kuriuos gal\u0117jome padaryti geriau\u201c, \u2013 savikriti\u0161kai atsak\u0117 S.Lee.<\/p>\n","protected":false},"excerpt":{"rendered":"Kauno \u201e\u017dalgirio\u201c krep\u0161ininkai tre\u010diadienio vakar\u0105 prat\u0119s\u0117 kontrolini\u0173 rungtyni\u0173 cikl\u0105 ir \u012fsira\u0161\u0117 pergal\u0119 prie\u0161 Utenos \u201eJuventus\u201c ekip\u0105 (82:77). Po&hellip;\n","protected":false},"author":2,"featured_media":269499,"comment_status":"","ping_status":"","sticky":false,"template":"","format":"standard","meta":{"footnotes":"","_share_on_mastodon":"0"},"categories":[6],"tags":[25,30,31,34,35,24,32,33,37,39,36,38,40,23,22,28,29,26,27],"class_list":["post-269498","post","type-post","status-publish","format-standard","has-post-thumbnail","category-antrastes","tag-antrastes","tag-breaking-news","tag-breakingnews","tag-featured-news","tag-featurednews","tag-headlines","tag-latest-news","tag-latestnews","tag-lietuva","tag-lietuviu","tag-lithuania","tag-lithuanian","tag-lt","tag-naujienos","tag-news","tag-populiariausios-naujienos","tag-populiariausiosnaujienos","tag-top-stories","tag-topstories"],"share_on_mastodon":{"url":"https:\/\/pubeurope.com\/@lt\/117216298006012875","error":""},"_links":{"self":[{"href":"https:\/\/www.europesays.com\/lt\/wp-json\/wp\/v2\/posts\/269498","targetHints":{"allow":["GET"]}}],"collection":[{"href":"https:\/\/www.europesays.com\/lt\/wp-json\/wp\/v2\/posts"}],"about":[{"href":"https:\/\/www.europesays.com\/lt\/wp-json\/wp\/v2\/types\/post"}],"author":[{"embeddable":true,"href":"https:\/\/www.europesays.com\/lt\/wp-json\/wp\/v2\/users\/2"}],"replies":[{"embeddable":true,"href":"https:\/\/www.europesays.com\/lt\/wp-json\/wp\/v2\/comments?post=269498"}],"version-history":[{"count":0,"href":"https:\/\/www.europesays.com\/lt\/wp-json\/wp\/v2\/posts\/269498\/revisions"}],"wp:featuredmedia":[{"embeddable":true,"href":"https:\/\/www.europesays.com\/lt\/wp-json\/wp\/v2\/media\/269499"}],"wp:attachment":[{"href":"https:\/\/www.europesays.com\/lt\/wp-json\/wp\/v2\/media?parent=269498"}],"wp:term":[{"taxonomy":"category","embeddable":true,"href":"https:\/\/www.europesays.com\/lt\/wp-json\/wp\/v2\/categories?post=269498"},{"taxonomy":"post_tag","embeddable":true,"href":"https:\/\/www.europesays.com\/lt\/wp-json\/wp\/v2\/tags?post=269498"}],"curies":[{"name":"wp","href":"https:\/\/api.w.org\/{rel}","templated":true}]}}