{"id":269506,"date":"2026-09-05T03:54:12","date_gmt":"2026-09-05T03:54:12","guid":{"rendered":"https:\/\/www.europesays.com\/lt\/269506\/"},"modified":"2026-09-05T03:54:12","modified_gmt":"2026-09-05T03:54:12","slug":"ukrainos-pajegoms-duotas-svarbus-isakymas-nuo-rugsejo-5-osios-jokiu-smugiu","status":"publish","type":"post","link":"https:\/\/www.europesays.com\/lt\/269506\/","title":{"rendered":"Ukrainos paj\u0117goms duotas svarbus \u012fsakymas: nuo rugs\u0117jo 5-osios \u2013 joki\u0173 sm\u016bgi\u0173"},"content":{"rendered":"\n<p>Apie tai prane\u0161\u0117 \u201eUkrainska\u00a0Pravda\u201c pa\u0161nekovai i\u0161 keli\u0173 brigad\u0173 skirtingomis kryptimis, taip pat auk\u0161to rango \u0161altinis saugumo strukt\u016brose.\u00a0<\/p>\n<p>\u0160altini\u0173 duomenimis, nuo rugs\u0117jo 5 d. 00:00 val. iki rugs\u0117jo 8 d. 23:59 val. Ukrainos gynybos paj\u0117g\u0173 daliniai gavo \u012fsakym\u0105 laikytis ugnies nutraukimo re\u017eimo.\u00a0<\/p>\n<p>  Ukrainos susitikimas su JAV\u00a0 <\/p>\n<p>JAV prezidento <a href=\"https:\/\/www.tv3.lt\/gaires\/donaldas-trumpas\" target=\"_blank\" class=\"phrase\" rel=\"nofollow noopener\">Donaldo Trumpo<\/a> specialieji pasiuntiniai\u00a0Steve&#8217;as\u00a0Witkoffas\u00a0ir\u00a0Jaredas\u00a0Kushneris\u00a0\u0161\u012f savaitgal\u012f vyks \u012f Maskv\u0105 ir\u00a0Kyjiv\u0105\u00a0der\u0117tis d\u0117l karo nutraukimo.\u00a0<\/p>\n<p>Ukrainos prezidentas\u00a0Volodymyras\u00a0<a href=\"https:\/\/www.tv3.lt\/gaires\/volodymyras-zelenskis\" target=\"_blank\" class=\"phrase\" rel=\"nofollow noopener\">Zelenskis<\/a>\u00a0parei\u0161k\u0117, kad per j\u0173 vizitus rugs\u0117jo 5 ir 6 dienomis <a href=\"https:\/\/www.tv3.lt\/gaires\/ukraina\" target=\"_blank\" class=\"phrase\" rel=\"nofollow noopener\">Ukraina<\/a> u\u017etikrins \u201enormal\u0173 <a href=\"https:\/\/www.tv3.lt\/rubrika\/naujienos\/uzsienis\/rusija\" target=\"_blank\" class=\"phrase\" rel=\"nofollow noopener\">Rusijos<\/a> oro erdv\u0117s funkcionavim\u0105\u201c.\u00a0<\/p>\n<p>\n                                        \u0160altinis:<br \/>\n                                                                                    tv3.lt\n                                                                                <\/p>\n<p>Kvie\u010diame atrasti nauj\u0105 tv3.lt turin\u012f! Nuo \u0161iol portale j\u016bs\u0173 laukia ne tik <a href=\"https:\/\/www.tv3.lt\/testai\" rel=\"nofollow noopener\" target=\"_blank\">kasdien nauji testai<\/a>, bet ir <a href=\"https:\/\/www.tv3.lt\/kryziazodziai\" rel=\"nofollow noopener\" target=\"_blank\">kry\u017eia\u017eod\u017eiai <\/a>\u2013 i\u0161bandykite savo \u017einias, spr\u0119skite ir smagiai praleiskite laik\u0105. <\/p>\n","protected":false},"excerpt":{"rendered":"Apie tai prane\u0161\u0117 \u201eUkrainska\u00a0Pravda\u201c pa\u0161nekovai i\u0161 keli\u0173 brigad\u0173 skirtingomis kryptimis, taip pat auk\u0161to rango \u0161altinis saugumo strukt\u016brose.\u00a0 \u0160altini\u0173&hellip;\n","protected":false},"author":2,"featured_media":269507,"comment_status":"","ping_status":"","sticky":false,"template":"","format":"standard","meta":{"footnotes":"","_share_on_mastodon":"0"},"categories":[15],"tags":[38916,25,30,31,57,43,34,35,55,48,24,54,51,49,50,32,33,37,39,36,38,40,45,23,22,44,28,29,53,42,56,47,26,27,41,46,58,74,75,76,52],"class_list":["post-269506","post","type-post","status-publish","format-standard","has-post-thumbnail","category-pasaulis","tag-2026-09-04-234000","tag-antrastes","tag-breaking-news","tag-breakingnews","tag-daiktai","tag-dienos-kronika","tag-featured-news","tag-featurednews","tag-gatves-tekstai","tag-gyvenimas","tag-headlines","tag-interneto-pievos","tag-keliones","tag-kultura","tag-laisvalaikis","tag-latest-news","tag-latestnews","tag-lietuva","tag-lietuviu","tag-lithuania","tag-lithuanian","tag-lt","tag-mokslas-ir-it","tag-naujienos","tag-news","tag-pasaulis","tag-populiariausios-naujienos","tag-populiariausiosnaujienos","tag-projektai","tag-rinktiniai-tekstai","tag-simtmecio-portalas","tag-sportas","tag-top-stories","tag-topstories","tag-tv3-lt","tag-verslas","tag-video","tag-world","tag-world-news","tag-worldnews","tag-zaidimai"],"share_on_mastodon":{"url":"","error":"Validation failed: Text character limit of 500 exceeded"},"_links":{"self":[{"href":"https:\/\/www.europesays.com\/lt\/wp-json\/wp\/v2\/posts\/269506","targetHints":{"allow":["GET"]}}],"collection":[{"href":"https:\/\/www.europesays.com\/lt\/wp-json\/wp\/v2\/posts"}],"about":[{"href":"https:\/\/www.europesays.com\/lt\/wp-json\/wp\/v2\/types\/post"}],"author":[{"embeddable":true,"href":"https:\/\/www.europesays.com\/lt\/wp-json\/wp\/v2\/users\/2"}],"replies":[{"embeddable":true,"href":"https:\/\/www.europesays.com\/lt\/wp-json\/wp\/v2\/comments?post=269506"}],"version-history":[{"count":0,"href":"https:\/\/www.europesays.com\/lt\/wp-json\/wp\/v2\/posts\/269506\/revisions"}],"wp:featuredmedia":[{"embeddable":true,"href":"https:\/\/www.europesays.com\/lt\/wp-json\/wp\/v2\/media\/269507"}],"wp:attachment":[{"href":"https:\/\/www.europesays.com\/lt\/wp-json\/wp\/v2\/media?parent=269506"}],"wp:term":[{"taxonomy":"category","embeddable":true,"href":"https:\/\/www.europesays.com\/lt\/wp-json\/wp\/v2\/categories?post=269506"},{"taxonomy":"post_tag","embeddable":true,"href":"https:\/\/www.europesays.com\/lt\/wp-json\/wp\/v2\/tags?post=269506"}],"curies":[{"name":"wp","href":"https:\/\/api.w.org\/{rel}","templated":true}]}}