{"id":269518,"date":"2026-09-05T04:25:19","date_gmt":"2026-09-05T04:25:19","guid":{"rendered":"https:\/\/www.europesays.com\/lt\/269518\/"},"modified":"2026-09-05T04:25:19","modified_gmt":"2026-09-05T04:25:19","slug":"pasieke-absurdo-virsune-gydytojai-nebegali-tyleti-stai-kokiu-pacientu-sulaukia","status":"publish","type":"post","link":"https:\/\/www.europesays.com\/lt\/269518\/","title":{"rendered":"Pasiek\u0117 absurdo vir\u0161\u016bn\u0119: gydytojai nebegali tyl\u0117ti \u2013 \u0161tai koki\u0173 pacient\u0173 sulaukia"},"content":{"rendered":"\n<p>Lietuvos profesin\u0117s \u0161eimos gydytoj\u0173 s\u0105jungos valdybos pirminink\u0117s Almos Astafjevos pasteb\u0117jimu, \u0161i problema d\u0117l b\u016btinyb\u0117s i\u0161duoti tokias pa\u017eymas n\u0117ra nauja.<\/p>\n<p>\u201eMes, kaip organizacija, jau daug met\u0173 kalbame apie tai. Dal\u012f pa\u017eym\u0173 su ministerijos pagalba jau esame panaikin\u0119. Pavyzd\u017eiui, turb\u016bt viena labiausiai \u012fsiminusi\u0173 pa\u017eym\u0173, kurios pakeitim\u0105 reik\u0117jo labai sunkiai derinti, buvo ta, kad n\u0117\u0161\u010diajai moteriai ar auginantiems k\u016bdikius t\u0117vams reik\u0117davo pa\u017eymos i\u0161 \u0161eimos gydytojo, kad b\u016bt\u0173 patikrintas j\u0173 \u0161ulinio vanduo.\u00a0<\/p>\n<p>Atrodo, taip paprasta \u2013 n\u0117\u0161\u010dioji turi <a href=\"https:\/\/www.tv3.lt\/gaires\/nestumas\" target=\"_blank\" class=\"phrase\" rel=\"nofollow noopener\">n\u0117\u0161tumo<\/a> kortel\u0119, k\u016bdikis turi gimimo liudijim\u0105, tai kaip ir gal\u0117t\u0173 patikrinti. Ir buvo labai daug diskusij\u0173, kod\u0117l visgi mes turime tas pa\u017eymas ra\u0161yti. Taigi per a\u0161tuoneris metus t\u0173 pa\u017eym\u0173 esame jau \u0161iek tiek apma\u017ein\u0119, bet j\u0173 vis dar yra labai daug\u201c, \u2013 komentavo ji.\u00a0<\/p>\n<p>     <a href=\"https:\/\/www.tv3.lt\/Uploads\/UGallery\/photos\/94\/53\/84\/43\/945384431f51ead449d51cd27834d909.jpg\" data-fancybox=\"photos-embed\" data-caption=\"Poliklinika (Gabrieliaus Vai\u0161vilos nuotr.) (nuotr. Elta)\" target=\"_self\" rel=\"nofollow noopener\"> <img decoding=\"async\" class=\"photo-inside-article\" align=\"center\" alt=\"Poliklinika (Gabrieliaus Vai\u0161vilos nuotr.) (nuotr. Elta)\" title=\"Poliklinika (Gabrieliaus Vai\u0161vilos nuotr.) (nuotr. Elta)\" src=\"https:\/\/www.europesays.com\/lt\/wp-content\/uploads\/2026\/09\/945384431f51ead449d51cd27834d909.jpg\" width=\"684\" height=\"654\" loading=\"lazy\" \/> <\/a>       \u012ekaitais tampa tiek gydytojai, tiek pacientai <\/p>\n<p>Pa\u0161nekov\u0117s tvirtinimu, toki\u0173 medicinin\u0117s vert\u0117 i\u0161 esm\u0117s neturin\u010di\u0173 pa\u017eym\u0173 i\u0161davin\u0117jimas u\u017eima nema\u017e\u0105 \u0161eimos gydytoj\u0173 darbo dal\u012f taip atimant laik\u0105 i\u0161 pacient\u0173, kuriems i\u0161ties reikia pagalbos.\u00a0 \u00a0<\/p>\n<p>\u201eI\u0161 savo praktikos galiu pasakyti, kad dirbdama visu etatu per savait\u0119 d\u0117l \u012fvairi\u0173 pa\u017eym\u0173 turiu kokias penkias\u2013\u0161e\u0161ias konsultacijas.\u00a0<\/p>\n<p>Ir jeigu pacientas, u\u017esiregistrav\u0119s pirminei konsultacijai, kuri yra 15\u201320 minu\u010di\u0173 trukm\u0117s, pra\u0161o para\u0161yti pa\u017eym\u0105, kuri\u0105 reikia pateikti ka\u017ekokiai institucijai, tu supranti, kad tavo laikas tiesiog yra sugai\u0161tas.\u00a0<\/p>\n<p>Taip tiek gydytojas, tiek pacientas tampa situacijos \u012fkaitais \u2013 \u017emogus be tos pa\u017eymos negaus ka\u017ekokios paslaugos, o gydytojui j\u0105 tenka i\u0161ra\u0161yti u\u017euot pakonsultavus pacient\u0105 d\u0117l realios medicinin\u0117s pagalbos\u201c, \u2013 kalb\u0117jo A. Astafjeva.\u00a0<\/p>\n<p> Patys pacientai dalinasi absurdi\u0161kais pavyzd\u017eiais <\/p>\n<p>Nor\u0117dama atkreipti d\u0117mes\u012f \u012f problemos mast\u0105 ir paskatinti poky\u010dius visoje sistemoje, profesin\u0117 s\u0105junga prad\u0117jo kampanij\u0105 \u201eRo\u017einis krokodilas\u201c. Jos metu\u00a0medikai\u00a0ir pacientai kvie\u010diami dalintis absurdi\u0161kiausi\u0173 ar net \u0161ypsen\u0105 kelian\u010di\u0173 pa\u017eym\u0173 pavyzd\u017eiais. \u00a0<\/p>\n<p>Pasak pa\u0161nekov\u0117s, vos per kelias akcijos dienas jau sulaukta keli\u0173 de\u0161im\u010di\u0173 anket\u0173, kurias pildo ir pacientai:<\/p>\n<p>\u201eTikrai matome tendencijas, kad t\u0173 pa\u017eym\u0173 vis dar pra\u0161o. Matosi sritys, kur turb\u016bt reik\u0117s atskir\u0173 diskusij\u0173 su tam tikromis institucijomis.\u00a0<\/p>\n<p>     <a href=\"https:\/\/www.tv3.lt\/Uploads\/UGallery\/photos\/04\/4a\/c6\/0d\/044ac60dc9e8e6e118ecc4f786d2602d.jpg\" data-fancybox=\"photos-embed\" data-caption=\"Alma Astafjeva (nuotr. BNS) (nuotr. Roberto Riabovo)\" target=\"_self\" rel=\"nofollow noopener\"> <img decoding=\"async\" class=\"photo-inside-article\" align=\"center\" alt=\"Alma Astafjeva (nuotr. BNS) (nuotr. Roberto Riabovo)\" title=\"Alma Astafjeva (nuotr. BNS) (nuotr. Roberto Riabovo)\" src=\"https:\/\/www.europesays.com\/lt\/wp-content\/uploads\/2026\/09\/044ac60dc9e8e6e118ecc4f786d2602d.jpg\" width=\"684\" height=\"654\" loading=\"lazy\" \/> <\/a>       <\/p>\n<p>Pavyzd\u017eiui, turb\u016bt absurdi\u0161kiausia pa\u017eyma, kiek sp\u0117jome su komanda per\u017ei\u016br\u0117ti, buvo tokia: viena religin\u0117 bendruomen\u0117 papra\u0161\u0117 paciento pa\u017eymos, kad pacientas ne\u0161ioja sauskelnes. Tai \u010dia tikrai atrodo absurdo vir\u0161\u016bn\u0117.<\/p>\n<p>Dar vienas i\u0161 absurdi\u0161kesni\u0173 atvej\u0173 \u2013 pasirodo, Jungtin\u0117s Karalyst\u0117s draudimo kompanijos pra\u0161o informacijos, kad pacientas yra gyvas. \u0160iandien pacientas gyvas, bet kaip bus rytoj, a\u0161 juk negaliu garantuoti. Ir kaip \u0161it\u0105 problem\u0105 spr\u0119sti, irgi ne\u012fsivaizduoju, nes tai jau yra kitos \u0161alies pra\u0161ymas. Turime nema\u017eai problem\u0173 su draudimo kompanijomis, kurios pra\u0161o \u012fvairi\u0173 duomen\u0173.\u201c\u00a0<\/p>\n<p>         Gai\u0161ina laik\u0105 ir kelia nepasitenkinim\u0105 <\/p>\n<p>Gydytoja pasakojo, kad b\u016bta ir pra\u0161ym\u0173 d\u0117l pa\u017eymos, kad pacientas naudoja sauskelnes ir reikia priemoni\u0173 toms sauskeln\u0117ms laikyti.<\/p>\n<p>\u201eTurb\u016bt yra toks institucij\u0173 nepasitik\u0117jimas pacientais ir jos reikalauja i\u0161 m\u016bs\u0173 pa\u017eym\u0173 kaip patvirtinimo, kad taip tikrai yra. Bet turb\u016bt reikia suvokti, kad tas nepasitik\u0117jimas kainuoja gydytojo ir paciento laik\u0105, sukelia nepasitenkinim\u0105.\u00a0<\/p>\n<p>Jeigu \u017emogus at\u0117jo ir sako, kad reikia ka\u017ekokios talpos sauskeln\u0117ms laikyti ar, ne\u017einau, ka\u017ekoki\u0173 technini\u0173 priemoni\u0173, ve\u017eim\u0117lio ar rament\u0173, tai turb\u016bt tas pacientas ne \u0161iaip sau kreipiasi.\u00a0<\/p>\n<p>Bet i\u0161 to nepasitik\u0117jimo ir gimsta reikalavimai eiti pas \u0161eimos gydytoj\u0105, pasiimti pa\u017eym\u0105, kuri b\u016bt\u0173 kaip patvirtinimas, kad jam to tikrai reikia\u201c, \u2013 kalb\u0117jo ji.<\/p>\n<blockquote>\n<p>Pavyzd\u017eiui, turb\u016bt absurdi\u0161kiausia pa\u017eyma, kiek sp\u0117jome su komanda per\u017ei\u016br\u0117ti, buvo tokia: viena religin\u0117 bendruomen\u0117 papra\u0161\u0117 paciento pa\u017eymos, kad pacientas ne\u0161ioja sauskelnes. Tai \u010dia tikrai atrodo absurdo vir\u0161\u016bn\u0117.<\/p>\n<\/blockquote>\n<p>Neretai \u0161eimos gydytojams tenka i\u0161duoti ir pa\u017eym\u0105 malkoms. \u201e\u017dinoma, tokios pa\u017eymos atsiranda ne tod\u0117l, kad ka\u017ekas nusprend\u0117 gydytojo paklausti, kiek \u017emogui reikia malk\u0173. Da\u017eniausiai u\u017e administracinio reikalavimo slypi tam tikra socialin\u0117 aplinkyb\u0117 ar \u017emogaus sveikatos b\u016bkl\u0117, kuri suteikia teis\u0119 \u012f lengvat\u0105, kompensacij\u0105 ar kit\u0105 pagalb\u0105.<\/p>\n<p>Ta\u010diau b\u016btent \u010dia ir kyla esminis klausimas: jeigu valstyb\u0117 jau yra nusta\u010diusi \u017emogaus negali\u0105, individualios pagalbos poreik\u012f ar kit\u0105 status\u0105, kod\u0117l pacientas turi dar kart\u0105 eiti pas \u0161eimos gydytoj\u0105, kad \u0161is perra\u0161yt\u0173 ar patvirtint\u0173 informacij\u0105, kuri valstybei jau yra \u017einoma?\u201c \u2013 svarst\u0117 \u0161eimos gydytoja Rasa Isevi\u010dien\u0117.<\/p>\n<p> Pa\u017eyma, kad negali skusti barzdos arba grei\u010diau susituokt\u0173 <\/p>\n<p>Kitas antak\u012f kilstel\u0117ti priver\u010diantis pavyzdys \u2013 pa\u017eyma, kad \u017emogus negali skustis barzdos.<\/p>\n<p>\u201eTikrai ai\u0161ku, kad jau tur\u0117sim diskusij\u0173 su kariuomen\u0117s organizacijomis, nes tikrai daug ra\u0161oma apie pa\u017eymas, kai i\u0161 \u0161eimos gydytoj\u0173 pra\u0161oma nurodyti, kad \u017emogus negali skustis barzdos, nes j\u012f beria, ar ne\u0161ioti tam tikros avalyn\u0117s. Nors i\u0161 ties\u0173 karo tarnyba turi ir medikus, kurie gal\u0117t\u0173 spr\u0119sti \u0161ias problemas.<\/p>\n<p>Taip pat gydytojai sulaukia vizit\u0173 d\u0117l pa\u017eymos, kad reikia kitokios darbdavio pritaikytos avalyn\u0117s. Visa tai yra \u017emon\u0117ms svarbios problemos, bet ar tikrai tam reikia \u0161eimos gydytojo?\u00a0<\/p>\n<p>        <a href=\"https:\/\/www.tv3.lt\/Uploads\/UGallery\/photos\/1c\/f5\/fe\/30\/1cf5fe30f843b46cf5aceaaed1923060.jpg\" data-fancybox=\"photos-embed\" data-caption=\"Poliklinika \u017dygimantas Gedvila\/ELTA\" target=\"_self\" rel=\"nofollow noopener\"> <img decoding=\"async\" class=\"photo-inside-article\" align=\"center\" alt=\"Poliklinika \u017dygimantas Gedvila\/ELTA\" title=\"Poliklinika \u017dygimantas Gedvila\/ELTA\" src=\"https:\/\/www.europesays.com\/lt\/wp-content\/uploads\/2026\/09\/1cf5fe30f843b46cf5aceaaed1923060.jpg\" width=\"684\" height=\"654\" loading=\"lazy\" \/> <\/a>       <\/p>\n<p>Pavyzd\u017eiui, taip pat gavome ir toki\u0173 pa\u017eym\u0173 su pra\u0161ymais nurodyti, kad pacientas negali dirbti savaitgaliais. Kaip \u0161eimos gydytojas gali priimti sprendim\u0105, kad pacientas negali dirbti savaitgaliais? Toks pra\u0161ymas.<\/p>\n<p>Dar labai \u012fdomus atvejis \u2013 pasirodo, metrikacijos biurai pra\u0161o pa\u017eymos, kad pacientai gal\u0117t\u0173 grei\u010diau registruoti santuok\u0105. Ai\u0161ku, \u010dia turb\u016bt viskas susij\u0119 su n\u0117\u0161tumu, bet kyla klausimas, kaip \u010dia \u0161eimos gydytojas duoda leidim\u0105 grei\u010diau susituokti&#8230;\u201c \u2013 komentavo A. Astafjeva.<\/p>\n<p>     D\u017eiaugiasi, kad pa\u017eyma \u0161achmat\u0173 b\u016breliui \u2013 jau praeitis <\/p>\n<p>Pasak gydytojos, Lietuvos gydytojai \u2013 ne vieninteliai, kurie susiduria su toki\u0173 absurdi\u0161k\u0173 pa\u017eym\u0173 i\u0161ra\u0161in\u0117jimu. \u201eSkirtingos \u0161alys turi skirting\u0173 problem\u0173. Daug \u0161ali\u0173 susiduria d\u0117l pa\u017eym\u0173 i\u0161davimo sportuojantiems vaikams\u201c, \u2013 sak\u0117 ji.\u00a0<\/p>\n<p>Pa\u0161nekov\u0117 pasid\u017eiaug\u0117, kad <a href=\"https:\/\/www.tv3.lt\/rubrika\/naujienos\/lietuva\" target=\"_blank\" class=\"phrase\" rel=\"nofollow noopener\">Lietuvoje<\/a> i\u0161 \u0161eimos gydytoj\u0173 pa\u017eym\u0173 <a href=\"https:\/\/www.tv3.lt\/rubrika\/naujienos\/sportas\" target=\"_blank\" class=\"phrase\" rel=\"nofollow noopener\">sporto<\/a> b\u016breliams pagaliau nuo liepos m\u0117nesio nebebus pra\u0161oma \u2013 tam pakaks kasmetinio mokinio sveikatos pa\u017eym\u0117jimo.<\/p>\n<p>\u201eMinisterijos darbuotoj\u0173 jau yra padarytas did\u017eiulis darbas \u2013 mums nebereik\u0117s ra\u0161yti pa\u017eym\u0173 nei norint lankyti \u0161achmat\u0173, nei kit\u0105 kok\u012f b\u016brel\u012f.\u00a0<\/p>\n<p>Pavyzd\u017eiui, iki \u0161iol susidurdavome su tokia situacija \u2013 jei vaikas lanko basein\u0105 po pamok\u0173, pa\u017eymas reik\u0117davo ra\u0161yti kas keturis m\u0117nesius. Turb\u016bt suprantame, kad tai n\u0117ra normalu\u201c, \u2013 konstatavo \u0161eimos gydytoja.<\/p>\n<p>     <a href=\"https:\/\/www.tv3.lt\/Uploads\/UGallery\/photos\/03\/32\/85\/9f\/0332859fa02a001402a5bdd353cac2c7.jpg\" data-fancybox=\"photos-embed\" data-caption=\"Rasa Isevi\u010dien\u0117\" target=\"_self\" rel=\"nofollow noopener\"> <img decoding=\"async\" class=\"photo-inside-article\" align=\"center\" alt=\"Rasa Isevi\u010dien\u0117\" title=\"Rasa Isevi\u010dien\u0117\" src=\"https:\/\/www.europesays.com\/lt\/wp-content\/uploads\/2026\/09\/0332859fa02a001402a5bdd353cac2c7.jpg\" width=\"684\" height=\"654\" loading=\"lazy\" \/> <\/a>       Prisid\u0117t\u0173 ma\u017einant eiles pas gydytojus <\/p>\n<p>Pasak pa\u0161nekov\u0117s, tu\u0161\u010dio biurokratizmo vis dar i\u0161lieka ne tik d\u0117l min\u0117t\u0173 pa\u017eym\u0173, bet nedarbingum\u0173 pa\u017eym\u0117jim\u0173 i\u0161davimo tvarkos, kai, pavyzd\u017eiui, j\u0173 pra\u0161yti ateina bedarbiai.<\/p>\n<p>\u201eBe abejo, nedarbingumo pa\u017eym\u0117jimas yra \u0161iek tiek kitoks dalykas, nes pacientas ateina d\u0117l medicinini\u0173 prie\u017eas\u010di\u0173. Bet ir \u010dia yra \u012fvairi\u0173 \u012fdomybi\u0173. Pasirodo, yra labai daug skirting\u0173 tvark\u0173 savivaldyb\u0117se. Vienur <a href=\"https:\/\/www.tv3.lt\/gaires\/uzimtumo-tarnyba\" target=\"_blank\" class=\"phrase\" rel=\"nofollow noopener\">U\u017eimtumo tarnyba<\/a> pra\u0161o \u0161eimos gydytojo nurodyti, kok\u012f darb\u0105 pacientas gali dirbti. Mano, kaip \u0161eimos gydytojo, kompetencija neleist\u0173 atsakyti, kok\u012f darb\u0105 pacientas gali dirbti.<\/p>\n<p>\u0160eimos gydytojas, tur\u0117damas medicinin\u0119 knygel\u0119 ir matydamas tam tikrus rizikos veiksnius, gali pasakyti, ar pacientas gali dirbti konkre\u010diomis s\u0105lygomis. Bet i\u0161 anksto pasakyti, kokio darbo jis negali dirbti neturime tokios galimyb\u0117s.<\/p>\n<p>Taigi matome, kad su U\u017eimtumo tarnyba laukia nema\u017eai diskusij\u0173, kaip ir su kariuomene, taip pat \u2013 su institucijomis d\u0117l socialini\u0173 klausim\u0173. M\u016bs\u0173 tikslas yra surinkti informacij\u0105, susisteminti, \u012ftraukti ir savivaldybes, ir tada s\u0117sti bei galvoti, kaip tas problemas spr\u0119sti\u201c, \u2013 kalb\u0117jo A. Astafjeva.<\/p>\n<p>Ji pabr\u0117\u017e\u0117, kad visa tai reik\u0161mingai prisid\u0117t\u0173 ir prie eili\u0173 ma\u017einimo. \u201eKai kuriais atvejais gal u\u017etekt\u0173 tiesiog paskambinti kokiai nors bendruomenei ir pasakyti: \u201e\u017di\u016br\u0117kite, gal taip daryti n\u0117ra labai gerai\u201c. Bet kitais atvejais jau reik\u0117s sistemini\u0173 sprendim\u0173. Ministerija \u0161iuo klausimu yra pakankamai geranori\u0161kai nusiteikusi. Jie supranta, koki\u0105 akcij\u0105 vykdome.<\/p>\n<p>Nes jeigu ministerijos tikslas yra ma\u017einti eiles, tai ir prisid\u0117kime prie j\u0173 ma\u017einimo \u2013 padarykime taip, kad neb\u016bt\u0173 registracij\u0173 pas gydytojus d\u0117l toki\u0173 pa\u017eym\u0173, kurios atrodo visi\u0161kai absurdi\u0161kai.\u201c \u00a0<\/p>\n","protected":false},"excerpt":{"rendered":"Lietuvos profesin\u0117s \u0161eimos gydytoj\u0173 s\u0105jungos valdybos pirminink\u0117s Almos Astafjevos pasteb\u0117jimu, \u0161i problema d\u0117l b\u016btinyb\u0117s i\u0161duoti tokias pa\u017eymas n\u0117ra&hellip;\n","protected":false},"author":2,"featured_media":269519,"comment_status":"","ping_status":"","sticky":false,"template":"","format":"standard","meta":{"footnotes":"","_share_on_mastodon":"0"},"categories":[13],"tags":[38917,25,30,31,57,43,34,35,55,48,24,54,51,49,50,32,33,37,39,36,38,40,45,23,22,44,28,29,53,42,56,47,26,27,41,46,58,52],"class_list":["post-269518","post","type-post","status-publish","format-standard","has-post-thumbnail","category-lietuva","tag-2026-09-05-050000","tag-antrastes","tag-breaking-news","tag-breakingnews","tag-daiktai","tag-dienos-kronika","tag-featured-news","tag-featurednews","tag-gatves-tekstai","tag-gyvenimas","tag-headlines","tag-interneto-pievos","tag-keliones","tag-kultura","tag-laisvalaikis","tag-latest-news","tag-latestnews","tag-lietuva","tag-lietuviu","tag-lithuania","tag-lithuanian","tag-lt","tag-mokslas-ir-it","tag-naujienos","tag-news","tag-pasaulis","tag-populiariausios-naujienos","tag-populiariausiosnaujienos","tag-projektai","tag-rinktiniai-tekstai","tag-simtmecio-portalas","tag-sportas","tag-top-stories","tag-topstories","tag-tv3-lt","tag-verslas","tag-video","tag-zaidimai"],"share_on_mastodon":{"url":"","error":"Validation failed: Text character limit of 500 exceeded"},"_links":{"self":[{"href":"https:\/\/www.europesays.com\/lt\/wp-json\/wp\/v2\/posts\/269518","targetHints":{"allow":["GET"]}}],"collection":[{"href":"https:\/\/www.europesays.com\/lt\/wp-json\/wp\/v2\/posts"}],"about":[{"href":"https:\/\/www.europesays.com\/lt\/wp-json\/wp\/v2\/types\/post"}],"author":[{"embeddable":true,"href":"https:\/\/www.europesays.com\/lt\/wp-json\/wp\/v2\/users\/2"}],"replies":[{"embeddable":true,"href":"https:\/\/www.europesays.com\/lt\/wp-json\/wp\/v2\/comments?post=269518"}],"version-history":[{"count":0,"href":"https:\/\/www.europesays.com\/lt\/wp-json\/wp\/v2\/posts\/269518\/revisions"}],"wp:featuredmedia":[{"embeddable":true,"href":"https:\/\/www.europesays.com\/lt\/wp-json\/wp\/v2\/media\/269519"}],"wp:attachment":[{"href":"https:\/\/www.europesays.com\/lt\/wp-json\/wp\/v2\/media?parent=269518"}],"wp:term":[{"taxonomy":"category","embeddable":true,"href":"https:\/\/www.europesays.com\/lt\/wp-json\/wp\/v2\/categories?post=269518"},{"taxonomy":"post_tag","embeddable":true,"href":"https:\/\/www.europesays.com\/lt\/wp-json\/wp\/v2\/tags?post=269518"}],"curies":[{"name":"wp","href":"https:\/\/api.w.org\/{rel}","templated":true}]}}