{"id":269520,"date":"2026-09-05T04:29:11","date_gmt":"2026-09-05T04:29:11","guid":{"rendered":"https:\/\/www.europesays.com\/lt\/269520\/"},"modified":"2026-09-05T04:29:11","modified_gmt":"2026-09-05T04:29:11","slug":"siems-lietuvos-gyventojams-priklauso-nemokama-slauga-namuose-kiti-to-net-nezino-2","status":"publish","type":"post","link":"https:\/\/www.europesays.com\/lt\/269520\/","title":{"rendered":"\u0160iems Lietuvos gyventojams priklauso nemokama slauga namuose: kiti to net ne\u017eino"},"content":{"rendered":"\n<p>Ji gali b\u016bti skiriama \u017emon\u0117ms, kuriems d\u0117l sveikatos sutrikim\u0173 sud\u0117tinga savimi pasir\u016bpinti kasdien\u0117je buityje, taip pat pacientams po operacij\u0173, kai reikalinga profesionali prie\u017ei\u016bra.<\/p>\n<p>  Atskleid\u0117, kas gali gauti slaugos paslaugas namuose <\/p>\n<p>Specialistai taip pat paai\u0161kina, kas gali gauti \u0161ias paslaugas ir kaip jos teikiamos. Taip pat nurodoma, kur reik\u0117t\u0173 kreiptis norint gauti <a href=\"https:\/\/www.tv3.lt\/naujiena\/gyvenimas\/siems-lietuviams-slauga-namuose-priklauso-nemokamai-zino-ne-visi-n1406793\" rel=\"nofollow noopener\" target=\"_blank\">slaug\u0105 namuose<\/a>.<\/p>\n<p>\u201eSlauga namuose \u2013 tai Privalomojo sveikatos draudimo fondo l\u0117\u0161omis apmokama pagalba, skirta \u017emon\u0117ms, kuriems d\u0117l sveikatos sutrikim\u0173 sud\u0117tinga pasir\u016bpinti savimi kasdien\u0117je buityje arba po operacijos reikia profesionalios prie\u017ei\u016bros.<\/p>\n<p>Kas gali gauti slaugos paslaugas namuose?<\/p>\n<ul>\n<li>Privalomuoju sveikatos draudimu apdrausti pacientai, kuriems reikalinga trumpalaik\u0117 ar nuolatin\u0117 pagalba;<\/li>\n<li>\u017dmon\u0117s po operacij\u0173, kai reikia medicinin\u0117s prie\u017ei\u016bros namuose (siuntim\u0105 i\u0161ra\u0161o gydytojas chirurgas);<\/li>\n<li>Pacientai, kuri\u0173 slaugos poreik\u012f \u012fvertina \u0161eimos gydytojas pagal nustatyt\u0105 bal\u0173 sistem\u0105.<\/li>\n<\/ul>\n<p>Kaip dirba slaugos komanda?<\/p>\n<p>Slaugytojai, slaugytoj\u0173 pad\u0117j\u0117jai, kineziterapeutai ar ergoterapeutai pacientus lanko j\u0173 namuose.<\/p>\n<p>Kur kreiptis d\u0117l slaugos namuose?<\/p>\n<p>\u012e savo poliklinik\u0105 \u2013 ji teikia paslaug\u0105 pati arba turi sutart\u012f su kita \u012fstaiga. Pacientui tereikia \u0161eimos gydytojo (ar chirurgo) i\u0161ra\u0161yto siuntimo\u201c, \u2013 ra\u0161oma \u012fra\u0161e.<\/p>\n","protected":false},"excerpt":{"rendered":"Ji gali b\u016bti skiriama \u017emon\u0117ms, kuriems d\u0117l sveikatos sutrikim\u0173 sud\u0117tinga savimi pasir\u016bpinti kasdien\u0117je buityje, taip pat pacientams po&hellip;\n","protected":false},"author":2,"featured_media":269521,"comment_status":"","ping_status":"","sticky":false,"template":"","format":"standard","meta":{"footnotes":"","_share_on_mastodon":"0"},"categories":[6],"tags":[38918,25,30,31,57,43,34,35,55,48,24,54,51,49,50,32,33,37,39,36,38,40,45,23,22,44,28,29,53,42,56,47,26,27,41,46,58,52],"class_list":["post-269520","post","type-post","status-publish","format-standard","has-post-thumbnail","category-antrastes","tag-2026-09-03-135000","tag-antrastes","tag-breaking-news","tag-breakingnews","tag-daiktai","tag-dienos-kronika","tag-featured-news","tag-featurednews","tag-gatves-tekstai","tag-gyvenimas","tag-headlines","tag-interneto-pievos","tag-keliones","tag-kultura","tag-laisvalaikis","tag-latest-news","tag-latestnews","tag-lietuva","tag-lietuviu","tag-lithuania","tag-lithuanian","tag-lt","tag-mokslas-ir-it","tag-naujienos","tag-news","tag-pasaulis","tag-populiariausios-naujienos","tag-populiariausiosnaujienos","tag-projektai","tag-rinktiniai-tekstai","tag-simtmecio-portalas","tag-sportas","tag-top-stories","tag-topstories","tag-tv3-lt","tag-verslas","tag-video","tag-zaidimai"],"share_on_mastodon":{"url":"","error":"Validation failed: Text character limit of 500 exceeded"},"_links":{"self":[{"href":"https:\/\/www.europesays.com\/lt\/wp-json\/wp\/v2\/posts\/269520","targetHints":{"allow":["GET"]}}],"collection":[{"href":"https:\/\/www.europesays.com\/lt\/wp-json\/wp\/v2\/posts"}],"about":[{"href":"https:\/\/www.europesays.com\/lt\/wp-json\/wp\/v2\/types\/post"}],"author":[{"embeddable":true,"href":"https:\/\/www.europesays.com\/lt\/wp-json\/wp\/v2\/users\/2"}],"replies":[{"embeddable":true,"href":"https:\/\/www.europesays.com\/lt\/wp-json\/wp\/v2\/comments?post=269520"}],"version-history":[{"count":0,"href":"https:\/\/www.europesays.com\/lt\/wp-json\/wp\/v2\/posts\/269520\/revisions"}],"wp:featuredmedia":[{"embeddable":true,"href":"https:\/\/www.europesays.com\/lt\/wp-json\/wp\/v2\/media\/269521"}],"wp:attachment":[{"href":"https:\/\/www.europesays.com\/lt\/wp-json\/wp\/v2\/media?parent=269520"}],"wp:term":[{"taxonomy":"category","embeddable":true,"href":"https:\/\/www.europesays.com\/lt\/wp-json\/wp\/v2\/categories?post=269520"},{"taxonomy":"post_tag","embeddable":true,"href":"https:\/\/www.europesays.com\/lt\/wp-json\/wp\/v2\/tags?post=269520"}],"curies":[{"name":"wp","href":"https:\/\/api.w.org\/{rel}","templated":true}]}}