{"id":269524,"date":"2026-09-05T04:36:04","date_gmt":"2026-09-05T04:36:04","guid":{"rendered":"https:\/\/www.europesays.com\/lt\/269524\/"},"modified":"2026-09-05T04:36:04","modified_gmt":"2026-09-05T04:36:04","slug":"ekspertai-pateike-isvadas-del-jevgenijaus-suklino-mirties","status":"publish","type":"post","link":"https:\/\/www.europesays.com\/lt\/269524\/","title":{"rendered":"Ekspertai pateik\u0117 i\u0161vadas d\u0117l Jevgenijaus \u0160uklino mirties"},"content":{"rendered":"<p>\u201eGavus teismo medicinos ekspert\u0173 i\u0161vad\u0105 nustatyta, kad vyro mirtis \u012fvyko d\u0117l nat\u016brali\u0173, su sveikatos b\u016bkle susijusi\u0173 prie\u017eas\u010di\u0173. Kit\u0173 aplinkybi\u0173, gal\u0117jusi\u0173 lemti mirt\u012f, nenustatyta\u201c, \u2013 nurod\u0117 policija.<\/p>\n<p>Jos duomenimis, ikiteisminis tyrimas asmens mirties prie\u017eas\u010diai nustatyti t\u0119siamas, atliekami procesiniai veiksmai. Gavus min\u0117t\u0105 i\u0161vad\u0105, tyrimas grei\u010diausiai bus nutrauktas.<\/p>\n<p>BNS ra\u0161\u0117, kad Seimo liberalas, buv\u0119s \u017einomas sportininkas, eidamas 41-uosius metus mir\u0117 gegu\u017e\u0117s pabaigoje, staiga pablog\u0117jus sveikatai.<\/p>\n<p>\u017diniasklaida anks\u010diau pavasar\u012f skelb\u0117, kad gr\u012f\u017eus po atostog\u0173, kur susirgo virusu, vyrui buvo atlikta operacija d\u0117l i\u0161sivys\u010diusios infekcijos. Taip pat jam buvo diagnozuota plau\u010di\u0173 pneumonija.<\/p>\n<p>Politiko karjer\u0105 J. \u0160uklinas prad\u0117jo 2014 metais Visagino savivaldyb\u0117s taryboje, kur dirbo de\u0161imtmet\u012f, o 2023 metais laikinai \u0117jo Visagino mero pareigas.<\/p>\n<p>Liberal\u0173 s\u0105j\u016bd\u017eiui J. \u0160uklinas priklaus\u0117 nuo 2022-\u0173j\u0173, 2024 metais jis buvo i\u0161rinktas \u012f Seim\u0105. Parlamentaras buvo i\u0161rinktas Nal\u0161ios \u0161iaurin\u0117je vienmandat\u0117je apygardoje, tad \u010dia bus rengiami nauji Seimo nario rinkimai.<\/p>\n<p>Velionis yra ne kart\u0105 u\u017e\u0117m\u0119s prizines vietas irklavimo pasaulio \u010dempionatuose, dalyvavo 2012 met\u0173 Londono olimpin\u0117se \u017eaidyn\u0117se. Jis taip pat u\u017esi\u0117m\u0117 sporto rengini\u0173 organizavimu.<\/p>\n","protected":false},"excerpt":{"rendered":"\u201eGavus teismo medicinos ekspert\u0173 i\u0161vad\u0105 nustatyta, kad vyro mirtis \u012fvyko d\u0117l nat\u016brali\u0173, su sveikatos b\u016bkle susijusi\u0173 prie\u017eas\u010di\u0173. Kit\u0173&hellip;\n","protected":false},"author":2,"featured_media":269525,"comment_status":"","ping_status":"","sticky":false,"template":"","format":"standard","meta":{"footnotes":"","_share_on_mastodon":"0"},"categories":[13],"tags":[25,30,31,34,35,24,32,33,37,39,36,38,40,23,22,28,29,26,27],"class_list":["post-269524","post","type-post","status-publish","format-standard","has-post-thumbnail","category-lietuva","tag-antrastes","tag-breaking-news","tag-breakingnews","tag-featured-news","tag-featurednews","tag-headlines","tag-latest-news","tag-latestnews","tag-lietuva","tag-lietuviu","tag-lithuania","tag-lithuanian","tag-lt","tag-naujienos","tag-news","tag-populiariausios-naujienos","tag-populiariausiosnaujienos","tag-top-stories","tag-topstories"],"share_on_mastodon":{"url":"https:\/\/pubeurope.com\/@lt\/117216581089335816","error":""},"_links":{"self":[{"href":"https:\/\/www.europesays.com\/lt\/wp-json\/wp\/v2\/posts\/269524","targetHints":{"allow":["GET"]}}],"collection":[{"href":"https:\/\/www.europesays.com\/lt\/wp-json\/wp\/v2\/posts"}],"about":[{"href":"https:\/\/www.europesays.com\/lt\/wp-json\/wp\/v2\/types\/post"}],"author":[{"embeddable":true,"href":"https:\/\/www.europesays.com\/lt\/wp-json\/wp\/v2\/users\/2"}],"replies":[{"embeddable":true,"href":"https:\/\/www.europesays.com\/lt\/wp-json\/wp\/v2\/comments?post=269524"}],"version-history":[{"count":0,"href":"https:\/\/www.europesays.com\/lt\/wp-json\/wp\/v2\/posts\/269524\/revisions"}],"wp:featuredmedia":[{"embeddable":true,"href":"https:\/\/www.europesays.com\/lt\/wp-json\/wp\/v2\/media\/269525"}],"wp:attachment":[{"href":"https:\/\/www.europesays.com\/lt\/wp-json\/wp\/v2\/media?parent=269524"}],"wp:term":[{"taxonomy":"category","embeddable":true,"href":"https:\/\/www.europesays.com\/lt\/wp-json\/wp\/v2\/categories?post=269524"},{"taxonomy":"post_tag","embeddable":true,"href":"https:\/\/www.europesays.com\/lt\/wp-json\/wp\/v2\/tags?post=269524"}],"curies":[{"name":"wp","href":"https:\/\/api.w.org\/{rel}","templated":true}]}}