{"id":269536,"date":"2026-09-05T04:56:23","date_gmt":"2026-09-05T04:56:23","guid":{"rendered":"https:\/\/www.europesays.com\/lt\/269536\/"},"modified":"2026-09-05T04:56:23","modified_gmt":"2026-09-05T04:56:23","slug":"litilit-naujojoje-gamykloje-vilniuje-ketinama-sukurti-iki-150-darbo-vietu","status":"publish","type":"post","link":"https:\/\/www.europesays.com\/lt\/269536\/","title":{"rendered":"\u201eLitilit\u201c naujojoje gamykloje Vilniuje ketinama sukurti iki 150 darbo viet\u0173"},"content":{"rendered":"<p>Lazeri\u0173 gamintoja \u201eLitilit\u201c spalio viduryje planuoja baigti \u012frengti nauj\u0105 gamykl\u0105 Vilniuje, \u012f kuri\u0105 investuoja apie 6 mln. eur\u0173. I\u0161pl\u0117tus gamybos paj\u0117gumus, bendrov\u0117je ilgainiui gal\u0117t\u0173 dirbti iki 150 darbuotoj\u0173, skelbia \u201eVerslo \u017einios\u201c.<\/p>\n<p>\u201eLitilit\u201c \u012fk\u016br\u0117jo ir vadovo Nikolajaus Gavrilino teigimu, naujoje gamykloje per kelerius metus gamybos paj\u0117gumai gal\u0117t\u0173 pasiekti 3 t\u016bkst. femtosekundini\u0173 lazeri\u0173 per metus.<\/p>\n<p>\u201eKai pasieksime tuos 3 t\u016bkst., tada gal\u0117sime tur\u0117ti ir 150 darbuotoj\u0173\u201c, \u2013 \u201eVerslo \u017einioms\u201c sak\u0117 N. Gavrilinas.<\/p>\n<p>Skelbiama, kad \u0161iuo metu \u201eLitilit\u201c dirba 56 darbuotojai, o kitoje N. Gavrilino vadovaujamoje bendrov\u0117je \u201eAt\u017ealas\u201c \u2013 dar 25. Per artimiausius metus bendras darbuotoj\u0173 skai\u010dius tur\u0117t\u0173 i\u0161augti iki ma\u017edaug 100.<\/p>\n<p>Naujoji gamykla u\u017eims apie 4 t\u016bkst. kvadratini\u0173 metr\u0173 ploto, i\u0161 kuri\u0173 pirmajame etape gamybai bus naudojama apie 2,5 t\u016bkst. kvadratini\u0173 metr\u0173. Joje numatoma \u012frengti metalo apdirbimo cech\u0105, \u0161viesolaid\u017ei\u0173 gamybos centr\u0105 ir robotizuot\u0105 lazeri\u0173 surinkimo linij\u0105.<\/p>\n<p>Pirmaisiais gamybos metais bendrov\u0117 planuoja pagaminti iki 1 t\u016bkst. femtosekundini\u0173 lazeri\u0173, v\u0117liau gamybos apimtis ketinama patrigubinti.<\/p>\n<p>Vienu i\u0161 tolesnio augimo varikli\u0173 \u201eLitilit\u201c laiko kuriam\u0105 modulin\u0119 femtosekundini\u0173 lazeri\u0173 sistem\u0105 \u201eFemoda\u201c. Jos vystymui bendrov\u0117 gavo 8 mln. eur\u0173 nacionalinio pl\u0117tros banko ILTE paskol\u0105, o bendra projekto vert\u0117 siekia apie 10 mln. eur\u0173.<\/p>\n<p>\t\t\t\t\t\t\t\t\t\t\t\t <img decoding=\"async\" src=\"https:\/\/www.europesays.com\/lt\/wp-content\/uploads\/2026\/09\/1788584183_41_elta.png\"\/><\/p>\n","protected":false},"excerpt":{"rendered":"Lazeri\u0173 gamintoja \u201eLitilit\u201c spalio viduryje planuoja baigti \u012frengti nauj\u0105 gamykl\u0105 Vilniuje, \u012f kuri\u0105 investuoja apie 6 mln. eur\u0173.&hellip;\n","protected":false},"author":2,"featured_media":269537,"comment_status":"","ping_status":"","sticky":false,"template":"","format":"standard","meta":{"footnotes":"","_share_on_mastodon":"0"},"categories":[17],"tags":[81,1348,7229,37,39,36,38,40,46],"class_list":["post-269536","post","type-post","status-publish","format-standard","has-post-thumbnail","category-verslas","tag-business","tag-darbas","tag-gamykla","tag-lietuva","tag-lietuviu","tag-lithuania","tag-lithuanian","tag-lt","tag-verslas"],"share_on_mastodon":{"url":"https:\/\/pubeurope.com\/@lt\/117216660152825561","error":""},"_links":{"self":[{"href":"https:\/\/www.europesays.com\/lt\/wp-json\/wp\/v2\/posts\/269536","targetHints":{"allow":["GET"]}}],"collection":[{"href":"https:\/\/www.europesays.com\/lt\/wp-json\/wp\/v2\/posts"}],"about":[{"href":"https:\/\/www.europesays.com\/lt\/wp-json\/wp\/v2\/types\/post"}],"author":[{"embeddable":true,"href":"https:\/\/www.europesays.com\/lt\/wp-json\/wp\/v2\/users\/2"}],"replies":[{"embeddable":true,"href":"https:\/\/www.europesays.com\/lt\/wp-json\/wp\/v2\/comments?post=269536"}],"version-history":[{"count":0,"href":"https:\/\/www.europesays.com\/lt\/wp-json\/wp\/v2\/posts\/269536\/revisions"}],"wp:featuredmedia":[{"embeddable":true,"href":"https:\/\/www.europesays.com\/lt\/wp-json\/wp\/v2\/media\/269537"}],"wp:attachment":[{"href":"https:\/\/www.europesays.com\/lt\/wp-json\/wp\/v2\/media?parent=269536"}],"wp:term":[{"taxonomy":"category","embeddable":true,"href":"https:\/\/www.europesays.com\/lt\/wp-json\/wp\/v2\/categories?post=269536"},{"taxonomy":"post_tag","embeddable":true,"href":"https:\/\/www.europesays.com\/lt\/wp-json\/wp\/v2\/tags?post=269536"}],"curies":[{"name":"wp","href":"https:\/\/api.w.org\/{rel}","templated":true}]}}