{"id":269538,"date":"2026-09-05T04:59:41","date_gmt":"2026-09-05T04:59:41","guid":{"rendered":"https:\/\/www.europesays.com\/lt\/269538\/"},"modified":"2026-09-05T04:59:41","modified_gmt":"2026-09-05T04:59:41","slug":"lietuvoje-atsiras-nauja-savanoriska-tarnyba-jai-numatyta-skirti-daugiau-nei-43-mln-euru","status":"publish","type":"post","link":"https:\/\/www.europesays.com\/lt\/269538\/","title":{"rendered":"Lietuvoje atsiras nauja savanori\u0161ka tarnyba: jai numatyta skirti daugiau nei 4,3 mln. eur\u0173"},"content":{"rendered":"\n<p>Ministerijos teigimu, nacionalin\u0117 savanori\u0161ka tarnyba bus skirta asmenims,\u00a0norintiems \u012f savanori\u0161k\u0105 veikl\u0105 \u012fsitraukti nuosekliai ilgalaik\u0117je perspektyvoje.<\/p>\n<p>\u0160e\u0161is m\u0117nesius trunkan\u010dios tarnybos metu savanoriai gal\u0117s pasirinkti 120 arba 240 valand\u0173 savanori\u0161kos veiklos program\u0105. Savanorius lyd\u0117s koordinuojan\u010diosios ir priiman\u010diosios organizacijos, kurios pad\u0117s pasirinkti tinkam\u0105 veikl\u0105, konsultuos ir u\u017etikrins skland\u0173 \u012fsitraukim\u0105. Savanoriams, mentoriams, kuratoriams ir kitiems su savanoriais dirbantiems \u017emon\u0117ms taip pat bus rengiami mokymai ir konsultacijos.<\/p>\n<p>Socialin\u0117s apsaugos ir darbo viceministr\u0117 Deimant\u0117 Bukeikait\u0117 sako, kad savanoryst\u0117 neturi am\u017eiaus ribos. Be to, jos teigimu, vyresni \u017emon\u0117s atsine\u0161a daug vertingos gyvenimi\u0161kos ir profesin\u0117s patirties, kuri gali b\u016bti itin naudinga nevyriausybin\u0117ms organizacijoms ir bendruomen\u0117ms.<\/p>\n<p>\u201eTod\u0117l turime sudaryti s\u0105lygas \u0161i\u0105 patirt\u012f panaudoti prasmingai ir kartu suteikti \u017emon\u0117ms galimyb\u0119 mokytis, augti ir atrasti naujas veiklos formas\u201c, \u2013 prane\u0161ime pabr\u0117\u017e\u0117 D. Bukeikait\u0117.<\/p>\n<p>Anot ministerijos, Lietuva iki 2030 met\u0173 siekia padidinti savanori\u0161koje veikloje dalyvaujan\u010di\u0173 gyventoj\u0173 dal\u012f iki 22 proc. Nors\u00a0ilgesn\u0117je perspektyvoje savanori\u0173 skai\u010dius did\u0117ja, pastaraisiais metais j\u0173 dalis siek\u0117 13,8 proc.\u00a0<\/p>\n<p>    Sudarys daugiau galimybi\u0173 savanoriauti <\/p>\n<p>Tikimasi, kad naujai kuriama savanori\u0161ka tarnyba prisid\u0117s sudarys daugiau galimybi\u0173 savanoriauti \u017emon\u0117ms, kurie iki \u0161iol \u012f veikl\u0105 ne\u012fsitraukdavo d\u0117l am\u017eiaus, informacijos stokos ar d\u0117l ribot\u0173 savanoryst\u0117s galimybi\u0173 j\u0173 gyvenamojoje vietov\u0117je.<\/p>\n<p>Nacionalin\u0117s savanori\u0161kos tarnybos programos \u012fgyvendinimo prad\u017eia planuojama 2027 met\u0173 saus\u012f.<\/p>\n<p>Kvie\u010diame atrasti nauj\u0105 tv3.lt turin\u012f! Nuo \u0161iol portale j\u016bs\u0173 laukia ne tik <a href=\"https:\/\/www.tv3.lt\/testai\" rel=\"nofollow noopener\" target=\"_blank\">kasdien nauji testai<\/a>, bet ir <a href=\"https:\/\/www.tv3.lt\/kryziazodziai\" rel=\"nofollow noopener\" target=\"_blank\">kry\u017eia\u017eod\u017eiai <\/a>\u2013 i\u0161bandykite savo \u017einias, spr\u0119skite ir smagiai praleiskite laik\u0105. <\/p>\n","protected":false},"excerpt":{"rendered":"Ministerijos teigimu, nacionalin\u0117 savanori\u0161ka tarnyba bus skirta asmenims,\u00a0norintiems \u012f savanori\u0161k\u0105 veikl\u0105 \u012fsitraukti nuosekliai ilgalaik\u0117je perspektyvoje. \u0160e\u0161is m\u0117nesius trunkan\u010dios&hellip;\n","protected":false},"author":2,"featured_media":269539,"comment_status":"","ping_status":"","sticky":false,"template":"","format":"standard","meta":{"footnotes":"","_share_on_mastodon":"0"},"categories":[13],"tags":[38921,25,30,31,57,43,34,35,55,48,24,54,51,49,50,32,33,37,39,36,38,40,45,23,22,44,28,29,53,42,56,47,26,27,41,46,58,52],"class_list":["post-269538","post","type-post","status-publish","format-standard","has-post-thumbnail","category-lietuva","tag-2026-09-04-144528","tag-antrastes","tag-breaking-news","tag-breakingnews","tag-daiktai","tag-dienos-kronika","tag-featured-news","tag-featurednews","tag-gatves-tekstai","tag-gyvenimas","tag-headlines","tag-interneto-pievos","tag-keliones","tag-kultura","tag-laisvalaikis","tag-latest-news","tag-latestnews","tag-lietuva","tag-lietuviu","tag-lithuania","tag-lithuanian","tag-lt","tag-mokslas-ir-it","tag-naujienos","tag-news","tag-pasaulis","tag-populiariausios-naujienos","tag-populiariausiosnaujienos","tag-projektai","tag-rinktiniai-tekstai","tag-simtmecio-portalas","tag-sportas","tag-top-stories","tag-topstories","tag-tv3-lt","tag-verslas","tag-video","tag-zaidimai"],"share_on_mastodon":{"url":"","error":"Validation failed: Text character limit of 500 exceeded"},"_links":{"self":[{"href":"https:\/\/www.europesays.com\/lt\/wp-json\/wp\/v2\/posts\/269538","targetHints":{"allow":["GET"]}}],"collection":[{"href":"https:\/\/www.europesays.com\/lt\/wp-json\/wp\/v2\/posts"}],"about":[{"href":"https:\/\/www.europesays.com\/lt\/wp-json\/wp\/v2\/types\/post"}],"author":[{"embeddable":true,"href":"https:\/\/www.europesays.com\/lt\/wp-json\/wp\/v2\/users\/2"}],"replies":[{"embeddable":true,"href":"https:\/\/www.europesays.com\/lt\/wp-json\/wp\/v2\/comments?post=269538"}],"version-history":[{"count":0,"href":"https:\/\/www.europesays.com\/lt\/wp-json\/wp\/v2\/posts\/269538\/revisions"}],"wp:featuredmedia":[{"embeddable":true,"href":"https:\/\/www.europesays.com\/lt\/wp-json\/wp\/v2\/media\/269539"}],"wp:attachment":[{"href":"https:\/\/www.europesays.com\/lt\/wp-json\/wp\/v2\/media?parent=269538"}],"wp:term":[{"taxonomy":"category","embeddable":true,"href":"https:\/\/www.europesays.com\/lt\/wp-json\/wp\/v2\/categories?post=269538"},{"taxonomy":"post_tag","embeddable":true,"href":"https:\/\/www.europesays.com\/lt\/wp-json\/wp\/v2\/tags?post=269538"}],"curies":[{"name":"wp","href":"https:\/\/api.w.org\/{rel}","templated":true}]}}