{"id":269542,"date":"2026-09-05T05:13:45","date_gmt":"2026-09-05T05:13:45","guid":{"rendered":"https:\/\/www.europesays.com\/lt\/269542\/"},"modified":"2026-09-05T05:13:45","modified_gmt":"2026-09-05T05:13:45","slug":"tiesioginio-eterio-metu-laidos-vedejas-vos-tramde-emocijas-pranese-liudna-zinia","status":"publish","type":"post","link":"https:\/\/www.europesays.com\/lt\/269542\/","title":{"rendered":"Tiesioginio eterio metu laidos ved\u0117jas vos tramd\u0117 emocijas: prane\u0161\u0117 li\u016bdn\u0105 \u017eini\u0105"},"content":{"rendered":"\n<p style=\"text-align:justify\">Apie sprendim\u0105 palikti laid\u0105 A. Rajanas paskelb\u0117 dar saus\u012f, skelb\u0117\u00a0dailystar.co.uk.<\/p>\n<p> Paliko eter\u012f <\/p>\n<p style=\"text-align:justify\">Prie \u201eToday\u201c komandos jis prisijung\u0117 2021 metais, o paskutin\u0119 laid\u0105 ved\u0117 kartu su Emma Barnett.<\/p>\n<p style=\"text-align:justify\">\u0160is atsisveikinimas tapo ypa\u010d jautrus. Laidos prad\u017eioje Rajanas\u00a0kreip\u0117si \u012f koleg\u0119. \u201eNenoriu apsikeisti vaidmenimis ir imti i\u0161 j\u016bs\u0173 interviu, bet ar manote, kad padariau siaubing\u0105 klaid\u0105?\u201c \u2013 E. Barnett paklaus\u0117 jis.<\/p>\n<p style=\"text-align:justify\">Laid\u0173 ved\u0117jas taip pat prisimin\u0117 savo praleistus metus \u201eToday\u201c studijoje ir pripa\u017eino, kad at\u0117jo metas u\u017eversti \u0161\u012f gyvenimo etap\u0105.<\/p>\n<p style=\"text-align:justify\">\u201eK\u0105 tik \u017ei\u016br\u0117jau \u012f \u017emones studijoje. Po daugiau nei 1 000 valand\u0173, \u0161imt\u0173 signal\u0173 ir keli\u0173 nesklandum\u0173 at\u0117jo laikas atsisveikinti\u201c, \u2013 sak\u0117 jis.<\/p>\n<p>     <a href=\"https:\/\/www.tv3.lt\/Uploads\/UGallery\/photos\/01\/39\/a8\/c7\/0139a8c7f3a39b0accafec96fbadbc35.jpg\" data-fancybox=\"photos-embed\" data-caption=\"Amolas Rajanas (nuotr. socialini\u0173 tinkl\u0173)\" target=\"_self\" rel=\"nofollow noopener\"> <img decoding=\"async\" class=\"photo-inside-article\" align=\"center\" alt=\"Amolas Rajanas (nuotr. socialini\u0173 tinkl\u0173)\" title=\"Amolas Rajanas (nuotr. socialini\u0173 tinkl\u0173)\" src=\"https:\/\/www.europesays.com\/lt\/wp-content\/uploads\/2026\/09\/0139a8c7f3a39b0accafec96fbadbc35.jpg\" width=\"684\" height=\"654\" loading=\"lazy\" \/> <\/a>       <\/p>\n<p style=\"text-align:justify\">Atsisveikindamas Rajanas d\u0117kojo kolegoms ir visai komandai, esan\u010diai u\u017e studijos stiklo.<\/p>\n<p style=\"text-align:justify\">\u201eMan buvo did\u017eiul\u0117 garb\u0117 s\u0117d\u0117ti \u0161ioje studijoje kartu su tavimi, Emma, ir visais kitais laid\u0173 ved\u0117jais, ta\u010diau labiausiai \u2013 su nuostabia komanda, dirban\u010dia u\u017e stiklo. Vis\u0173 pirma noriu pad\u0117koti jums u\u017e draugyst\u0119 ir kantryb\u0119\u201c, \u2013 kalb\u0117jo jis.<\/p>\n<p style=\"text-align:justify\">Ved\u0117jas taip pat pabr\u0117\u017e\u0117, kad labai vertina klausytoj\u0173 pasitik\u0117jim\u0105.<\/p>\n<p style=\"text-align:justify\">\u201eTikiuosi, \u017einote, kaip rimtai vertiname j\u016bs\u0173 laik\u0105 ir pasitik\u0117jim\u0105. Nuostabiems laidos \u201eToday\u201c ir visos BBC naujien\u0173 komandos prodiuseriams, visiems savo ne\u012ftik\u0117tiniems, didvyri\u0161kiems kolegoms, kurie \u0161iandien \u010dia, ir apskritai tiems, su kuriais dirbau pastar\u0105j\u012f de\u0161imtmet\u012f \u2013 j\u016bs esate geriausi savo srityje ir mums nepaprastai pasisek\u0117 jus pa\u017einoti\u201c, \u2013 sak\u0117 A. Rajanas.<\/p>\n<p>           <a href=\"https:\/\/www.tv3.lt\/Uploads\/UGallery\/photos\/ea\/47\/15\/90\/ea4715909151f4f9b3be9e570878f488.jpg\" data-fancybox=\"photos-embed\" data-caption=\"Amolas Rajanas (nuotr. socialini\u0173 tinkl\u0173)\" target=\"_self\" rel=\"nofollow noopener\"> <img decoding=\"async\" class=\"photo-inside-article\" align=\"center\" alt=\"Amolas Rajanas (nuotr. socialini\u0173 tinkl\u0173)\" title=\"Amolas Rajanas (nuotr. socialini\u0173 tinkl\u0173)\" src=\"https:\/\/www.europesays.com\/lt\/wp-content\/uploads\/2026\/09\/ea4715909151f4f9b3be9e570878f488.jpg\" width=\"684\" height=\"654\" loading=\"lazy\" \/> <\/a>       <\/p>\n<p style=\"text-align:justify\">Ypa\u010d jautri atsisveikinimo dalis buvo skirta jo \u0161eimai. Paskutin\u0117s transliacijos metu studijoje buvo keturi jo vaikai \u2013 Winstonas, Jamaica, Loveday ir Nesta. Kreipdamasis \u012f juos, ved\u0117jas nesl\u0117p\u0117 meil\u0117s.<\/p>\n<p style=\"text-align:justify\">\u201eJ\u016bs esate m\u016bs\u0173 gyvenimo \u0161viesa ir meil\u0117. Atsipra\u0161au d\u0117l vis\u0173 j\u016bs\u0173 i\u0161vyk\u0173, kurias\u00a0praleidau. Pa\u017eadu, kad jums tai atlyginsiu\u201c, \u2013 sak\u0117 jis.<\/p>\n<p style=\"text-align:justify\">Rajanas taip pat pad\u0117kojo savo \u017emonai Charlotte, kuriai skyr\u0117 ypatingus \u017eod\u017eius.<\/p>\n<p style=\"text-align:justify\">\u201eMano nuostabiai \u017emonai Charlotte \u2013 tu suteikei man galimyb\u0119 b\u016bti t\u0117\u010diu, b\u016bti \u010dia ir b\u016bti savimi\u201c, \u2013 kalb\u0117jo jis.<\/p>\n<p style=\"text-align:justify\">Galiausiai ved\u0117jas prisimin\u0117 savo mam\u0105, kuri taip pat buvo studijoje, ir mirus\u012f t\u0117t\u012f.<\/p>\n<p style=\"text-align:justify\">\u201eMano mamai, kuri taip pat yra \u010dia, tikram \u017emogi\u0161kumo \u012fsik\u016bnijimui, ir mano brangiam t\u0117\u010diui, kuris nu\u0161viet\u0117 mano vaikyst\u0119, o jos pabaig\u0105 pa\u017eym\u0117jo savo netik\u0117ta mirtimi netrukus po to, kai prad\u0117jau vesti \u0161i\u0105 laid\u0105\u201c, \u2013 sak\u0117 A. Rajanas.<\/p>\n<p style=\"text-align:justify\">\u00a0<\/p>\n<p style=\"text-align:justify\">\u00a0<\/p>\n<p style=\"text-align:justify\">\u00a0<\/p>\n<p>\n                                        \u0160altinis:<br \/>\n                                                                                    tv3.lt\n                                                                                <\/p>\n<p>Kvie\u010diame atrasti nauj\u0105 tv3.lt turin\u012f! Nuo \u0161iol portale j\u016bs\u0173 laukia ne tik <a href=\"https:\/\/www.tv3.lt\/testai\" rel=\"nofollow noopener\" target=\"_blank\">kasdien nauji testai<\/a>, bet ir <a href=\"https:\/\/www.tv3.lt\/kryziazodziai\" rel=\"nofollow noopener\" target=\"_blank\">kry\u017eia\u017eod\u017eiai <\/a>\u2013 i\u0161bandykite savo \u017einias, spr\u0119skite ir smagiai praleiskite laik\u0105. <\/p>\n","protected":false},"excerpt":{"rendered":"Apie sprendim\u0105 palikti laid\u0105 A. Rajanas paskelb\u0117 dar saus\u012f, skelb\u0117\u00a0dailystar.co.uk. Paliko eter\u012f Prie \u201eToday\u201c komandos jis prisijung\u0117 2021&hellip;\n","protected":false},"author":2,"featured_media":269543,"comment_status":"","ping_status":"","sticky":false,"template":"","format":"standard","meta":{"footnotes":"","_share_on_mastodon":"0"},"categories":[21],"tags":[38887,57,43,113,55,48,54,51,49,50,37,39,36,38,40,45,23,44,114,53,42,56,47,41,46,58,52],"class_list":["post-269542","post","type-post","status-publish","format-standard","has-post-thumbnail","category-pramogos","tag-2026-09-04-175500","tag-daiktai","tag-dienos-kronika","tag-entertainment","tag-gatves-tekstai","tag-gyvenimas","tag-interneto-pievos","tag-keliones","tag-kultura","tag-laisvalaikis","tag-lietuva","tag-lietuviu","tag-lithuania","tag-lithuanian","tag-lt","tag-mokslas-ir-it","tag-naujienos","tag-pasaulis","tag-pramogos","tag-projektai","tag-rinktiniai-tekstai","tag-simtmecio-portalas","tag-sportas","tag-tv3-lt","tag-verslas","tag-video","tag-zaidimai"],"share_on_mastodon":{"url":"https:\/\/pubeurope.com\/@lt\/117216726976410462","error":""},"_links":{"self":[{"href":"https:\/\/www.europesays.com\/lt\/wp-json\/wp\/v2\/posts\/269542","targetHints":{"allow":["GET"]}}],"collection":[{"href":"https:\/\/www.europesays.com\/lt\/wp-json\/wp\/v2\/posts"}],"about":[{"href":"https:\/\/www.europesays.com\/lt\/wp-json\/wp\/v2\/types\/post"}],"author":[{"embeddable":true,"href":"https:\/\/www.europesays.com\/lt\/wp-json\/wp\/v2\/users\/2"}],"replies":[{"embeddable":true,"href":"https:\/\/www.europesays.com\/lt\/wp-json\/wp\/v2\/comments?post=269542"}],"version-history":[{"count":0,"href":"https:\/\/www.europesays.com\/lt\/wp-json\/wp\/v2\/posts\/269542\/revisions"}],"wp:featuredmedia":[{"embeddable":true,"href":"https:\/\/www.europesays.com\/lt\/wp-json\/wp\/v2\/media\/269543"}],"wp:attachment":[{"href":"https:\/\/www.europesays.com\/lt\/wp-json\/wp\/v2\/media?parent=269542"}],"wp:term":[{"taxonomy":"category","embeddable":true,"href":"https:\/\/www.europesays.com\/lt\/wp-json\/wp\/v2\/categories?post=269542"},{"taxonomy":"post_tag","embeddable":true,"href":"https:\/\/www.europesays.com\/lt\/wp-json\/wp\/v2\/tags?post=269542"}],"curies":[{"name":"wp","href":"https:\/\/api.w.org\/{rel}","templated":true}]}}