{"id":269544,"date":"2026-09-05T05:19:46","date_gmt":"2026-09-05T05:19:46","guid":{"rendered":"https:\/\/www.europesays.com\/lt\/269544\/"},"modified":"2026-09-05T05:19:46","modified_gmt":"2026-09-05T05:19:46","slug":"po-skandalingo-antausio-televizijos-studijoje-pirma-karta-prabilo-ruta-mikelkeviciute","status":"publish","type":"post","link":"https:\/\/www.europesays.com\/lt\/269544\/","title":{"rendered":"Po skandalingo antausio televizijos studijoje \u2013 pirm\u0105 kart\u0105 prabilo R\u016bta Mikelkevi\u010di\u016bt\u0117"},"content":{"rendered":"<p class=\"intro text-19 xs:text-21 xs:leading-[30px] md:text-22 mb-5 font-semibold leading-[28px] md:pt-0 md:leading-[33px] first-letter:text-primary first-letter:font-libre md:first-letter:text-81 first-letter:float-left first-letter:mr-2 first-letter:text-[67px] first-letter:leading-[55px] md:mb-10 md:first-letter:mr-3 md:first-letter:leading-[66px]\">Pastarosiomis dienomis socialin\u0117je erdv\u0117je itin aptariama akimirka i\u0161 televizijos filmavimo aik\u0161tel\u0117s, kurioje matoma, kaip \u201e\u0160okoladas sielai\u201c k\u016br\u0117ja R\u016bta Banionyt\u0117 skelia antaus\u012f laid\u0173 ved\u0117jui Pauliui Mikolai\u010diui-Paul de Miko. \u012era\u0161ui \u012fplieskus diskusijas, apie tai pasisak\u0117 ir viena i\u0161 laidos ved\u0117j\u0173 R\u016bta Mikelkevi\u010di\u016bt\u0117.<\/p>\n<p>Visuomen\u0117 po \u0161io \u012fra\u0161o susiskald\u0117 \u012f dvi stovyklas \u2013 vieni i\u0161 incidento juok\u0117si, kitiems jis pasirod\u0117 &#8222;neskanus&#8221;.<\/p>\n<p>Situacij\u0105 portalui lnk.lt pakomentavo ir pati R.Mikelkevi\u010di\u016bt\u0117.<\/p>\n<p>\u201eFilmavome laid\u0105 apie tai, ar verta apgaudin\u0117ti \u017emones d\u0117l gero \u0161ou. Diskutavome apie tai, kaip veikia pramog\u0173 pasaulis, kaip kuriami skandalai. Garsiai nuskamb\u0117jusios Oksanos Pikul ir Dominyko Dirks\u010dio skyrybos tik parodo, kad riba \u2013 labai neai\u0161ki\u201c, \u2013 lnk.lt sak\u0117 ji.<\/p>\n<p>Skandalingame \u012fra\u0161e u\u017efiksuota ir ji pati \u2013 tiesa, \u017eurnalist\u0117 atvirauja, kad filmavimo metu ji nemat\u0117 antausio, nes tuo metu spaud\u0117 rank\u0105 kitoje pus\u0117je stov\u0117jusiems laidos dalyviams.<\/p>\n<p>\u201eTas vaizdas atrodo keistai \u2013 klausiu, kas \u010dia buvo, ir duodu \u201epenkis\u201c R\u016btai (Banionytei \u2013 red.past.). I\u0161 ties\u0173, apie antaus\u012f su\u017einojau tik po to!\u201c \u2013 komentavo ji.<\/p>\n<p>  Ne visi suprato <\/p>\n<p>Po \u012fra\u0161u internautai susiskirst\u0117 \u0161 dvi komandas. Vieni i\u0161 situacijos juok\u0117si, kiti tokio elgesio visai nesuprato.<\/p>\n<p>\u201e\u010cia man vienai nejuokinga?\u201c \u2013 klaus\u0117 viena komentator\u0117.<\/p>\n<p>\u201eKaip neskanu net \u017ei\u016br\u0117t. Lygis&#8230;\u201c \u2013 ra\u0161\u0117 kita.<\/p>\n<p>\u201e\u010cia yra normalu?! O kita ved\u0117ja sveikina u\u017e tok\u012f veiksm\u0105?! Gal man vienam \u010dia nenormalu?\u201c \u2013 klausimus k\u0117l\u0117 dar vienas.<\/p>\n<p>\u201eU\u017edraud\u0117m alko reklamas, tai dabar rodom smurt\u0105 su aplodismentais\u201c, \u2013 ra\u0161\u0117 dar vienas.<\/p>\n<p>\u201eNuo kada \u010dia linksma ir smagu veidus trankyti, ir dar eteryje? Paskui, kai vaikai prisi\u017ei\u016bri toki\u0173, nereikt\u0173 tada nustebti, kad ir jie tokiu b\u016bdu ai\u0161kinasi nuoskaudas&#8230; Baisu&#8230;\u201c \u2013 ra\u0161oma dar viename komentare.<\/p>\n<p> \u201eNuoskaud\u0173 neturime\u201c <\/p>\n<p>Su portalu \u017dmon\u0117s.lt R.Banionyt\u0117 pasidalijo, kad toks jos poelgis \u2013 tik \u0161ou dalis.<\/p>\n<p>Taip pat skaitykite<\/p>\n<p><a class=\"peer relative block w-full mb-0\" data-ga-track=\"article_related_articles\" data-ga-vars=\"0,swipeable,0,editorial,photo\" href=\"https:\/\/zmones.15min.lt\/naujiena\/dideles-permainos-rutos-mikelkeviciutes-gyvenime-istojo-i-universiteta-padariau-ir-issigandau-DWQkg3bZQzx\" rel=\"nofollow noopener\" target=\"_blank\"><img alt=\"Didel\u0117s permainos R\u016btos Mikelkevi\u010di\u016bt\u0117s gyvenime: \u201ePadariau ir i\u0161sigandau\u201c\" id=\"rK645gw6gLv5oZ90\" loading=\"lazy\" decoding=\"async\" data-nimg=\"fill\" style=\"position:absolute;height:100%;width:100%;left:0;top:0;right:0;bottom:0;color:transparent\" src=\"https:\/\/www.europesays.com\/lt\/wp-content\/uploads\/2026\/09\/1788585586_96_crop.webp\"\/><\/a><a class=\"peer relative block w-full mb-0\" data-ga-track=\"article_related_articles\" data-ga-vars=\"0,swipeable,1,editorial,photo\" href=\"https:\/\/zmones.15min.lt\/naujiena\/po-riebaus-antausio-paul-de-miko-kilo-sarsalas-ar-cia-yra-normalu-3lBD8jbEB1D\" rel=\"nofollow noopener\" target=\"_blank\"><img alt=\"Po riebaus \u201e\u0160okoladas sielai\u201c k\u016br\u0117jos antausio Paul de Miko kilo \u0161ar\u0161alas: \u201eAr \u010dia yra normalu?\u201c\" id=\"1mKvB4E8YPoQW2Yz\" loading=\"lazy\" decoding=\"async\" data-nimg=\"fill\" style=\"position:absolute;height:100%;width:100%;left:0;top:0;right:0;bottom:0;color:transparent\" src=\"https:\/\/www.europesays.com\/lt\/wp-content\/uploads\/2026\/09\/1788585586_833_crop.webp\"\/><\/a> <\/p>\n<p>\u201eVakar laidos tema buvo apie tai, kaip sekant paskutines Lietuvos naujienas kartais tampa visi\u0161kai neai\u0161ku, kur yra tiesa, o kur \u2013 \u0161ou.<\/p>\n<p>\u0160i situacija su Pauliumi buvo sure\u017eisuota \u2013 tai buvo tarsi temos iliustracija. Mes su Pauliumi realiame gyvenime vienas kitam nuoskaud\u0173 neturime. Man pa\u010diai buvo truput\u012f nejauku tai daryti, bet ko nepadarysi d\u0117l gero \u0161ou \u017ei\u016brovams\u201c, \u2013 \u017dmon\u0117s.lt komentavo moteris.<\/p>\n","protected":false},"excerpt":{"rendered":"Pastarosiomis dienomis socialin\u0117je erdv\u0117je itin aptariama akimirka i\u0161 televizijos filmavimo aik\u0161tel\u0117s, kurioje matoma, kaip \u201e\u0160okoladas sielai\u201c k\u016br\u0117ja R\u016bta&hellip;\n","protected":false},"author":2,"featured_media":269545,"comment_status":"","ping_status":"","sticky":false,"template":"","format":"standard","meta":{"footnotes":"","_share_on_mastodon":"0"},"categories":[21],"tags":[113,37,39,36,38,40,114],"class_list":["post-269544","post","type-post","status-publish","format-standard","has-post-thumbnail","category-pramogos","tag-entertainment","tag-lietuva","tag-lietuviu","tag-lithuania","tag-lithuanian","tag-lt","tag-pramogos"],"share_on_mastodon":{"url":"https:\/\/pubeurope.com\/@lt\/117216750718159887","error":""},"_links":{"self":[{"href":"https:\/\/www.europesays.com\/lt\/wp-json\/wp\/v2\/posts\/269544","targetHints":{"allow":["GET"]}}],"collection":[{"href":"https:\/\/www.europesays.com\/lt\/wp-json\/wp\/v2\/posts"}],"about":[{"href":"https:\/\/www.europesays.com\/lt\/wp-json\/wp\/v2\/types\/post"}],"author":[{"embeddable":true,"href":"https:\/\/www.europesays.com\/lt\/wp-json\/wp\/v2\/users\/2"}],"replies":[{"embeddable":true,"href":"https:\/\/www.europesays.com\/lt\/wp-json\/wp\/v2\/comments?post=269544"}],"version-history":[{"count":0,"href":"https:\/\/www.europesays.com\/lt\/wp-json\/wp\/v2\/posts\/269544\/revisions"}],"wp:featuredmedia":[{"embeddable":true,"href":"https:\/\/www.europesays.com\/lt\/wp-json\/wp\/v2\/media\/269545"}],"wp:attachment":[{"href":"https:\/\/www.europesays.com\/lt\/wp-json\/wp\/v2\/media?parent=269544"}],"wp:term":[{"taxonomy":"category","embeddable":true,"href":"https:\/\/www.europesays.com\/lt\/wp-json\/wp\/v2\/categories?post=269544"},{"taxonomy":"post_tag","embeddable":true,"href":"https:\/\/www.europesays.com\/lt\/wp-json\/wp\/v2\/tags?post=269544"}],"curies":[{"name":"wp","href":"https:\/\/api.w.org\/{rel}","templated":true}]}}