{"id":269550,"date":"2026-09-05T05:31:13","date_gmt":"2026-09-05T05:31:13","guid":{"rendered":"https:\/\/www.europesays.com\/lt\/269550\/"},"modified":"2026-09-05T05:31:13","modified_gmt":"2026-09-05T05:31:13","slug":"neiskaitytas-espi-ivartis-ir-nerealizuotas-mbappe-11-m-baudinys-real-patyre-la-ligoje-pirmaji-pralaimejima","status":"publish","type":"post","link":"https:\/\/www.europesays.com\/lt\/269550\/","title":{"rendered":"Ne\u012fskaitytas Espi \u012fvartis ir nerealizuotas Mbappe 11 m baudinys: \u201eReal\u201c patyr\u0117 \u201eLa Ligoje\u201c pirm\u0105j\u012f pralaim\u0117jim\u0105"},"content":{"rendered":"<p>Madrido \u201eReal\u201c klubas Ispanijos \u201eLa Liga\u201c pirmenybi\u0173 i\u0161vykos rungtyn\u0117se 0:1 nusileido \u201eReal Betis\u201c futbolininkams ir patyr\u0117 pirm\u0105j\u012f pralaim\u0117jim\u0105 \u0161iame sezone.<\/p>\n<p>Pirmasis prie vartininko atremto kamuolio atsid\u016br\u0119s Troy&#8217;us Parrottas pasiunt\u0117 j\u012f \u012f vartus ir i\u0161ved\u0117 \u201eReal Betis\u201c \u012f priek\u012f 1:0.<\/p>\n<p>Carlosas Espi nuostabiu sm\u016bgiu per save nuginklavo vartinink\u0105, ta\u010diau teis\u0117jas u\u017efiksavo nuo\u0161al\u0119 ir rezultatas i\u0161liko nepakit\u0119s.<\/p>\n<p>Kylianui Mbappe per prid\u0117t\u0105 rungtyni\u0173 laik\u0105 nepavyko realizuoti teis\u0117jo skirto vienuolikos metr\u0173 baudinio, kamuol\u012f meistri\u0161kai atr\u0117m\u0117 vartininkas Alvaro Vallesas.<\/p>\n<p>Tai buvo pirmasis \u201eReal\u201c patirtas pralaim\u0117jimas vietiniame \u010dempionate \u0161iame sezone. Tuo tarpu \u201eReal Betis\u201c \u012f savo s\u0105skait\u0105 \u012fsira\u0161\u0117 tre\u010di\u0105j\u0105 pergal\u0119. Abi komandos po 4 su\u017eaist\u0173 rungtyni\u0173 turi surinkusios po 9 ta\u0161kus.<\/p>\n<p>&#13;\n<\/p>\n<p style=\"font-size:12px;line-height:1.4;margin:8px 0 0;color:#555;\">Highlights via <a href=\"https:\/\/dasfootball.com\/real-betis-vs-real-madrid-highlights-2026-09-04\/\" target=\"_blank\" rel=\"noopener nofollow\">DasFootball<\/a><\/p>\n","protected":false},"excerpt":{"rendered":"Madrido \u201eReal\u201c klubas Ispanijos \u201eLa Liga\u201c pirmenybi\u0173 i\u0161vykos rungtyn\u0117se 0:1 nusileido \u201eReal Betis\u201c futbolininkams ir patyr\u0117 pirm\u0105j\u012f pralaim\u0117jim\u0105&hellip;\n","protected":false},"author":2,"featured_media":269551,"comment_status":"","ping_status":"","sticky":false,"template":"","format":"standard","meta":{"footnotes":"","_share_on_mastodon":"0"},"categories":[19],"tags":[57,43,55,48,54,51,49,50,37,39,36,38,40,45,23,44,53,42,56,47,112,104,46,58,52],"class_list":["post-269550","post","type-post","status-publish","format-standard","has-post-thumbnail","category-sportas","tag-daiktai","tag-dienos-kronika","tag-gatves-tekstai","tag-gyvenimas","tag-interneto-pievos","tag-keliones","tag-kultura","tag-laisvalaikis","tag-lietuva","tag-lietuviu","tag-lithuania","tag-lithuanian","tag-lt","tag-mokslas-ir-it","tag-naujienos","tag-pasaulis","tag-projektai","tag-rinktiniai-tekstai","tag-simtmecio-portalas","tag-sportas","tag-sportas-lt","tag-sports","tag-verslas","tag-video","tag-zaidimai"],"share_on_mastodon":{"url":"https:\/\/pubeurope.com\/@lt\/117216797146672702","error":""},"_links":{"self":[{"href":"https:\/\/www.europesays.com\/lt\/wp-json\/wp\/v2\/posts\/269550","targetHints":{"allow":["GET"]}}],"collection":[{"href":"https:\/\/www.europesays.com\/lt\/wp-json\/wp\/v2\/posts"}],"about":[{"href":"https:\/\/www.europesays.com\/lt\/wp-json\/wp\/v2\/types\/post"}],"author":[{"embeddable":true,"href":"https:\/\/www.europesays.com\/lt\/wp-json\/wp\/v2\/users\/2"}],"replies":[{"embeddable":true,"href":"https:\/\/www.europesays.com\/lt\/wp-json\/wp\/v2\/comments?post=269550"}],"version-history":[{"count":0,"href":"https:\/\/www.europesays.com\/lt\/wp-json\/wp\/v2\/posts\/269550\/revisions"}],"wp:featuredmedia":[{"embeddable":true,"href":"https:\/\/www.europesays.com\/lt\/wp-json\/wp\/v2\/media\/269551"}],"wp:attachment":[{"href":"https:\/\/www.europesays.com\/lt\/wp-json\/wp\/v2\/media?parent=269550"}],"wp:term":[{"taxonomy":"category","embeddable":true,"href":"https:\/\/www.europesays.com\/lt\/wp-json\/wp\/v2\/categories?post=269550"},{"taxonomy":"post_tag","embeddable":true,"href":"https:\/\/www.europesays.com\/lt\/wp-json\/wp\/v2\/tags?post=269550"}],"curies":[{"name":"wp","href":"https:\/\/api.w.org\/{rel}","templated":true}]}}