{"id":269552,"date":"2026-09-05T05:33:08","date_gmt":"2026-09-05T05:33:08","guid":{"rendered":"https:\/\/www.europesays.com\/lt\/269552\/"},"modified":"2026-09-05T05:33:08","modified_gmt":"2026-09-05T05:33:08","slug":"trumpo-pasiuntiniai-ruosiasi-vizitams-i-rusija-ir-ukraina-paaiskejo-ju-misija","status":"publish","type":"post","link":"https:\/\/www.europesays.com\/lt\/269552\/","title":{"rendered":"Trumpo pasiuntiniai ruo\u0161iasi vizitams \u012f Rusij\u0105 ir Ukrain\u0105: paai\u0161k\u0117jo j\u0173 misija"},"content":{"rendered":"\n<p>Apie tai jis parei\u0161k\u0117 kalb\u0117damas su \u017eurnalistais, prane\u0161a \u201e<a href=\"https:\/\/www.tv3.lt\/rubrika\/naujienos\/uzsienis\/europa\" target=\"_blank\" class=\"phrase\" rel=\"nofollow noopener\">Europos<\/a> tiesa\u201c.\u00a0<\/p>\n<p>D. Trumpo buvo papra\u0161yta pakomentuoti S.\u00a0Witkoffo\u00a0ir J.\u00a0Kushnerio\u00a0vizitus \u012f Rusij\u0105 ir <a href=\"https:\/\/www.tv3.lt\/naujiena\/uzsienis\/europoje-nerimas-del-rusijos-i-pagalba-kvieciami-ukrainos-karo-ekspertai-n1548163\" target=\"_blank\" rel=\"nofollow noopener\">Ukrain\u0105<\/a>, kurie, kaip tikimasi, \u012fvyks savaitgal\u012f.\u00a0<\/p>\n<p>\u201eJie ve\u017easi pasi\u016blym\u0105 nutraukti kar\u0105\u201c, \u2013 parei\u0161k\u0117 JAV prezidentas.\u00a0<\/p>\n<p>      \u012e Kyjiv\u0105 atvyks JAV pasiuntiniai <\/p>\n<p>Rugs\u0117jo 4-osios vakar\u0105 Ukrainos prezidentas\u00a0Volodymyras\u00a0<a href=\"https:\/\/www.tv3.lt\/gaires\/volodymyras-zelenskis\" target=\"_blank\" class=\"phrase\" rel=\"nofollow noopener\">Zelenskis<\/a>\u00a0patvirtino JAV prezidento speciali\u0173j\u0173 pasiuntini\u0173\u00a0Steve&#8217;o\u00a0Witkoffo\u00a0ir\u00a0Jaredo\u00a0Kushnerio\u00a0vizit\u0105 \u012f\u00a0Kyjiv\u0105\u00a0savaitgal\u012f.\u00a0<\/p>\n<p>Prie\u0161 tai \u017einiasklaidoje pasirod\u0117 informacija, kad JAV prezidento Donaldo Trumpo specialieji pasiuntiniai es\u0105 svarsto alternatyvius planus d\u0117l artimiausiomis dienomis numatyto vizito \u012f\u00a0Kyjiv\u0105, nes <a href=\"https:\/\/www.tv3.lt\/rubrika\/naujienos\/uzsienis\/rusija\" target=\"_blank\" class=\"phrase\" rel=\"nofollow noopener\">Rusijos<\/a> pus\u0117 juos bando \u012fbauginti.<\/p>\n<p>\n                                        \u0160altinis:<br \/>\n                                                                                    tv3.lt\n                                                                                <\/p>\n<p>Kvie\u010diame atrasti nauj\u0105 tv3.lt turin\u012f! Nuo \u0161iol portale j\u016bs\u0173 laukia ne tik <a href=\"https:\/\/www.tv3.lt\/testai\" rel=\"nofollow noopener\" target=\"_blank\">kasdien nauji testai<\/a>, bet ir <a href=\"https:\/\/www.tv3.lt\/kryziazodziai\" rel=\"nofollow noopener\" target=\"_blank\">kry\u017eia\u017eod\u017eiai <\/a>\u2013 i\u0161bandykite savo \u017einias, spr\u0119skite ir smagiai praleiskite laik\u0105. <\/p>\n","protected":false},"excerpt":{"rendered":"Apie tai jis parei\u0161k\u0117 kalb\u0117damas su \u017eurnalistais, prane\u0161a \u201eEuropos tiesa\u201c.\u00a0 D. Trumpo buvo papra\u0161yta pakomentuoti S.\u00a0Witkoffo\u00a0ir J.\u00a0Kushnerio\u00a0vizitus \u012f&hellip;\n","protected":false},"author":2,"featured_media":269553,"comment_status":"","ping_status":"","sticky":false,"template":"","format":"standard","meta":{"footnotes":"","_share_on_mastodon":"0"},"categories":[15],"tags":[38922,25,30,31,57,43,34,35,55,48,24,54,51,49,50,32,33,37,39,36,38,40,45,23,22,44,28,29,53,42,56,47,26,27,41,46,58,74,75,76,52],"class_list":["post-269552","post","type-post","status-publish","format-standard","has-post-thumbnail","category-pasaulis","tag-2026-09-04-230106","tag-antrastes","tag-breaking-news","tag-breakingnews","tag-daiktai","tag-dienos-kronika","tag-featured-news","tag-featurednews","tag-gatves-tekstai","tag-gyvenimas","tag-headlines","tag-interneto-pievos","tag-keliones","tag-kultura","tag-laisvalaikis","tag-latest-news","tag-latestnews","tag-lietuva","tag-lietuviu","tag-lithuania","tag-lithuanian","tag-lt","tag-mokslas-ir-it","tag-naujienos","tag-news","tag-pasaulis","tag-populiariausios-naujienos","tag-populiariausiosnaujienos","tag-projektai","tag-rinktiniai-tekstai","tag-simtmecio-portalas","tag-sportas","tag-top-stories","tag-topstories","tag-tv3-lt","tag-verslas","tag-video","tag-world","tag-world-news","tag-worldnews","tag-zaidimai"],"share_on_mastodon":{"url":"","error":"Validation failed: Text character limit of 500 exceeded"},"_links":{"self":[{"href":"https:\/\/www.europesays.com\/lt\/wp-json\/wp\/v2\/posts\/269552","targetHints":{"allow":["GET"]}}],"collection":[{"href":"https:\/\/www.europesays.com\/lt\/wp-json\/wp\/v2\/posts"}],"about":[{"href":"https:\/\/www.europesays.com\/lt\/wp-json\/wp\/v2\/types\/post"}],"author":[{"embeddable":true,"href":"https:\/\/www.europesays.com\/lt\/wp-json\/wp\/v2\/users\/2"}],"replies":[{"embeddable":true,"href":"https:\/\/www.europesays.com\/lt\/wp-json\/wp\/v2\/comments?post=269552"}],"version-history":[{"count":0,"href":"https:\/\/www.europesays.com\/lt\/wp-json\/wp\/v2\/posts\/269552\/revisions"}],"wp:featuredmedia":[{"embeddable":true,"href":"https:\/\/www.europesays.com\/lt\/wp-json\/wp\/v2\/media\/269553"}],"wp:attachment":[{"href":"https:\/\/www.europesays.com\/lt\/wp-json\/wp\/v2\/media?parent=269552"}],"wp:term":[{"taxonomy":"category","embeddable":true,"href":"https:\/\/www.europesays.com\/lt\/wp-json\/wp\/v2\/categories?post=269552"},{"taxonomy":"post_tag","embeddable":true,"href":"https:\/\/www.europesays.com\/lt\/wp-json\/wp\/v2\/tags?post=269552"}],"curies":[{"name":"wp","href":"https:\/\/api.w.org\/{rel}","templated":true}]}}