{"id":269556,"date":"2026-09-05T05:39:36","date_gmt":"2026-09-05T05:39:36","guid":{"rendered":"https:\/\/www.europesays.com\/lt\/269556\/"},"modified":"2026-09-05T05:39:36","modified_gmt":"2026-09-05T05:39:36","slug":"lenkija-po-rusijos-provokaciju-imasi-veiksmu-i-dangu-kyla-f-16","status":"publish","type":"post","link":"https:\/\/www.europesays.com\/lt\/269556\/","title":{"rendered":"Lenkija po Rusijos provokacij\u0173 imasi veiksm\u0173: \u012f dang\u0173 kyla F-16"},"content":{"rendered":"\n<p>\u201ePo naujausi\u0173 Rusijos provokacij\u0173 ir agresijos akt\u0173 nusprend\u017eiau i\u0161pl\u0117sti m\u016bs\u0173 oro erdv\u0117s apsaug\u0105. Didiname savo karini\u0173 oro paj\u0117g\u0173, \u012fskaitant \u201eF-16\u201c naikintuvus ir sraigtasparnius, aktyvum\u0105\u201c, \u2013 ra\u0161\u0117 ministras tinkle \u201eX\u201c. Pasak jo, pastarosios savait\u0117s parod\u0117, \u201ekad Rusijos provokacijos \u012fgauna \u012fvairias formas ir kelia gr\u0117sm\u0119 vietose, kurios iki \u0161iol buvo laikomos saugiomis\u201c.<\/p>\n<p>Prie\u0161 tai ketvirtadien\u012f Lenkijos naikintuvai vir\u0161 Baltijos j\u016bros per\u0117m\u0117 Rusijos \u017evalgybin\u012f l\u0117ktuv\u0105 \u201eIl-20\u201c. Incidentas \u012fvyko u\u017e 40 km \u012f \u0161iaur\u0119 nuo Ustkos. L\u0117ktuvas nebuvo \u012fjung\u0119s identifikavimo \u012frangos ir k\u0117l\u0117 pavoj\u0173 civilinei aviacijai. Lenkijos oro erdv\u0117 nebuvo pa\u017eeista.<\/p>\n<p>Jau ir \u0161ios savait\u0117s pirmadien\u012f lenk\u0173 naikintuvai u\u017e 30 km nuo Lebos per\u0117m\u0117 rus\u0173 \u017evalgybin\u012f orlaiv\u012f \u201eIl-20\u201c. Ir tada jis nebuvo \u012fskrid\u0119s \u012f \u0161alies oro erdv\u0119.<\/p>\n<p>     \u017dvalgybiniai l\u0117ktuvai <\/p>\n<p>Rusijos \u017evalgybiniai l\u0117ktuvai reguliariai skraido vir\u0161 Baltijos j\u016bros su i\u0161jungtais atsakikliais ir nepateik\u0119 skryd\u017eio plan\u0173. Tai apsunkina j\u0173 identifikavim\u0105 ir trikdo civilin\u0119 skryd\u017ei\u0173 kontrol\u0119.<\/p>\n<p>Pasak gynybos ministro, Lenkijos kariuomen\u0117 nuolat stebi pad\u0117t\u012f prie rytin\u0117s sienos. Be to, visoje \u0161alyje stiprinamos sistemos, skirtos greitai reaguoti \u012f gr\u0117smes.<\/p>\n<p>\n                                        \u0160altinis:<br \/>\n                                                                                    tv3.lt\n                                                                                <\/p>\n<p>Kvie\u010diame atrasti nauj\u0105 tv3.lt turin\u012f! Nuo \u0161iol portale j\u016bs\u0173 laukia ne tik <a href=\"https:\/\/www.tv3.lt\/testai\" rel=\"nofollow noopener\" target=\"_blank\">kasdien nauji testai<\/a>, bet ir <a href=\"https:\/\/www.tv3.lt\/kryziazodziai\" rel=\"nofollow noopener\" target=\"_blank\">kry\u017eia\u017eod\u017eiai <\/a>\u2013 i\u0161bandykite savo \u017einias, spr\u0119skite ir smagiai praleiskite laik\u0105. <\/p>\n","protected":false},"excerpt":{"rendered":"\u201ePo naujausi\u0173 Rusijos provokacij\u0173 ir agresijos akt\u0173 nusprend\u017eiau i\u0161pl\u0117sti m\u016bs\u0173 oro erdv\u0117s apsaug\u0105. Didiname savo karini\u0173 oro paj\u0117g\u0173,&hellip;\n","protected":false},"author":2,"featured_media":269557,"comment_status":"","ping_status":"","sticky":false,"template":"","format":"standard","meta":{"footnotes":"","_share_on_mastodon":"0"},"categories":[15],"tags":[38923,25,30,31,57,43,34,35,55,48,24,54,51,49,50,32,33,37,39,36,38,40,45,23,22,44,28,29,53,42,56,47,26,27,41,46,58,74,75,76,52],"class_list":["post-269556","post","type-post","status-publish","format-standard","has-post-thumbnail","category-pasaulis","tag-2026-09-04-210400","tag-antrastes","tag-breaking-news","tag-breakingnews","tag-daiktai","tag-dienos-kronika","tag-featured-news","tag-featurednews","tag-gatves-tekstai","tag-gyvenimas","tag-headlines","tag-interneto-pievos","tag-keliones","tag-kultura","tag-laisvalaikis","tag-latest-news","tag-latestnews","tag-lietuva","tag-lietuviu","tag-lithuania","tag-lithuanian","tag-lt","tag-mokslas-ir-it","tag-naujienos","tag-news","tag-pasaulis","tag-populiariausios-naujienos","tag-populiariausiosnaujienos","tag-projektai","tag-rinktiniai-tekstai","tag-simtmecio-portalas","tag-sportas","tag-top-stories","tag-topstories","tag-tv3-lt","tag-verslas","tag-video","tag-world","tag-world-news","tag-worldnews","tag-zaidimai"],"share_on_mastodon":{"url":"","error":"Validation failed: Text character limit of 500 exceeded"},"_links":{"self":[{"href":"https:\/\/www.europesays.com\/lt\/wp-json\/wp\/v2\/posts\/269556","targetHints":{"allow":["GET"]}}],"collection":[{"href":"https:\/\/www.europesays.com\/lt\/wp-json\/wp\/v2\/posts"}],"about":[{"href":"https:\/\/www.europesays.com\/lt\/wp-json\/wp\/v2\/types\/post"}],"author":[{"embeddable":true,"href":"https:\/\/www.europesays.com\/lt\/wp-json\/wp\/v2\/users\/2"}],"replies":[{"embeddable":true,"href":"https:\/\/www.europesays.com\/lt\/wp-json\/wp\/v2\/comments?post=269556"}],"version-history":[{"count":0,"href":"https:\/\/www.europesays.com\/lt\/wp-json\/wp\/v2\/posts\/269556\/revisions"}],"wp:featuredmedia":[{"embeddable":true,"href":"https:\/\/www.europesays.com\/lt\/wp-json\/wp\/v2\/media\/269557"}],"wp:attachment":[{"href":"https:\/\/www.europesays.com\/lt\/wp-json\/wp\/v2\/media?parent=269556"}],"wp:term":[{"taxonomy":"category","embeddable":true,"href":"https:\/\/www.europesays.com\/lt\/wp-json\/wp\/v2\/categories?post=269556"},{"taxonomy":"post_tag","embeddable":true,"href":"https:\/\/www.europesays.com\/lt\/wp-json\/wp\/v2\/tags?post=269556"}],"curies":[{"name":"wp","href":"https:\/\/api.w.org\/{rel}","templated":true}]}}