{"id":269593,"date":"2026-09-05T06:30:18","date_gmt":"2026-09-05T06:30:18","guid":{"rendered":"https:\/\/www.europesays.com\/lt\/269593\/"},"modified":"2026-09-05T06:30:18","modified_gmt":"2026-09-05T06:30:18","slug":"dizainere-reda-paula-pristate-naujausia-savo-kolekcija-rinkosi-zinomi-sveciai","status":"publish","type":"post","link":"https:\/\/www.europesays.com\/lt\/269593\/","title":{"rendered":"Dizainer\u0117 Reda Paula pristat\u0117 naujausi\u0105 savo kolekcij\u0105: rinkosi \u017einomi sve\u010diai"},"content":{"rendered":"<p>Pristatymas tapo\u00a0\u201eVilnius Fashion Week\u201c programos dalimi. \u017daismingum\u0105, nat\u016bralum\u0105 ir vidin\u0119 laisv\u0119 auk\u0161tinanti kolekcija kviet\u0117\u00a0bent trumpam sul\u0117t\u0117ti ir susigr\u0105\u017einti tai, kas \u0161iandien tampa tikra prabanga \u2013 savo laik\u0105, k\u016bn\u0105 ir d\u0117mes\u012f.<\/p>\n<p>Naujoji dizainer\u0117s Pavasaris\/Vasara 27-\u0173j\u0173 kolekcija gim\u0117 i\u0161 ilgesio gyvenimui, kuriame daugiau poj\u016b\u010dio nei skub\u0117jimo, daugiau laisv\u0117s nei taisykli\u0173. Kolekcijos centre \u2013 moteris, nebijanti b\u016bti \u0161velni ir laukin\u0117 vienu metu, rinktis ne tobulum\u0105, o nat\u016bralum\u0105 ir i\u0161saugoti spontani\u0161kum\u0105 pasaulyje, kuris nuolat reikalauja jos d\u0117mesio.<\/p>\n<p>Kolekcijoje susipina bas\u0173 p\u0117d\u0173 sm\u0117lyje, v\u0117jo i\u0161draikyt\u0173 plauk\u0173, naktini\u0173 maudyni\u0173 j\u016broje ir delne laikomo gintaro motyvai. Tai prisiminimai apie pirminius malonumus ir akimirkas, kuri\u0173 ne\u012fmanoma \u012fvertinti produktyvumu ar iki galo u\u017efiksuoti ekrane.<\/p>\n<p>\u201eMane g\u0105sdina ne technologijos. Mane g\u0105sdina akimirka, kai jos tampa svarbesn\u0117s u\u017e tikr\u0105 buvim\u0105 \u2013 kai pamir\u0161tame pakelti akis \u012f horizont\u0105, pajusti \u017eem\u0119 po kojomis ar \u017emog\u0173 \u0161alia sav\u0119s\u201c, \u2013 sako dizainer\u0117 Reda Paula.<\/p>\n<p>Tvari, vienetin\u0117 Redos Paulos Pavasaris\/Vasara kolekcija n\u0117ra nostalgija praei\u010diai \u2013 tai dizainer\u0117s pasi\u016blymas atei\u010diai, kurioje tvarumas rei\u0161kia ne tik atsaking\u0105 k\u016bryb\u0105, bet ir s\u0105moning\u0105 santyk\u012f su savo laiku, k\u016bnu bei d\u0117mesiu.<\/p>\n<p>Projekt\u0105 i\u0161 dalies finansuoja Lietuvos kult\u016bros taryba.<\/p>\n","protected":false},"excerpt":{"rendered":"Pristatymas tapo\u00a0\u201eVilnius Fashion Week\u201c programos dalimi. \u017daismingum\u0105, nat\u016bralum\u0105 ir vidin\u0119 laisv\u0119 auk\u0161tinanti kolekcija kviet\u0117\u00a0bent trumpam sul\u0117t\u0117ti ir susigr\u0105\u017einti&hellip;\n","protected":false},"author":2,"featured_media":269594,"comment_status":"","ping_status":"","sticky":false,"template":"","format":"standard","meta":{"footnotes":"","_share_on_mastodon":"0"},"categories":[21],"tags":[113,37,39,36,38,40,114],"class_list":["post-269593","post","type-post","status-publish","format-standard","has-post-thumbnail","category-pramogos","tag-entertainment","tag-lietuva","tag-lietuviu","tag-lithuania","tag-lithuanian","tag-lt","tag-pramogos"],"share_on_mastodon":{"url":"https:\/\/pubeurope.com\/@lt\/117217029527004582","error":""},"_links":{"self":[{"href":"https:\/\/www.europesays.com\/lt\/wp-json\/wp\/v2\/posts\/269593","targetHints":{"allow":["GET"]}}],"collection":[{"href":"https:\/\/www.europesays.com\/lt\/wp-json\/wp\/v2\/posts"}],"about":[{"href":"https:\/\/www.europesays.com\/lt\/wp-json\/wp\/v2\/types\/post"}],"author":[{"embeddable":true,"href":"https:\/\/www.europesays.com\/lt\/wp-json\/wp\/v2\/users\/2"}],"replies":[{"embeddable":true,"href":"https:\/\/www.europesays.com\/lt\/wp-json\/wp\/v2\/comments?post=269593"}],"version-history":[{"count":0,"href":"https:\/\/www.europesays.com\/lt\/wp-json\/wp\/v2\/posts\/269593\/revisions"}],"wp:featuredmedia":[{"embeddable":true,"href":"https:\/\/www.europesays.com\/lt\/wp-json\/wp\/v2\/media\/269594"}],"wp:attachment":[{"href":"https:\/\/www.europesays.com\/lt\/wp-json\/wp\/v2\/media?parent=269593"}],"wp:term":[{"taxonomy":"category","embeddable":true,"href":"https:\/\/www.europesays.com\/lt\/wp-json\/wp\/v2\/categories?post=269593"},{"taxonomy":"post_tag","embeddable":true,"href":"https:\/\/www.europesays.com\/lt\/wp-json\/wp\/v2\/tags?post=269593"}],"curies":[{"name":"wp","href":"https:\/\/api.w.org\/{rel}","templated":true}]}}