{"id":269605,"date":"2026-09-05T06:45:18","date_gmt":"2026-09-05T06:45:18","guid":{"rendered":"https:\/\/www.europesays.com\/lt\/269605\/"},"modified":"2026-09-05T06:45:18","modified_gmt":"2026-09-05T06:45:18","slug":"atlikeja-viktorija-rupeikyte-istekejo-uz-mylimojo-mariaus-po-pasakisku-vestuviu-skubi-operacija-vardai","status":"publish","type":"post","link":"https:\/\/www.europesays.com\/lt\/269605\/","title":{"rendered":"Atlik\u0117ja Viktorija Rupeikyt\u0117 i\u0161tek\u0117jo u\u017e mylimojo Mariaus: po pasaki\u0161k\u0173 vestuvi\u0173 \u2013 skubi operacija | Vardai"},"content":{"rendered":"<p>Kaip portalui \u017dmon\u0117s.lt pasakojo V.Rupeikyt\u0117, ji su mylimuoju Mariumi vestuves at\u0161oko gegu\u017e\u0117s 30-\u0105j\u0105. Pasak jos, pora b\u016btent \u0161i\u0105 dat\u0105 pasirinko neatsitiktinai.<\/p>\n<p>\u201ePirm\u0105j\u0105 dien\u0105 niekuo nesidalinau, nes nor\u0117jau b\u016bti akimirkoje \u0161imtu procent\u0173 \u2013 su savo \u017emon\u0117mis, su emocijomis, su visa ta dienos magija. Keliais prisiminimais pasidalinau tik gegu\u017e\u0117s 31-\u0105j\u0105, tod\u0117l daugelis ir pagalvojo, kad b\u016btent t\u0105 dien\u0105 vyko m\u016bs\u0173 vestuv\u0117s.<\/p>\n<p>O pa\u010di\u0105 dat\u0105 i\u0161 dalies padiktavo Mariaus d\u0117d\u0117. I\u0161 prad\u017ei\u0173 svarst\u0117me apie liep\u0105 ar rugpj\u016bt\u012f, ta\u010diau jis labai paprastai pasak\u0117: vasar\u0173 gyvenime turime ne tiek jau daug. Vieni j\u0173 sulaukia daugiau nei devyniasde\u0161imties, kiti \u2013 ma\u017eiau, tod\u0117l kam dar vien\u0105 aukoti pasiruo\u0161imui vestuv\u0117ms? \u0160i mintis mus labai paliet\u0117. Tad \u201epaaukojome\u201c ankstyv\u0105 pavasar\u012f, kuris, ties\u0105 sakant, pral\u0117k\u0117 nepastebimai. O visa vasara buvo m\u016bs\u0173 \u2013 l\u0117ta, rami ir skirta gyvenimui\u201c, \u2013 \u017dmon\u0117s.lt dalijosi V.Rupeikyt\u0117.<\/p>\n<p>  <a href=\"https:\/\/s1.15min.lt\/images\/photos\/2026\/06\/23\/original\/viktorijos-rupeikytes-ir-mariaus-daukos-vestuves-6a3a26605f296.jpeg\" rel=\"content-image nofollow noopener\" title=\"Asmeninio archyvo nuotr.\/Viktorijos Rupeikyt\u0117s ir Mariaus Daukos vestuv\u0117s\" target=\"_blank\"><img decoding=\"async\" alt=\"Asmeninio archyvo nuotr.\/Viktorijos Rupeikyt\u0117s ir Mariaus Daukos vestuv\u0117s\" rel=\"content-image\" src=\"https:\/\/www.europesays.com\/lt\/wp-content\/uploads\/2026\/09\/viktorijos-rupeikytes-ir-mariaus-daukos-vestuves-6a3a26605f296.jpeg\" style=\"width: auto; height: auto;\"\/><\/a> <\/p>\n<p>Asmeninio archyvo nuotr.\/Viktorijos Rupeikyt\u0117s ir Mariaus Daukos vestuv\u0117s<\/p>\n<p>\u017dinoma atlik\u0117ja atskleid\u0117, kad vestuvi\u0173 ceremonija \u012fvyko Veivir\u017e\u0117n\u0173 \u0160v.apa\u0161talo evangelisto Mato ba\u017eny\u010dioje. Pasirodo, ilg\u0173 svarstym\u0173 d\u0117l jos nebuvo, mat sprendim\u0105 nul\u0117m\u0117 viena prie\u017eastis.<\/p>\n<p>\u201eMano vyro d\u0117d\u0117 \u2013 Vidmantas Gricius, \u0161ios ba\u017eny\u010dios klebonas, tai kitos minties, kad ceremonija bus ka\u017ekur kitur, net netur\u0117jome. Mariaus d\u0117d\u0117 vienas i\u0161mintingiausi\u0173 \u017emoni\u0173, kuriuos pa\u017e\u012fstu, tai ir ceremonija buvo tobula! Gera, kai tokie \u017emon\u0117s sujungia am\u017einam gyvenimui kartu! O, kad toli vaizduoti nereik\u0117t\u0173, netoliese buvo ir antra \u0161vent\u0117s dalis\u201c, \u2013 prisimin\u0117 daininink\u0117.<\/p>\n<p>Paklausta, ar svajojo apie dideles, triuk\u0161mingas vestuves, ji teig\u0117, kad svarbi\u0105 gyvenimo dien\u0105 nor\u0117jo \u0161alia sav\u0119s tur\u0117ti pa\u010dius artimiausius \u017emones ir linksmai at\u0161v\u0119sti.<\/p>\n<p>\u201eNor\u0117josi dideli\u0173, linksm\u0173, gyvyb\u0117s piln\u0173 vestuvi\u0173, bet kartu \u2013 labai jauki\u0173 ir tikr\u0173. Svajojome b\u016bti apsupti pa\u010di\u0173 artimiausi\u0173 \u017emoni\u0173, su kuriais gal\u0117tume ne tik \u0161v\u0119sti, bet ir i\u0161gyventi t\u0105 dien\u0105 nuo\u0161ird\u017eiai, be jokio skub\u0117jimo ar \u012ftampos. Galiausiai b\u016btent taip ir buvo \u2013 m\u016bs\u0173 \u0161vent\u0117je dalyvavo 64 \u017emon\u0117s\u201c, \u2013 atskleid\u0117 Viktorija.<\/p>\n<p> <a href=\"https:\/\/s1.15min.lt\/images\/photos\/2026\/06\/23\/original\/viktorija-marius-highlights-sandrabalke-122-6a3a264d6123a.jpeg\" rel=\"content-image nofollow noopener\" title=\"Asmeninio archyvo nuotr.\/Viktorijos Rupeikyt\u0117s ir Mariaus Daukos vestuv\u0117s\" target=\"_blank\"><img decoding=\"async\" alt=\"Asmeninio archyvo nuotr.\/Viktorijos Rupeikyt\u0117s ir Mariaus Daukos vestuv\u0117s\" rel=\"content-image\" src=\"https:\/\/www.europesays.com\/lt\/wp-content\/uploads\/2026\/09\/viktorija-marius-highlights-sandrabalke-122-6a3a264d6123a.jpeg\" style=\"width: auto; height: auto;\"\/><\/a> <\/p>\n<p>Asmeninio archyvo nuotr.\/Viktorijos Rupeikyt\u0117s ir Mariaus Daukos vestuv\u0117s<\/p>\n<p>\u012esp\u016bding\u0105 nuotakos suknel\u0119 suk\u016br\u0117 \u201eOdmega\u201c, o rezultatas nuotakai taip patiko d\u0117l to, kad su k\u016br\u0117ja dirba jau ne pirm\u0105 kart\u0105. V.Rupeikyt\u0117 nesl\u0117p\u0117, kad visi\u0161kas pasitik\u0117jimas dizainere leido pasiekti stulbinant\u012f rezultat\u0105.<\/p>\n<p>\u201eAtsidaviau \u012f Odetos rankas, nes jau kart\u0105 buvome kartu k\u016brusios mano koncertin\u012f r\u016bb\u0105. Ji turi ne\u012ftik\u0117tin\u0105 dovan\u0105 matyti \u017emog\u0173 \u2013 jo charakter\u012f, vid\u0173, b\u016bd\u0105 \u2013 ir visa tai sud\u0117ti \u012f drabu\u017e\u012f.<\/p>\n<p>Kartais net pasidaro nejauku, nes atrodo, kad esi matomas be joki\u0173 kauki\u0173. O b\u016bti visi\u0161kai savimi taip pat reikia dr\u0105sos. Tod\u0117l \u017einojau, kad \u0161i suknel\u0117 nebus tik gra\u017eus r\u016bbas \u2013 ji bus apie mane. T\u0105 dien\u0105 joje jau\u010diausi visi\u0161kai savimi, ir tai turb\u016bt yra did\u017eiausia dovana, u\u017e kuri\u0105 Odetai esu be galo d\u0117kinga\u201c, \u2013 \u017dmon\u0117s.lt \u0161ypsojosi V.Rupeikyt\u0117.<\/p>\n<p> <a href=\"https:\/\/s1.15min.lt\/images\/photos\/2026\/06\/23\/original\/viktorija-marius-highlights-sandrabalke-170-6a3a265713b43.jpeg\" rel=\"content-image nofollow noopener\" title=\"Asmeninio archyvo nuotr.\/Viktorijos Rupeikyt\u0117s ir Mariaus Daukos vestuv\u0117s\" target=\"_blank\"><img decoding=\"async\" alt=\"Asmeninio archyvo nuotr.\/Viktorijos Rupeikyt\u0117s ir Mariaus Daukos vestuv\u0117s\" rel=\"content-image\" src=\"https:\/\/www.europesays.com\/lt\/wp-content\/uploads\/2026\/09\/viktorija-marius-highlights-sandrabalke-170-6a3a265713b43.jpeg\" style=\"width: auto; height: auto;\"\/><\/a> <\/p>\n<p>Asmeninio archyvo nuotr.\/Viktorijos Rupeikyt\u0117s ir Mariaus Daukos vestuv\u0117s<\/p>\n<p>Dalis jaunaved\u017ei\u0173 vestuvi\u0173 planavim\u0105 patiki profesionalams, ta\u010diau \u0161i pora nusprend\u0117 pasikliauti savo j\u0117gomis. V.Rupeikyt\u0117 atskleid\u0117, kad jie su Mariumi vestuvi\u0173 planuotojos netur\u0117jo ir visk\u0105 organizavo patys.<\/p>\n<p>\u201eTies\u0105 sakant, kai Marius man pasipir\u0161o, did\u017eioji dalis sprendim\u0173 buvo priimta vos per por\u0105 savai\u010di\u0173, o likus m\u0117nesiui iki vestuvi\u0173 tiesiog susiskambinome su visais tiek\u0117jais ir visk\u0105 galutinai sud\u0117liojome.<\/p>\n<p>Visas planavimo procesas mums buvo did\u017eiulis malonumas. Nor\u0117josi, kad \u0161i diena ne atimt\u0173 j\u0117gas, o padvigubint\u0173 laim\u0119, d\u017eiaugsm\u0105 ir geras emocijas. B\u016btent taip ir nutiko\u201c, \u2013 teig\u0117 \u017einoma moteris.<\/p>\n<p>Nors visk\u0105 planuojant patiems idealios tvarkos garantuoti ne\u012fmanoma, pora neleido smulkiems nesklandumams u\u017etemdyti j\u0173 dienos. Viktorija pripa\u017eino, kad buvo ir nemaloni\u0173 emocij\u0173 d\u0117l tiek\u0117j\u0173 neapdairumo, ta\u010diau tai nesugadino \u0161vent\u0117s gro\u017eio ir teikiamo d\u017eiaugsmo.<\/p>\n<p>\u201eJei b\u016btume tur\u0117j\u0119 vestuvi\u0173 planuotoj\u0105, ji tikriausiai b\u016bt\u0173 pasteb\u0117jusi ir u\u017eb\u0117gusi u\u017e aki\u0173 kelioms tiek\u0117j\u0173 klaidoms. Ta\u010diau rimt\u0173 i\u0161\u0161\u016bki\u0173 ar didesni\u0173 nesklandum\u0173 netur\u0117jome. Steng\u0117m\u0117s \u012f visk\u0105 \u017ei\u016br\u0117ti lengvai ir nesureik\u0161minti smulkmen\u0173, tod\u0117l net ir netik\u0117tumai nesugadino nuotaikos. Galiausiai viskas pra\u0117jo taip, kaip ir tik\u0117jom\u0117s \u2013 kupina d\u017eiaugsmo, meil\u0117s ir gra\u017ei\u0173 akimirk\u0173\u201c, \u2013 tikino V.Rupeikyt\u0117.<\/p>\n<p> <a href=\"https:\/\/s1.15min.lt\/images\/photos\/2026\/06\/23\/original\/viktorija-marius-highlights-sandrabalke-78-6a3a26416d075.jpeg\" rel=\"content-image nofollow noopener\" title=\"Asmeninio archyvo nuotr.\/Viktorijos Rupeikyt\u0117s ir Mariaus Daukos vestuv\u0117s\" target=\"_blank\"><img decoding=\"async\" alt=\"Asmeninio archyvo nuotr.\/Viktorijos Rupeikyt\u0117s ir Mariaus Daukos vestuv\u0117s\" rel=\"content-image\" src=\"https:\/\/www.europesays.com\/lt\/wp-content\/uploads\/2026\/09\/viktorija-marius-highlights-sandrabalke-78-6a3a26416d075.jpeg\" style=\"width: auto; height: auto;\"\/><\/a> <\/p>\n<p>Asmeninio archyvo nuotr.\/Viktorijos Rupeikyt\u0117s ir Mariaus Daukos vestuv\u0117s<\/p>\n<p>Portalui \u017dmon\u0117s.lt atlik\u0117ja atskleid\u0117, kad po vestuvi\u0173 pasirinko dvigub\u0105 pavard\u0119 \u2013 savo ir vyro.<\/p>\n<p>\u201eNor\u0117josi gra\u017eiai sujungti tai, kas mane lyd\u0117jo iki \u0161iol, ir tai, k\u0105 kuriame kartu dabar. Man tai simbolizuoja ne atsisveikinim\u0105 su savo tapatybe, o dviej\u0173 istorij\u0173 susijungim\u0105 \u012f vien\u0105\u201c, \u2013 mintimis dalijosi atlik\u0117ja.<\/p>\n<p>Ne paslaptis, kad per vestuves netr\u016bksta ir jautri\u0173 moment\u0173. Toks pasitaik\u0117 ir Viktorijos bei Mariaus vestuv\u0117se. Nors visa diena buvo kupina gra\u017ei\u0173 emocij\u0173, viena akimirka nuotakai \u012fsir\u0117\u017e\u0117 labiausiai.<\/p>\n<p>\u201eMan jautriausias momentas buvo \u0117jimas su t\u0117\u010diu iki Mariaus ir akimirka, kai t\u0117tis mane perdav\u0117 b\u016bsimam vyrui. Tai buvo nepaprastai jaudinantis momentas, kur\u012f ne\u0161iosiuosi \u0161irdyje vis\u0105 gyvenim\u0105.<br \/>Su Mariumi dar antr\u0105j\u0105 vestuvi\u0173 dien\u0105 kalb\u0117jome, kad daugelis mus persp\u0117jo, jog daug ko neprisiminsime, nes viskas prab\u0117gs labai greitai. Ta\u010diau mes vis\u0105 dien\u0105 susid\u0117liojome taip, kad joje b\u016bt\u0173 kuo ma\u017eiau streso ir skub\u0117jimo. \u012e parapijos namus atvykome kartu, o ne atskirai, kaip da\u017enai \u012fprasta. Fotosesij\u0105 dar\u0117me prie ba\u017eny\u010dios, o prie parapijos nam\u0173 m\u016bs\u0173 lauk\u0117 \u017eirgai, tod\u0117l nereik\u0117jo niekur skub\u0117ti ar va\u017ein\u0117ti.<br \/>Man atrodo, b\u016btent tas l\u0117tumas leido i\u0161 tikr\u0173j\u0173 i\u0161gyventi kiekvien\u0105 akimirk\u0105. Ir dabar atrodo, kad visus tuos prisiminimus ramiai susid\u0117jome \u012f savo atminties stal\u010diukus \u2013 taip, kad gal\u0117tume juos tur\u0117ti dar ilgus metus\u201c, \u2013 \u017dmon\u0117s.lt pasakojo V.Rupeikyt\u0117.<\/p>\n<p> <a href=\"https:\/\/s1.15min.lt\/images\/photos\/2026\/06\/23\/original\/viktorijos-rupeikytes-ir-mariaus-daukos-vestuves-fotobankas-nuotraukos-ikelimas-6a3a265c548fa.jpeg\" rel=\"content-image nofollow noopener\" title=\"Asmeninio archyvo nuotr.\/Viktorijos Rupeikyt\u0117s ir Mariaus Daukos vestuv\u0117s\" target=\"_blank\"><img decoding=\"async\" alt=\"Asmeninio archyvo nuotr.\/Viktorijos Rupeikyt\u0117s ir Mariaus Daukos vestuv\u0117s\" rel=\"content-image\" src=\"https:\/\/www.europesays.com\/lt\/wp-content\/uploads\/2026\/09\/viktorijos-rupeikytes-ir-mariaus-daukos-vestuves-fotobankas-nuotraukos-ikelimas-6a3a265c548fa.jpeg\" style=\"width: auto; height: auto;\"\/><\/a> <\/p>\n<p>Asmeninio archyvo nuotr.\/Viktorijos Rupeikyt\u0117s ir Mariaus Daukos vestuv\u0117s<\/p>\n<p>Tiesa, medaus m\u0117nesio planus porai teko trumpam atid\u0117ti. V.Rupeikyt\u0117 nesl\u0117p\u0117, kad i\u0161kart po \u0161vent\u0117s jos lauk\u0117 rimti sveikatos i\u0161\u0161\u016bkiai.<\/p>\n<p>\u201eMedaus m\u0117nesio dar netur\u0117jom, nes \u0161iuo metu mano sveikata \u0161iek tiek pakoregavo m\u016bs\u0173 planus. Tai, kai jau viskas bus gerai, va\u017eiuosim! Labai laukiam!\u201c, \u2013 teig\u0117 atlik\u0117ja.<\/p>\n<p>Kaip atskleid\u0117 daininink\u0117, apie tai, kad prireiks operacijos, ji \u017einojo dar iki \u017eengiant prie altoriaus, ta\u010diau s\u0105moningai pri\u0117m\u0117 sprendim\u0105 j\u0105 nukelti.<\/p>\n<p>\u201eApie b\u016btinyb\u0119 operuotis su\u017einojau likus ma\u017edaug dviem savait\u0117ms iki vestuvi\u0173. I\u0161 prad\u017ei\u0173 operacij\u0105 buvo planuota atlikti i\u0161kart, ta\u010diau kartu su gydytoja nusprend\u0117me, kad, jei tik sveikatos situacija leid\u017eia, j\u0105 nukelsime po vestuvi\u0173.<\/p>\n<p>Labai d\u017eiaugiuosi, kad gal\u0117jau visapusi\u0161kai i\u0161gyventi m\u016bs\u0173 dien\u0105 ir b\u016bti joje \u0161imtu procent\u0173. O dabar jau ramiai galiu susitelkti \u012f sveikat\u0105 ir atsigavim\u0105\u201c, \u2013 teig\u0117 V.Rupeikyt\u0117.<\/p>\n<p> <a href=\"https:\/\/s1.15min.lt\/images\/photos\/2026\/06\/23\/original\/viktorija-marius-highlights-sandrabalke-126-6a3a26531c57e.jpeg\" rel=\"content-image nofollow noopener\" title=\"Asmeninio archyvo nuotr.\/Viktorijos Rupeikyt\u0117s ir Mariaus Daukos vestuv\u0117s\" target=\"_blank\"><img decoding=\"async\" alt=\"Asmeninio archyvo nuotr.\/Viktorijos Rupeikyt\u0117s ir Mariaus Daukos vestuv\u0117s\" rel=\"content-image\" src=\"https:\/\/www.europesays.com\/lt\/wp-content\/uploads\/2026\/09\/viktorija-marius-highlights-sandrabalke-126-6a3a26531c57e.jpeg\" style=\"width: auto; height: auto;\"\/><\/a> <\/p>\n<p>Asmeninio archyvo nuotr.\/Viktorijos Rupeikyt\u0117s ir Mariaus Daukos vestuv\u0117s<\/p>\n<p>Paklausta, kokia jai nustatyta diagnoz\u0117, atlik\u0117ja detalizuoti nenor\u0117jo, ta\u010diau atv\u0117r\u0117 \u0161ird\u012f tik\u0117damasi, kad jos patirtis taps vertingu priminimu kitoms moterims.<\/p>\n<p>\u201eNenor\u0117\u010diau labai i\u0161sipl\u0117sti \u0161ia tema, ta\u010diau labai norisi pasidalinti tuo, kas, tikiuosi, paskatins kiekvien\u0105 moter\u012f pasir\u016bpinti savimi. \u0160iuo metu man\u0119s laukia dar viena operacija. Diagnoz\u0117 n\u0117ra d\u017eiuginanti \u2013 gydytojai nustat\u0117 labai auk\u0161to laipsnio gimdos kaklelio pakitimus, kurie laikomi paskutine stadija prie\u0161 invazin\u012f v\u0117\u017e\u012f. Esu be galo d\u0117kinga, kad nu\u0117jau pasitikrinti laiku, nes beveik nejau\u010diau joki\u0173 simptom\u0173.<\/p>\n<p>Tod\u0117l, jei galiu perduoti vien\u0105 \u017einut\u0119 kitoms moterims, ji b\u016bt\u0173 labai paprasta \u2013 nebijokite profilaktini\u0173 tyrim\u0173. Bent kart\u0105 per metus pasitikrinkite gimdos kaklel\u012f. Kartais b\u016btent tai gali i\u0161gelb\u0117ti gyvyb\u0119. \u0160iandien visi\u0161kai pasitikiu gydytojais ir tikiu, kad viskas bus gerai\u201c, \u2013 dalijosi V.Rupeikyt\u0117.<\/p>\n<p>Paklausta, kaip jau\u010diasi po pirmosios operacijos, Viktorija neslep\u0117 optimizmo.<\/p>\n<p>\u201eJau beveik pavyko sugr\u012f\u017eti \u012f \u012fprast\u0105 gyvenimo ritm\u0105, nors visai neseniai su\u017einojau, kad man\u0119s laukia dar viena operacija. Ta\u010diau iki jos dar turiu laiko, tod\u0117l stengiuosi pasim\u0117gauti viskuo \u2013 vasara, artimaisiais ir paprastais kasdieniais d\u017eiaugsmais.<\/p>\n<p> <a href=\"https:\/\/s1.15min.lt\/images\/photos\/2026\/06\/23\/original\/viktorija-marius-highlights-sandrabalke-118-6a3a26494b22e.jpeg\" rel=\"content-image nofollow noopener\" title=\"Asmeninio archyvo nuotr.\/Viktorijos Rupeikyt\u0117s ir Mariaus Daukos vestuv\u0117s\" target=\"_blank\"><img decoding=\"async\" alt=\"Asmeninio archyvo nuotr.\/Viktorijos Rupeikyt\u0117s ir Mariaus Daukos vestuv\u0117s\" rel=\"content-image\" src=\"https:\/\/www.europesays.com\/lt\/wp-content\/uploads\/2026\/09\/viktorija-marius-highlights-sandrabalke-118-6a3a26494b22e.jpeg\" style=\"width: auto; height: auto;\"\/><\/a> <\/p>\n<p>Asmeninio archyvo nuotr.\/Viktorijos Rupeikyt\u0117s ir Mariaus Daukos vestuv\u0117s<\/p>\n<p>Visada sakau, kad jei ka\u017eko negaliu pakeisti, stengiuosi tam ne\u0161vaistyti savo emocij\u0173, o jei galiu \u2013 imuosi veiksm\u0173. I\u0161 prad\u017ei\u0173, \u017einoma, \u0161iek tiek i\u0161sigandau, bet dabar su tuo susigyvenau, nes kitos i\u0161eities tiesiog n\u0117ra. Pasitikiu gydytojais, tikiu, kad viskas bus gerai, ir gyvenu toliau \u2013 su d\u0117kingumu ir d\u017eiaugsmu d\u0117l kiekvienos dienos\u201c, \u2013 kalb\u0117jo V.Rupeikyt\u0117.<\/p>\n<p>Visi patirti i\u0161bandymai tik dar labiau suartino jaunuosius ir primin\u0117, kas gyvenime yra svarbiausia. Pasiteiravus, ko palink\u0117t\u0173 sau ir savo \u0161eimai \u017eengiant \u012f \u0161\u012f nauj\u0105 gyvenimo etap\u0105, ji prabilo apie savo svajones.<\/p>\n<p>\u201eDabar ypa\u010d suprantu, kad be jos viskas nublanksta. O visa kita, tikiu, ateina per meil\u0119, draugyst\u0119 ir buvim\u0105 kartu. Sau ir savo \u0161eimai link\u0117\u010diau kuo daugiau kalb\u0117tis, i\u0161girsti vienas kit\u0105, niekada neprarasti smalsumo gyvenimui ir sukaupti kuo daugiau pirm\u0173 kart\u0173 kartu. O dar\u2026 labai nor\u0117\u010diau mums palink\u0117ti vaik\u0173\u201c, \u2013 \u017dmon\u0117s.lt pokalb\u012f baig\u0117 V.Rupeikyt\u0117.<\/p>\n","protected":false},"excerpt":{"rendered":"Kaip portalui \u017dmon\u0117s.lt pasakojo V.Rupeikyt\u0117, ji su mylimuoju Mariumi vestuves at\u0161oko gegu\u017e\u0117s 30-\u0105j\u0105. Pasak jos, pora b\u016btent \u0161i\u0105&hellip;\n","protected":false},"author":2,"featured_media":269606,"comment_status":"","ping_status":"","sticky":false,"template":"","format":"standard","meta":{"footnotes":"","_share_on_mastodon":"0"},"categories":[21],"tags":[113,37,39,36,38,40,114],"class_list":["post-269605","post","type-post","status-publish","format-standard","has-post-thumbnail","category-pramogos","tag-entertainment","tag-lietuva","tag-lietuviu","tag-lithuania","tag-lithuanian","tag-lt","tag-pramogos"],"share_on_mastodon":{"url":"https:\/\/pubeurope.com\/@lt\/117217088865979779","error":""},"_links":{"self":[{"href":"https:\/\/www.europesays.com\/lt\/wp-json\/wp\/v2\/posts\/269605","targetHints":{"allow":["GET"]}}],"collection":[{"href":"https:\/\/www.europesays.com\/lt\/wp-json\/wp\/v2\/posts"}],"about":[{"href":"https:\/\/www.europesays.com\/lt\/wp-json\/wp\/v2\/types\/post"}],"author":[{"embeddable":true,"href":"https:\/\/www.europesays.com\/lt\/wp-json\/wp\/v2\/users\/2"}],"replies":[{"embeddable":true,"href":"https:\/\/www.europesays.com\/lt\/wp-json\/wp\/v2\/comments?post=269605"}],"version-history":[{"count":0,"href":"https:\/\/www.europesays.com\/lt\/wp-json\/wp\/v2\/posts\/269605\/revisions"}],"wp:featuredmedia":[{"embeddable":true,"href":"https:\/\/www.europesays.com\/lt\/wp-json\/wp\/v2\/media\/269606"}],"wp:attachment":[{"href":"https:\/\/www.europesays.com\/lt\/wp-json\/wp\/v2\/media?parent=269605"}],"wp:term":[{"taxonomy":"category","embeddable":true,"href":"https:\/\/www.europesays.com\/lt\/wp-json\/wp\/v2\/categories?post=269605"},{"taxonomy":"post_tag","embeddable":true,"href":"https:\/\/www.europesays.com\/lt\/wp-json\/wp\/v2\/tags?post=269605"}],"curies":[{"name":"wp","href":"https:\/\/api.w.org\/{rel}","templated":true}]}}