{"id":269609,"date":"2026-09-05T06:58:39","date_gmt":"2026-09-05T06:58:39","guid":{"rendered":"https:\/\/www.europesays.com\/lt\/269609\/"},"modified":"2026-09-05T06:58:39","modified_gmt":"2026-09-05T06:58:39","slug":"mire-vaiku-mylima-tv-zvaigzde-su-didziuliu-liudesiu-sutikome-zinia","status":"publish","type":"post","link":"https:\/\/www.europesays.com\/lt\/269609\/","title":{"rendered":"Mir\u0117 vaik\u0173 mylima TV \u017evaig\u017ed\u0117: \u201eSu did\u017eiuliu li\u016bdesiu sutikome \u017eini\u0105&#8230;\u201c"},"content":{"rendered":"\n<p>Peter Llewellyn-Jones seriale \u201eThe Riddlers\u201c, kuris televizijos ekranuose buvo rodomas vis\u0105 de\u0161imt\u0105j\u012f de\u0161imtmet\u012f, \u012fk\u016bnijo Mr Grimley, ra\u0161\u0117 Mirror.<\/p>\n<p>\u201eYorkshire Television\u201c kurtas serialas sulauk\u0117 did\u017eiul\u0117s s\u0117km\u0117s. Nuo 1989 iki 1998 met\u0173 per ITV buvo parodytos net 224 jo serijos. Taip pat buvo i\u0161leistos penkios vaizdajuost\u0117s, du DVD ir \u201eRiddler\u201c knyg\u0173 serija.<\/p>\n<p>     Ilgus metus dirbo televizijoje <\/p>\n<p>Peter Llewellyn-Jones taip pat ved\u0117 \u201eOur World\u201c \u2013 ITV mokykloms skirt\u0105 laid\u0105 apie vaik\u0173 po\u017ei\u016br\u012f \u012f gyvenim\u0105, kuri buvo rodoma devintajame ir de\u0161imtajame de\u0161imtme\u010diuose.<\/p>\n<p>Jis buvo aktyvus brit\u0173 gest\u0173 kalbos (BSL) puosel\u0117tojas ir pasirod\u0117 vaikams skirtoje televizijos laidoje \u201eInsight\u201c. Joje 1980\u20131984 metais buvo rodomi \u012fvair\u016bs vaidybiniai epizodai ir trumpos istorijos, skirtos kurtiesiems bei neprigirdintiems jaunuoliams.<\/p>\n<p>     <a href=\"https:\/\/www.tv3.lt\/Uploads\/UGallery\/photos\/4a\/d1\/9a\/33\/4ad19a332c8797c6432c682c5f1af392.jpg\" data-fancybox=\"photos-embed\" data-caption=\"Peter Llewellyn-Jones | \u201eFacebook\u201c nuotr.\" target=\"_self\" rel=\"nofollow noopener\"> <img decoding=\"async\" class=\"photo-inside-article\" align=\"center\" alt=\"Peter Llewellyn-Jones | \u201eFacebook\u201c nuotr.\" title=\"Peter Llewellyn-Jones | \u201eFacebook\u201c nuotr.\" src=\"https:\/\/www.europesays.com\/lt\/wp-content\/uploads\/2026\/09\/4ad19a332c8797c6432c682c5f1af392.jpg\" width=\"684\" height=\"654\" loading=\"lazy\" \/> <\/a>       <\/p>\n<p>Peter Llewellyn-Jones taip pat pasirod\u0117 \u0161ios laidos t\u0119sinyje \u2013 BBC laidoje \u201eListening Eye\u201c. Tai buvo viena pirm\u0173j\u0173 tokio pob\u016bd\u017eio laid\u0173, skirt\u0173 kur\u010di\u0173j\u0173 bendruomenei. V\u0117liau ji tapo \u017einoma pavadinimu \u201eSign On\u201c.<\/p>\n<p>    Atsisveikino jautriais \u017eod\u017eiais <\/p>\n<p>Brit\u0173 kur\u010di\u0173j\u0173 asociacija (British Deaf Association) aktoriui pagerbti paskelb\u0117 vaizdo \u012fra\u0161\u0105 gest\u0173 kalba.<\/p>\n<p>\u201e\u0160iandien Brit\u0173 kur\u010di\u0173j\u0173 asociacija su did\u017eiuliu li\u016bdesiu sutiko \u017eini\u0105 apie Peter Llewellyn-Jones mirt\u012f. Jis buvo BSL puosel\u0117tojas ir tvirtas kur\u010di\u0173j\u0173 bendruomen\u0117s s\u0105jungininkas daugiau nei 50 met\u0173.<\/p>\n<p>Peter ilgus metus palaik\u0117 glaud\u0173 ir verting\u0105 ry\u0161\u012f su BDA, r\u0117m\u0117 m\u016bs\u0173 veikl\u0105 ir daugel\u012f de\u0161imtme\u010di\u0173 dalyvavo BDA renginiuose.<\/p>\n<p>Nuo pirm\u0173j\u0173 BDA vasaros mokykl\u0173 iki didesni\u0173 nacionalini\u0173 kur\u010di\u0173j\u0173 bendruomen\u0117s rengini\u0173 \u2013 jis atliko svarb\u0173 vaidmen\u012f gerinant bendravim\u0105 ir prieinamum\u0105 tarp kur\u010di\u0173j\u0173 ir girdin\u010di\u0173j\u0173.<\/p>\n<p>Peter buvo vizionieri\u0161kas lyderis ir novatori\u0161kas kalbini\u0173 teisi\u0173 gyn\u0117jas\u201c, \u2013 skelb\u0117 asociacija.<\/p>\n<p>\n                                        \u0160altinis:<br \/>\n                                                                                    tv3.lt\n                                                                                <\/p>\n<p>Kvie\u010diame atrasti nauj\u0105 tv3.lt turin\u012f! Nuo \u0161iol portale j\u016bs\u0173 laukia ne tik <a href=\"https:\/\/www.tv3.lt\/testai\" rel=\"nofollow noopener\" target=\"_blank\">kasdien nauji testai<\/a>, bet ir <a href=\"https:\/\/www.tv3.lt\/kryziazodziai\" rel=\"nofollow noopener\" target=\"_blank\">kry\u017eia\u017eod\u017eiai <\/a>\u2013 i\u0161bandykite savo \u017einias, spr\u0119skite ir smagiai praleiskite laik\u0105. <\/p>\n","protected":false},"excerpt":{"rendered":"Peter Llewellyn-Jones seriale \u201eThe Riddlers\u201c, kuris televizijos ekranuose buvo rodomas vis\u0105 de\u0161imt\u0105j\u012f de\u0161imtmet\u012f, \u012fk\u016bnijo Mr Grimley, ra\u0161\u0117 Mirror.&hellip;\n","protected":false},"author":2,"featured_media":269610,"comment_status":"","ping_status":"","sticky":false,"template":"","format":"standard","meta":{"footnotes":"","_share_on_mastodon":"0"},"categories":[21],"tags":[38928,57,43,113,55,48,54,51,49,50,37,39,36,38,40,45,23,44,114,53,42,56,47,41,46,58,52],"class_list":["post-269609","post","type-post","status-publish","format-standard","has-post-thumbnail","category-pramogos","tag-2026-09-04-194000","tag-daiktai","tag-dienos-kronika","tag-entertainment","tag-gatves-tekstai","tag-gyvenimas","tag-interneto-pievos","tag-keliones","tag-kultura","tag-laisvalaikis","tag-lietuva","tag-lietuviu","tag-lithuania","tag-lithuanian","tag-lt","tag-mokslas-ir-it","tag-naujienos","tag-pasaulis","tag-pramogos","tag-projektai","tag-rinktiniai-tekstai","tag-simtmecio-portalas","tag-sportas","tag-tv3-lt","tag-verslas","tag-video","tag-zaidimai"],"share_on_mastodon":{"url":"https:\/\/pubeurope.com\/@lt\/117217140247995217","error":""},"_links":{"self":[{"href":"https:\/\/www.europesays.com\/lt\/wp-json\/wp\/v2\/posts\/269609","targetHints":{"allow":["GET"]}}],"collection":[{"href":"https:\/\/www.europesays.com\/lt\/wp-json\/wp\/v2\/posts"}],"about":[{"href":"https:\/\/www.europesays.com\/lt\/wp-json\/wp\/v2\/types\/post"}],"author":[{"embeddable":true,"href":"https:\/\/www.europesays.com\/lt\/wp-json\/wp\/v2\/users\/2"}],"replies":[{"embeddable":true,"href":"https:\/\/www.europesays.com\/lt\/wp-json\/wp\/v2\/comments?post=269609"}],"version-history":[{"count":0,"href":"https:\/\/www.europesays.com\/lt\/wp-json\/wp\/v2\/posts\/269609\/revisions"}],"wp:featuredmedia":[{"embeddable":true,"href":"https:\/\/www.europesays.com\/lt\/wp-json\/wp\/v2\/media\/269610"}],"wp:attachment":[{"href":"https:\/\/www.europesays.com\/lt\/wp-json\/wp\/v2\/media?parent=269609"}],"wp:term":[{"taxonomy":"category","embeddable":true,"href":"https:\/\/www.europesays.com\/lt\/wp-json\/wp\/v2\/categories?post=269609"},{"taxonomy":"post_tag","embeddable":true,"href":"https:\/\/www.europesays.com\/lt\/wp-json\/wp\/v2\/tags?post=269609"}],"curies":[{"name":"wp","href":"https:\/\/api.w.org\/{rel}","templated":true}]}}