{"id":269659,"date":"2026-09-05T08:30:08","date_gmt":"2026-09-05T08:30:08","guid":{"rendered":"https:\/\/www.europesays.com\/lt\/269659\/"},"modified":"2026-09-05T08:30:08","modified_gmt":"2026-09-05T08:30:08","slug":"jolanta-naruseviciute-prakalbo-apie-atlikta-plastine-operacija-parode-rezultata","status":"publish","type":"post","link":"https:\/\/www.europesays.com\/lt\/269659\/","title":{"rendered":"Jolanta Naru\u0161evi\u010di\u016bt\u0117 prakalbo apie atlikt\u0105 plastin\u0119 operacij\u0105: parod\u0117 rezultat\u0105"},"content":{"rendered":"<p>\u017dinoma moteris pavie\u0161ino nuotraukas prie\u0161 ir po vok\u0173 pak\u0117limo operacij\u0105, papasakojo apie savo sprendim\u0105 bei pasid\u017eiaug\u0117 rezultatu.<\/p>\n<p>\u201eMielos moterys, at\u0117jau j\u016bs\u0173 padr\u0105sinti. Pra\u0117jo lygiai 1,5 met\u0173 po mano ma\u017eos gro\u017eio operacijos. Pirm\u0105j\u0105 vok\u0173 operacij\u0105 tur\u0117jau 2019 metais. Kod\u0117l? Tiesiog genetika, am\u017eius ir u\u017ekritusi perteklin\u0117 vok\u0173 oda. Buvau labai patenkinta, bet po keleto met\u0173 viskas v\u0117l gr\u012f\u017eo. Tai matosi pirmoje nuotraukoje.<\/p>\n<p>2024 metais pasteb\u0117jau kit\u0173 pramog\u0173 pasaulio \u017emoni\u0173 pasikeitimus ir rekomendacijas. Kreipiausi \u012f Donato Samsanavi\u010diaus klinik\u0105 Kaune. Nor\u0117jau daryti tik aki\u0173 vok\u0173 operacij\u0105, bet gydytojas patar\u0117 atlikti b\u016btent endoskopin\u012f antaki\u0173 pak\u0117lim\u0105 ir vok\u0173 plastik\u0105. Labai abejojau, bet pasiry\u017eau \u2013 ir \u0161tai rezultatas!<\/p>\n<p>Kai dabar nuvykau ir gydytojas parod\u0117 mano nuotrauk\u0105 prie\u0161 operacij\u0105, net aiktel\u0117jau! \u010cia tikrai buvau a\u0161? Net nesitiki!<\/p>\n<p>Mielosios, nebijokite, operacija trumpa, gijimas irgi lengvas. Pirmadien\u012f i\u0161operavo, antradien\u012f kold\u016bnus lipd\u017eiau, o ketvirtadien\u012f namo skridau.<\/p>\n<p>Ir supratau, kad tai pats geriausias sprendimas mano gyvenime! Kaip gydytojas sak\u0117, reik\u0117s net pas\u0105 keisti.<\/p>\n<p>Taigi neturiu savo veide joki\u0173 botoks\u0173, u\u017epild\u0173 ar dar koki\u0173 injekcij\u0173. Geriau pasitaupyti ir susitvarkyti pas profesionalus. Rekomenduoju visiems, nepasigail\u0117site.<\/p>\n<p>Oi, dar pamir\u0161au \u2013 tur\u0117t\u0173 \u201e\u0161ifonin\u0117s\u201c atl\u0117kti su savo gyvenimo \u201etiesomis\u201c, \u2013 patirtimi dalijosi ji.<\/p>\n<p>\u0160is \u012fra\u0161as netruko sulaukti \u017einomos moters bi\u010diuli\u0173 ir gerb\u0117j\u0173 d\u0117mesio. Komentatoriai gyr\u0117 J. Naru\u0161evi\u010di\u016bt\u0117s i\u0161vaizdos poky\u010dius ir tikino, kad skirtumas \u2013 akivaizdus.<\/p>\n<p>\u201eLabai gra\u017eu, gyvos akyt\u0117s. Ir a\u0161 laukiu tokios operacijos\u201c, \u2013 ra\u0161\u0117 viena sek\u0117ja.<\/p>\n<p>\u201eAkivaizd\u017eiai matomas skirtumas, tik aklas paneigs, o ir pavojing\u0173 injekcij\u0173 \u012f k\u016bn\u0105 nereikia pumpuoti\u201c, \u2013 nuomon\u0119 i\u0161sak\u0117 kitas komentatorius.<\/p>\n<p>Operacijos rezultatus gyvai ma\u010diusi moteris taip pat negail\u0117jo dainininkei gra\u017ei\u0173 \u017eod\u017ei\u0173.<\/p>\n<p>\u201eRezultatus ma\u010diau gyvai. Tariu \u0161imtu procent\u0173 \u201etaip\u201c Jolantos sprendimui. Gydytojas puikiai pary\u0161kino gra\u017eius pacient\u0117s bruo\u017eus. Taip, taip ir dar kart\u0105 taip. \u0160aunuol\u0117, kad pasiry\u017eai\u201c, \u2013 ra\u0161\u0117 ji.<\/p>\n<p>Komentaruose savo patirtimi pasidalijo ir daugiau pana\u0161ias proced\u016bras i\u0161band\u017eiusi\u0173 moter\u0173. Vienos d\u017eiaug\u0117si kadaise priimtu sprendimu, o kitos prisipa\u017eino dar tik svarstan\u010dios apie toki\u0105 operacij\u0105 ir teiravosi jos kainos.<\/p>\n","protected":false},"excerpt":{"rendered":"\u017dinoma moteris pavie\u0161ino nuotraukas prie\u0161 ir po vok\u0173 pak\u0117limo operacij\u0105, papasakojo apie savo sprendim\u0105 bei pasid\u017eiaug\u0117 rezultatu. \u201eMielos&hellip;\n","protected":false},"author":2,"featured_media":269660,"comment_status":"","ping_status":"","sticky":false,"template":"","format":"standard","meta":{"footnotes":"","_share_on_mastodon":"0"},"categories":[21],"tags":[113,37,39,36,38,40,114],"class_list":["post-269659","post","type-post","status-publish","format-standard","has-post-thumbnail","category-pramogos","tag-entertainment","tag-lietuva","tag-lietuviu","tag-lithuania","tag-lithuanian","tag-lt","tag-pramogos"],"share_on_mastodon":{"url":"https:\/\/pubeurope.com\/@lt\/117217501543752533","error":""},"_links":{"self":[{"href":"https:\/\/www.europesays.com\/lt\/wp-json\/wp\/v2\/posts\/269659","targetHints":{"allow":["GET"]}}],"collection":[{"href":"https:\/\/www.europesays.com\/lt\/wp-json\/wp\/v2\/posts"}],"about":[{"href":"https:\/\/www.europesays.com\/lt\/wp-json\/wp\/v2\/types\/post"}],"author":[{"embeddable":true,"href":"https:\/\/www.europesays.com\/lt\/wp-json\/wp\/v2\/users\/2"}],"replies":[{"embeddable":true,"href":"https:\/\/www.europesays.com\/lt\/wp-json\/wp\/v2\/comments?post=269659"}],"version-history":[{"count":0,"href":"https:\/\/www.europesays.com\/lt\/wp-json\/wp\/v2\/posts\/269659\/revisions"}],"wp:featuredmedia":[{"embeddable":true,"href":"https:\/\/www.europesays.com\/lt\/wp-json\/wp\/v2\/media\/269660"}],"wp:attachment":[{"href":"https:\/\/www.europesays.com\/lt\/wp-json\/wp\/v2\/media?parent=269659"}],"wp:term":[{"taxonomy":"category","embeddable":true,"href":"https:\/\/www.europesays.com\/lt\/wp-json\/wp\/v2\/categories?post=269659"},{"taxonomy":"post_tag","embeddable":true,"href":"https:\/\/www.europesays.com\/lt\/wp-json\/wp\/v2\/tags?post=269659"}],"curies":[{"name":"wp","href":"https:\/\/api.w.org\/{rel}","templated":true}]}}