{"id":269665,"date":"2026-09-05T08:33:35","date_gmt":"2026-09-05T08:33:35","guid":{"rendered":"https:\/\/www.europesays.com\/lt\/269665\/"},"modified":"2026-09-05T08:33:35","modified_gmt":"2026-09-05T08:33:35","slug":"rugsejo-5-d-vardadieniai-ir-kitos-idomybes-respublika-lt","status":"publish","type":"post","link":"https:\/\/www.europesays.com\/lt\/269665\/","title":{"rendered":"Rugs\u0117jo 5 d. vardadieniai ir kitos \u012fdomyb\u0117s &#8211; Respublika.lt"},"content":{"rendered":"<p style=\"text-align: justify;\" class=\"desktop_banner\">\u00a0<\/p>\n<p style=\"text-align: justify;\">Savo vardadienius \u0161iandien \u0161ven\u010dia Dinga, Dingailas, Dingail\u0117, Er\u010dius, Erdas, Erden\u0117, Filibertas, Firmas, Firminas, Gausant\u0117, Justina, Rasvita, Rozvita, Stanislova.<\/p>\n<p style=\"text-align: justify;\">Rugs\u0117jo 5-oji \u2013 Baltijos j\u016bros diena; Pasaulin\u0117 barzd\u0173 diena.<\/p>\n<p style=\"text-align: justify;\">***<\/p>\n<p style=\"text-align: justify;\">Dangaus k\u016bnai:<\/p>\n<p style=\"text-align: justify;\">Saul\u0117 \u0161iandien teka 6.30, leid\u017eiasi 20.05. Dienos ilgumas \u2013 13.35.<\/p>\n<p style=\"text-align: justify;\">\u0160iandien \u2013 antroji M\u0117nulio del\u010dios diena.<\/p>\n<p style=\"text-align: justify;\">Saul\u0117 Mergel\u0117s \u017eenkle.<\/p>\n<p style=\"text-align: justify;\">***<\/p>\n<p style=\"text-align: justify;\">\u0160i\u0105 dien\u0105 Lietuvoje:<\/p>\n<p style=\"text-align: justify;\">1926 m. \u012fsteigta Lietuvos kariuomen\u0117s savanori\u0173 s\u0105junga.<\/p>\n<p style=\"text-align: justify;\">1989 m. po 43 met\u0173 pertraukos Tel\u0161iuose prad\u0117jo veikti Kunig\u0173 seminarija.<\/p>\n<p style=\"text-align: justify;\">1991 m. Lietuvos Respublik\u0105 pripa\u017eino Kor\u0117ja ir Meksika.<\/p>\n<p style=\"text-align: justify;\">1993 m. Vilniaus Vingio parke popie\u017eius Jonas Paulius II aukojo \u0160v. Mi\u0161ias \u201eKrik\u0161tas. Jo pa\u017ead\u0173 atnaujinimas&#8221;.<\/p>\n<p style=\"text-align: justify;\">1995 m. tarp Lietuvos ir Kipro \u012fsigaliojo bevizis re\u017eimas.<\/p>\n<p style=\"text-align: justify;\">2000 m. Lietuvoje pustre\u010dios valandos vie\u0161\u0117jo Kinijos parlamento pirmininkas Li Penas. Nuo keli\u0173 dien\u0173 iki keli\u0173 valand\u0173 sutrumpintas vizitas vyko tik Vilniaus oro uoste. Kinija tai susiejo su Seimo r\u016bmuose vykusiu \u201eTarptautiniu tribunolu komunizmo nusikaltimams \u012fvertinti&#8221;.<\/p>\n<p style=\"text-align: justify;\">2003 m. Panev\u0117\u017eys \u0161vent\u0117 savo 500-\u0105j\u012f gimtadien\u012f.<\/p>\n<p style=\"text-align: justify;\">2005 m. antrame pagal dyd\u012f Ispanijos mieste Barselonoje atidarytas Lietuvos turizmo informacijos centras. Tai buvo penktasis m\u016bs\u0173 \u0161alies turizmo informacijos centras u\u017esienio \u0161alyse ir pirmasis &#8211; Piet\u0173 Europoje.<\/p>\n<p style=\"text-align: justify;\">2009 m. Dubingi\u0173 piliaviet\u0117je i\u0161kilmingai perlaidoti kunigaik\u0161\u010di\u0173 Radvil\u0173 gimin\u0117s atstov\u0173 palaikai.<\/p>\n<p style=\"text-align: justify;\">\u0160i\u0105 dien\u0105 pasaulyje:<\/p>\n<p style=\"text-align: justify;\">1568 m. gim\u0117 ital\u0173 filosofas, politinis veik\u0117jas ir poetas Tomasio Campanella.<\/p>\n<p>1638 m. gim\u0117 b\u016bsimasis Pranc\u016bzijos karalius Liudvikas XIV &#8211; karalius Saul\u0117. Pranc\u016bzij\u0105 jis vald\u0117 72 metus &#8211; nuo 1643 iki 1715 m., pastat\u0117 Versalio r\u016bmus bei \u012f\u0117jo \u012f istorij\u0105 kaip ilgiausiai vald\u0119s Europos monarchas.<\/p>\n<p>1698 m. Rusijos caras Petras I \u012fved\u0117 barzdos mokest\u012f. Taip jis siek\u0117 priversti rus\u0173 vyrus laikytis europieti\u0161k\u0173 mados standart\u0173.<\/p>\n<p>1725 m. Pranc\u016bzijos karalius Liudvikas XV ved\u0117 buvusio Lenkijos karaliaus Stanislawo Leszczynskio ir Katarzynos Opalinskos dukr\u0105 Mari\u0105 Leszczynsk\u0105.<\/p>\n<p>1735 m. gim\u0117 Johannas Christianas Bachas, garsiojo Johanno Sebastiano Bacho s\u016bnus. Did\u017eiosios Britanijos karalien\u0117s \u0160arlot\u0117s r\u016bmuose jis suk\u016br\u0117 daugiau kaip 40 simfonij\u0173 ir kelias operas.<\/p>\n<p>1817 m. gim\u0117 rus\u0173 ra\u0161ytojas, Peterburgo moksl\u0173 akademijos narys grafas Aleksejus Tolstojus.<\/p>\n<p>1857 m. mir\u0117 pranc\u016bz\u0173 filosofas ir vienas i\u0161 sociologijos pradinink\u0173 Auguste\u2018as Comte\u2018as. Jo k\u016brinys \u201ePozityviosios politikos sistema&#8221; pad\u0117jo pagrindus pozityvizmui.<\/p>\n<p>1902 m. gim\u0117 Holivudo kino prodiuseris Darrylas Francis Zanuckas, labiausiai i\u0161gars\u0117j\u0119s filmais \u201eJaunasis misteris Linkolnas&#8221; ir \u201eIlgiausia diena\u05c5&#8221;.<\/p>\n<p>1905 m. pasira\u0161yta Portsmuto sutartis, kuria baig\u0117si Rusijos ir Japonijos karas. Rusija, tarpininkaujant Theodore\u2018ui Rooseveltui, sutiko atiduoti Japonijai Port Art\u016bro uost\u0105.<\/p>\n<p>1919 m. \u017euvo rus\u0173 karo vadas, pilietinio karo didvyris Vasilijus \u010ciapajevas. Jam buvo 32-eji.<\/p>\n<p>1939 m. JAV prezidentas Theodore\u2018as Rooseveltas Antrojo pasaulinio karo prad\u017eioje paskelb\u0117, kad JAV numato laikytis neutralumo politikos.<\/p>\n<p>1941 m. vis\u0105 Estijos teritorij\u0105 okupavo nacistin\u0117 Vokietija.<\/p>\n<p>1946 m. gim\u0117 Did\u017eiosios Britanijos roko grup\u0117s \u201eQueen&#8221; lyderis ir dainininkas Freddie\u2018is Mercury (tikrasis vardas Faroukas Bulsara). Atlik\u0117jas mir\u0117 1991 metais nuo AIDS.<\/p>\n<p>1972 m. arab\u0173 teroristai i\u0161 \u201eJuodojo rugs\u0117jo&#8221; jud\u0117jimo per Miuncheno olimpiad\u0105 atakavo Izraelio komandos vie\u0161but\u012f olimpiniame kaimelyje ir nu\u017eud\u0117 du Izraelio olimpin\u0117s komandos narius. V\u0117liau per susi\u0161audym\u0105 Miuncheno oro uoste \u017euvo devyni izraelie\u010diai, penki teroristai ir vienas Vakar\u0173 Vokietijos policininkas.<\/p>\n<p>1975 m. Sakramento mieste Lynette\u2018as \u201eSqueaky&#8221; Fromme\u2018as sureng\u0117 pasik\u0117sinim\u0105 \u012f JAV prezident\u0105 Gerald\u0105 Ford\u0105.<\/p>\n<p>1980 m. po 690 mln. \u0160veicarijos frank\u0173 kainavusios statybos \u0160veicarijoje prad\u0117jo veikti ilgiausias pasaulyje &#8211; 18 kilometr\u0173 ilgio &#8211; automobili\u0173 tunelis po Gothardo kalnu. Jo statyba prasid\u0117jo 1969 met\u0173 pabaigoje.<\/p>\n<p>1982 m. mir\u0117 britas Douglas Baderis. Jis i\u0161gars\u0117jo, kai per Antr\u0105j\u012f pasaulin\u012f kar\u0105 per aviakatastrof\u0105 neteko koj\u0173, ta\u010diau tapo karo lak\u016bnu ir narsiai kov\u0117si s\u0105junginink\u0173 pus\u0117je.<\/p>\n<p>1986 m. Pakistano saugumo paj\u0117goms m\u0117ginant i\u0161laisvinti JAV aviakompanijos \u201ePan Am&#8221; l\u0117ktuvo \u201eBoeing 747&#8243; 400 keleivi\u0173 bei \u012fgulos narius, \u017euvo 22 \u017emon\u0117s. L\u0117ktuv\u0105 prie\u0161 16 valand\u0173 Kara\u010dyje buvo u\u017egrob\u0119 keturi palestinie\u010di\u0173 teroristai.<\/p>\n<p>1995 m. Pranc\u016bzija Mururoa atole atliko po\u017eemin\u012f branduolin\u012f bandym\u0105, tuo pasaulyje sukeldama pasipiktinimo audr\u0105.<\/p>\n<p>1997 m. Paragvajaus sostin\u0117je Asunsjone per stipri\u0105 audr\u0105 sugriuvo futbolo stadionas. Per nelaiming\u0105 atsitikim\u0105 \u017euvo 37 politinio mitingo dalyviai, dar ma\u017eiausiai 100 \u017emoni\u0173 buvo su\u017eeisti.<\/p>\n<p>1997 m. po infarkto Kalkutoje mir\u0117 vienuol\u0117 Motina Teres\u0117. Ji \u012fk\u016br\u0117 gailesting\u0173j\u0173 seser\u0173 ordin\u0105 ir vis\u0105 gyvenim\u0105 pasiaukojamai r\u016bpinosi varg\u0161ais ir ligoniais. Jos nuopelnai buvo \u012fvertinti Nobelio premija.<\/p>\n<p>2002 m. Afganistano sostin\u0117je Kabule per automobilyje pasl\u0117ptos bombos sprogim\u0105 \u017euvo 26 \u017emon\u0117s, 150 buvo su\u017eeisti. T\u0105 pa\u010di\u0105 dien\u0105 Kandahare nes\u0117kmingai m\u0117ginta pasik\u0117sinti \u012f Afganistano prezident\u0105 Hamid\u0105 Karzai.<\/p>\n<p>2005 m. Indonezijos oro bendrov\u0117s \u201eMandala&#8221; l\u0117ktuvas nukrito tankiai gyvenamoje Sumatros vietoje. \u017duvo visi 104 l\u0117ktuvu skrid\u0119 \u017emon\u0117s ir dar 39 \u017emon\u0117s ant \u017eem\u0117s.<\/p>\n<p>2012 m. Turkijos kariuomen\u0117s amunicijos saugykloje Afjonkarahisare \u012fvyko sprogimas, \u017euvo 25 kariai ir keturi buvo su\u017eeisti.<\/p>\n<p>2018 m. tuomet\u0117 Did\u017eiosios Britanijos ministr\u0117 pirminink\u0117 Theresa May \u0161alies parlamente patvirtino, kad i\u0161puol\u012f Solsberyje, kai buvo panaudota nervus paraly\u017eiuojanti med\u017eiaga \u201eNovi\u010diok&#8221;, \u012fvykd\u0117 Rusija, o abu \u012ftariamieji yra rus\u0173 agentai.<\/p>\n","protected":false},"excerpt":{"rendered":"\u00a0 Savo vardadienius \u0161iandien \u0161ven\u010dia Dinga, Dingailas, Dingail\u0117, Er\u010dius, Erdas, Erden\u0117, Filibertas, Firmas, Firminas, Gausant\u0117, Justina, Rasvita, Rozvita,&hellip;\n","protected":false},"author":2,"featured_media":269666,"comment_status":"","ping_status":"","sticky":false,"template":"","format":"standard","meta":{"footnotes":"","_share_on_mastodon":"0"},"categories":[15],"tags":[25,30,31,4782,16759,34,35,24,186,189,2500,188,7504,32,33,37,39,36,38,40,23,22,44,28,29,184,193,26,27,185,74,75,76],"class_list":["post-269665","post","type-post","status-publish","format-standard","has-post-thumbnail","category-pasaulis","tag-antrastes","tag-breaking-news","tag-breakingnews","tag-dangaus","tag-datos","tag-featured-news","tag-featurednews","tag-headlines","tag-idomybes","tag-istorija","tag-ivairybes","tag-ivykiai","tag-kunai","tag-latest-news","tag-latestnews","tag-lietuva","tag-lietuviu","tag-lithuania","tag-lithuanian","tag-lt","tag-naujienos","tag-news","tag-pasaulis","tag-populiariausios-naujienos","tag-populiariausiosnaujienos","tag-rugsejis","tag-savaite","tag-top-stories","tag-topstories","tag-vardadieniai","tag-world","tag-world-news","tag-worldnews"],"share_on_mastodon":{"url":"https:\/\/pubeurope.com\/@lt\/117217512906712489","error":""},"_links":{"self":[{"href":"https:\/\/www.europesays.com\/lt\/wp-json\/wp\/v2\/posts\/269665","targetHints":{"allow":["GET"]}}],"collection":[{"href":"https:\/\/www.europesays.com\/lt\/wp-json\/wp\/v2\/posts"}],"about":[{"href":"https:\/\/www.europesays.com\/lt\/wp-json\/wp\/v2\/types\/post"}],"author":[{"embeddable":true,"href":"https:\/\/www.europesays.com\/lt\/wp-json\/wp\/v2\/users\/2"}],"replies":[{"embeddable":true,"href":"https:\/\/www.europesays.com\/lt\/wp-json\/wp\/v2\/comments?post=269665"}],"version-history":[{"count":0,"href":"https:\/\/www.europesays.com\/lt\/wp-json\/wp\/v2\/posts\/269665\/revisions"}],"wp:featuredmedia":[{"embeddable":true,"href":"https:\/\/www.europesays.com\/lt\/wp-json\/wp\/v2\/media\/269666"}],"wp:attachment":[{"href":"https:\/\/www.europesays.com\/lt\/wp-json\/wp\/v2\/media?parent=269665"}],"wp:term":[{"taxonomy":"category","embeddable":true,"href":"https:\/\/www.europesays.com\/lt\/wp-json\/wp\/v2\/categories?post=269665"},{"taxonomy":"post_tag","embeddable":true,"href":"https:\/\/www.europesays.com\/lt\/wp-json\/wp\/v2\/tags?post=269665"}],"curies":[{"name":"wp","href":"https:\/\/api.w.org\/{rel}","templated":true}]}}