{"id":269669,"date":"2026-09-05T08:40:11","date_gmt":"2026-09-05T08:40:11","guid":{"rendered":"https:\/\/www.europesays.com\/lt\/269669\/"},"modified":"2026-09-05T08:40:11","modified_gmt":"2026-09-05T08:40:11","slug":"i-ziurovu-skambucius-atsiliepe-zvaigzdes-vilniaus-rotuses-aikste-sudrebinusiame-koncerte-paaukota-ispudinga-suma-15min-lt","status":"publish","type":"post","link":"https:\/\/www.europesays.com\/lt\/269669\/","title":{"rendered":"\u012e \u017ei\u016brov\u0173 skambu\u010dius atsiliep\u0117 \u017evaig\u017ed\u0117s: Vilniaus Rotu\u0161\u0117s aik\u0161t\u0119 sudrebinusiame koncerte \u2013 paaukota \u012fsp\u016bdinga suma &#8211; 15min.lt"},"content":{"rendered":"<ol>\n<li><a href=\"https:\/\/news.google.com\/rss\/articles\/CBMi_gFBVV95cUxPNlF0MEE2bGtYVk9aX3Rvd0ZTSDVZUEdLcGJOVngweVF2SVpWR1p4eEM2OEgzcEJvdElJc2I5WU42Ni1uX2REa3RvYXJYYWpCVzFyUnFvVU9iMHBzMk5QNjg3WktGdGh0TU1Cd1JOdmNsMURpWkxqdEYxVzVqNk9QNGd1NVk2M0l3ZlYxUjBaeEdqT0FHS05LdFlIVW9Ud09uYU1BQ3dFMk5GNWxhbUpuQ3lmd09Wd1pMdFgtdll0QWRSRkIyS0ZHQTI1SmNYVkJqRGNLdHJtZUhWZ01LdmJkM0NJT0l3eFBIT3Jra3BuZ3E1b0xkSVlpV2VVX3B5UQ?oc=5\" target=\"_blank\" rel=\"nofollow noopener\">\u012e \u017ei\u016brov\u0173 skambu\u010dius atsiliep\u0117 \u017evaig\u017ed\u0117s: Vilniaus Rotu\u0161\u0117s aik\u0161t\u0119 sudrebinusiame koncerte \u2013 paaukota \u012fsp\u016bdinga suma<\/a>&nbsp;&nbsp;15min.lt<\/li>\n<li><a href=\"https:\/\/news.google.com\/rss\/articles\/CBMihgJBVV95cUxNU2pSYWZfWDlmMFJCYWhvTHNSWGlmWDNTbEU5UklqNHZROFg3VE1WODVYV0ZsMmxHX2R5STNWQ0Ziam50ZmhsSmk0c2F5Wmk1dFRtMW5yNDVrMFJXalZ1SHktN2JvZHZkTVZicXV3a1E4VHl0OUlIaExxczY0bmpvMnJyRF9tWW40Y1ItUUszZHItQnZMbTRjazBPaDhKMUgtYndmVE5veGFla3FraVJ1RG9FVFdPUVVWX3dvU3dfU0M3bEJobUdwWmNNTk5LVmVlaVZ1T0kzbURJZlNpSVN3ZldHTTF5cmZzREVFTnBqYXJBUjdLU2p3YXdZR2o5U1dfc0Y2UGNB?oc=5\" target=\"_blank\" rel=\"nofollow noopener\">Vilniaus Rotu\u0161\u0117s aik\u0161t\u0119 drebino neeilinis koncertas: ry\u0161kiausios \u017evaig\u017ed\u0117s, jautrios i\u0161pa\u017eintys ir \u012fsp\u016bdinga suma<\/a>&nbsp;&nbsp;Lrytas<\/li>\n<li><a href=\"https:\/\/news.google.com\/rss\/articles\/CBMi1wFBVV95cUxPZlg0NFdUSXVJTHZyM181X3F2QVNtcURLRU1aN3huQkJCWjg3SkRGd1VZOTZ2b1FxZzY2cDhBazBQdVdGT19xVTQ1QzJSV0pxdmhiU2xjdVlFVkRQMDlvSndGNjlzU3lHaFJWd0FaWGdRb1NZQzlCTjdSMFlGbVNYdUNlMkw3VkJVNEtRWXdGX1pVNHc5aGczbTBMTDVvTTFidlR2S3REdDNlZWNYeEhaUEM5Z1VJM2oyVjhPM1QyYmpqRVVXVmU4ZUlEeTRUZUZ0TGhWaklQNA?oc=5\" target=\"_blank\" rel=\"nofollow noopener\">11-met\u0117 Matilda stos prie koncerto \u201eU\u017e vaikus\u201c mikrofono kartu su \u017einomais Lietuvos veidais<\/a>&nbsp;&nbsp;delfi.lt<\/li>\n<li><a href=\"https:\/\/news.google.com\/rss\/articles\/CBMi7wFBVV95cUxPNHJJMGpYa0d2UWtLcDlOa1NsdmpzWHpiSlR1Z2x5OGxUcFlXaHRmVTY3X1B1a2poeFBsTzNmZkNtQ2xqeGQwQ09xSndLZFJGcWlfeVIxbmNidTJ6YmxwMTVDcHJCSGVtNGZQTDVNaUFxUUE1blhOOTl6R1pvTU10RTNMajhwQjR4ZmlWS2F5MVM2SWhWTmRFUkxXTDlNM0lDM2RNdUFNY3FGV0NaQ1plR1RlVHo3QkR6NGgyRWREM0lIaExGNEkzcHdJeG55Z1Z2Smw3SGxGcEw1alNVallFWWpXZ2s3QzlLY0ZtVmtYTQ?oc=5\" target=\"_blank\" rel=\"nofollow noopener\">\u0160iandien suteikiama pagalba vaikams \u2013 \u017evilgsnis \u012f Lietuvos ateit\u012f: kuo svarbi verslo parama jaunimui?<\/a>&nbsp;&nbsp;15min.lt<\/li>\n<li><a href=\"https:\/\/news.google.com\/rss\/articles\/CBMiswFBVV95cUxQcWVBTjZMVGhDUFY4bjdqY3EzZjJXSWVDVGMyblNNTmYybTd6bWdXeGlkbXlnUVpyV2pYaHFrQXNFZjQ3b291N2w3T2JJT0s0SWlqQ2tOa0JZekdwYU92eERYNWMtdnJaMWVtR2I0X2N6WG43elJFT196UXdOMnA0bVRhZndKeElYaTNMLUhVSjJERlpnTW95ZGtXcnJWOEZWX1NPbFYwam95c01QZTdvemdlbw?oc=5\" target=\"_blank\" rel=\"nofollow noopener\">Steb\u0117kite tiesiogiai: \u017evaig\u017ed\u0117s susivienijo \u201eU\u017e vaikus\u201c \u2013 paskambinkite joms<\/a>&nbsp;&nbsp;LNK.LT<\/li>\n<\/ol>\n","protected":false},"excerpt":{"rendered":"\u012e \u017ei\u016brov\u0173 skambu\u010dius atsiliep\u0117 \u017evaig\u017ed\u0117s: Vilniaus Rotu\u0161\u0117s aik\u0161t\u0119 sudrebinusiame koncerte \u2013 paaukota \u012fsp\u016bdinga suma&nbsp;&nbsp;15min.lt Vilniaus Rotu\u0161\u0117s aik\u0161t\u0119 drebino&hellip;\n","protected":false},"author":2,"featured_media":269670,"comment_status":"","ping_status":"","sticky":false,"template":"","format":"standard","meta":{"footnotes":"","_share_on_mastodon":"0"},"categories":[21],"tags":[113,37,39,36,38,40,114],"class_list":["post-269669","post","type-post","status-publish","format-standard","has-post-thumbnail","category-pramogos","tag-entertainment","tag-lietuva","tag-lietuviu","tag-lithuania","tag-lithuanian","tag-lt","tag-pramogos"],"share_on_mastodon":{"url":"https:\/\/pubeurope.com\/@lt\/117217540500889491","error":""},"_links":{"self":[{"href":"https:\/\/www.europesays.com\/lt\/wp-json\/wp\/v2\/posts\/269669","targetHints":{"allow":["GET"]}}],"collection":[{"href":"https:\/\/www.europesays.com\/lt\/wp-json\/wp\/v2\/posts"}],"about":[{"href":"https:\/\/www.europesays.com\/lt\/wp-json\/wp\/v2\/types\/post"}],"author":[{"embeddable":true,"href":"https:\/\/www.europesays.com\/lt\/wp-json\/wp\/v2\/users\/2"}],"replies":[{"embeddable":true,"href":"https:\/\/www.europesays.com\/lt\/wp-json\/wp\/v2\/comments?post=269669"}],"version-history":[{"count":0,"href":"https:\/\/www.europesays.com\/lt\/wp-json\/wp\/v2\/posts\/269669\/revisions"}],"wp:featuredmedia":[{"embeddable":true,"href":"https:\/\/www.europesays.com\/lt\/wp-json\/wp\/v2\/media\/269670"}],"wp:attachment":[{"href":"https:\/\/www.europesays.com\/lt\/wp-json\/wp\/v2\/media?parent=269669"}],"wp:term":[{"taxonomy":"category","embeddable":true,"href":"https:\/\/www.europesays.com\/lt\/wp-json\/wp\/v2\/categories?post=269669"},{"taxonomy":"post_tag","embeddable":true,"href":"https:\/\/www.europesays.com\/lt\/wp-json\/wp\/v2\/tags?post=269669"}],"curies":[{"name":"wp","href":"https:\/\/api.w.org\/{rel}","templated":true}]}}