{"id":269689,"date":"2026-09-05T08:55:03","date_gmt":"2026-09-05T08:55:03","guid":{"rendered":"https:\/\/www.europesays.com\/lt\/269689\/"},"modified":"2026-09-05T08:55:03","modified_gmt":"2026-09-05T08:55:03","slug":"prabilus-s-lipnei-dar-viena-m-lipniaus-zinute-ne-vienas-is-musu-neisejo-plikas-basas","status":"publish","type":"post","link":"https:\/\/www.europesays.com\/lt\/269689\/","title":{"rendered":"Prabilus S. Lipnei \u2013 dar viena M. Lipniaus \u017einut\u0117: \u201eN\u0117 vienas i\u0161 m\u016bs\u0173 nei\u0161\u0117jo plikas basas\u201c"},"content":{"rendered":"<p>\u201eI\u0161 man\u0119s v\u0117l bandoma padaryti blogiet\u012f. A\u0161 niekada nesu sak\u0119s, kad buvau atleistas, a\u0161 sakiau, kad buvau praleid\u0119s \u201eSimitri\u201c kontrol\u0119.<\/p>\n<p>Tai rei\u0161kia: buvau atjungtas i\u0161 grupi\u0173, elektroninio pa\u0161to, buvo atimti \u012fgaliojimai, atjungtos banko s\u0105skaitos. Jei a\u0161 kiekvien\u0105 dien\u0105 organizavau veikl\u0105 ir fakti\u0161kai vald\u017eiau \u012fmon\u0119, be vis\u0173 \u0161i\u0173 dalyk\u0173 tai tapo ne\u012fmanoma. Tod\u0117l ir pasisakiau. Jei man elementariai siun\u010diami lai\u0161kai, o a\u0161 j\u0173 nematau, tai&#8230;<\/p>\n<p>Kas ten buvo, tai galiu pavadinti bandymu susidoroti, bet visa tai baig\u0117si. Mes pasira\u0161\u0117me taik\u0105, ir noriu pasakyti, kad taikos pasira\u0161ymas buvo inicijuotas i\u0161 kitos pus\u0117s. Pra\u0161ymai gr\u012f\u017eti prie deryb\u0173 stalo irgi buvo i\u0161 kitos pus\u0117s. N\u0117 vienas i\u0161 m\u016bs\u0173 nei\u0161\u0117jo plikas basas\u201c, \u2013 pirmadien\u012f \u012f sek\u0117jus kreip\u0117si Mindaugas.<\/p>\n<p>Primename, kad sekmadien\u012f socialiniuose tinkluose S. Lipn\u0117 prabilo apie M. Lipniaus paskelbt\u0105 \u017eini\u0105, kad \u201eSimitri\u201c nuo \u0161iol bendradarbiaus su Viktorijos Siegel elektronine parduotuve.<\/p>\n<p>Moteris nesl\u0117p\u0117 \u2013 steb\u0117ti naujus \u012fvykius jai n\u0117ra lengva.<\/p>\n<p>\u201e\u0160iandien man i\u0161\u0161oko straipsnis. Nors jis ne vakar dienos, bet ne\u017einau, kod\u0117l man j\u012f meta, ko gero, klik\u0173 daug. Tai buvo apie susijungusias naujas j\u0117gas. Taip, kur\u012f laik\u0105 taip bus. Pabandykite \u012fsijausti \u012f mano rol\u0119 ir mano jausmus, kaip man visa tai yra. Kaip apie tai jau\u010diuosi. Kiekvien\u0105 miel\u0105 dien\u0105 vis naujas dalykas i\u0161lenda. Bet bandau sau priminti, kad reikia laiko. \u0160iaip man protu nesuvokiama tai, kas vyksta\u201c, \u2013 pripa\u017eino ji.<\/p>\n","protected":false},"excerpt":{"rendered":"\u201eI\u0161 man\u0119s v\u0117l bandoma padaryti blogiet\u012f. A\u0161 niekada nesu sak\u0119s, kad buvau atleistas, a\u0161 sakiau, kad buvau praleid\u0119s&hellip;\n","protected":false},"author":2,"featured_media":269690,"comment_status":"","ping_status":"","sticky":false,"template":"","format":"standard","meta":{"footnotes":"","_share_on_mastodon":"0"},"categories":[21],"tags":[113,37,39,36,38,40,114],"class_list":["post-269689","post","type-post","status-publish","format-standard","has-post-thumbnail","category-pramogos","tag-entertainment","tag-lietuva","tag-lietuviu","tag-lithuania","tag-lithuanian","tag-lt","tag-pramogos"],"share_on_mastodon":{"url":"https:\/\/pubeurope.com\/@lt\/117217599390942800","error":""},"_links":{"self":[{"href":"https:\/\/www.europesays.com\/lt\/wp-json\/wp\/v2\/posts\/269689","targetHints":{"allow":["GET"]}}],"collection":[{"href":"https:\/\/www.europesays.com\/lt\/wp-json\/wp\/v2\/posts"}],"about":[{"href":"https:\/\/www.europesays.com\/lt\/wp-json\/wp\/v2\/types\/post"}],"author":[{"embeddable":true,"href":"https:\/\/www.europesays.com\/lt\/wp-json\/wp\/v2\/users\/2"}],"replies":[{"embeddable":true,"href":"https:\/\/www.europesays.com\/lt\/wp-json\/wp\/v2\/comments?post=269689"}],"version-history":[{"count":0,"href":"https:\/\/www.europesays.com\/lt\/wp-json\/wp\/v2\/posts\/269689\/revisions"}],"wp:featuredmedia":[{"embeddable":true,"href":"https:\/\/www.europesays.com\/lt\/wp-json\/wp\/v2\/media\/269690"}],"wp:attachment":[{"href":"https:\/\/www.europesays.com\/lt\/wp-json\/wp\/v2\/media?parent=269689"}],"wp:term":[{"taxonomy":"category","embeddable":true,"href":"https:\/\/www.europesays.com\/lt\/wp-json\/wp\/v2\/categories?post=269689"},{"taxonomy":"post_tag","embeddable":true,"href":"https:\/\/www.europesays.com\/lt\/wp-json\/wp\/v2\/tags?post=269689"}],"curies":[{"name":"wp","href":"https:\/\/api.w.org\/{rel}","templated":true}]}}