{"id":269697,"date":"2026-09-05T09:21:15","date_gmt":"2026-09-05T09:21:15","guid":{"rendered":"https:\/\/www.europesays.com\/lt\/269697\/"},"modified":"2026-09-05T09:21:15","modified_gmt":"2026-09-05T09:21:15","slug":"dominikos-banevic-gyvenime-netiketas-posukis","status":"publish","type":"post","link":"https:\/\/www.europesays.com\/lt\/269697\/","title":{"rendered":"Dominikos Banevi\u010d gyvenime \u2013 netik\u0117tas pos\u016bkis"},"content":{"rendered":"\n<p>Naujuoju dainos \u201eS\u0117km\u0117s\u201c vaizdo klipu P. Pauk\u0161taityt\u0117 nori priminti, kad u\u017e kiekvienos svajon\u0117s slypi ilgas kelias \u2013 kartais lengvas, o kartais kupinas abejoni\u0173, pastang\u0173 ir net sunki\u0173 akimirk\u0173.<\/p>\n<p>\u0160io vaizdo klipo istorijos epicentre \u2013 trys vaikai, kiekvienas turintis savo svajon\u0119 ir tiksl\u0105. Jie mokosi, kuria, klysta, ta\u010diau v\u0117l ir v\u0117l stengiasi bei juda pirmyn.\u00a0<\/p>\n<p>    Klipe \u2013 ry\u0161kios Lietuvos \u017evaig\u017ed\u0117s <\/p>\n<p>K\u016brinio \u201eS\u0117km\u0117s\u201c vaizdo klipe su\u017eiba ir trys skirting\u0173 sri\u010di\u0173 asmenyb\u0117s \u2013 pati P. Pauk\u0161taityt\u0117, legendinis m\u016bs\u0173 \u0161alies krep\u0161ininkas Jonas Valan\u010di\u016bnas ir pasaulyje Lietuv\u0105 garsinanti breiko \u0161ok\u0117ja, <a href=\"https:\/\/www.tv3.lt\/rubrika\/naujienos\/uzsienis\/europa\" target=\"_blank\" class=\"phrase\" rel=\"nofollow noopener\">Europos<\/a> ir pasaulio \u010dempion\u0117 Dominika Banevi\u010d-B-Girl Nicka.<\/p>\n<p>Nors j\u0173 profesiniai keliai ir pasiekimai skiriasi, visas tris asmenybes jungia atkaklumas, kruop\u0161tus darbas ir ry\u017etas siekti savo tikslo. B\u016btent tok\u012f pavyzd\u012f vaizdo klipe i\u0161vysta ir trys jo jaunieji herojai \u2013 jie susitinka su \u017emon\u0117mis, kurie ka\u017ekada taip pat tur\u0117jo dideles svajones, o \u0161iandien patys tapo \u012fkv\u0117pimu kitiems.<\/p>\n<p>        <a href=\"https:\/\/www.tv3.lt\/Uploads\/UGallery\/photos\/7a\/ea\/2e\/8c\/7aea2e8cb2d7c775782f71b99282ebfa.jpg\" data-fancybox=\"photos-embed\" data-caption=\"Paulina Pauk\u0161taityt\u0117, Bgirl Nicka-Dominika Banevi\u010d(nuotr. prane\u0161imo spaudai)\" target=\"_self\" rel=\"nofollow noopener\"> <img decoding=\"async\" class=\"photo-inside-article\" align=\"center\" alt=\"Paulina Pauk\u0161taityt\u0117, Bgirl Nicka-Dominika Banevi\u010d(nuotr. prane\u0161imo spaudai)\" title=\"Paulina Pauk\u0161taityt\u0117, Bgirl Nicka-Dominika Banevi\u010d(nuotr. prane\u0161imo spaudai)\" src=\"https:\/\/www.europesays.com\/lt\/wp-content\/uploads\/2026\/09\/7aea2e8cb2d7c775782f71b99282ebfa.jpg\" width=\"684\" height=\"654\" loading=\"lazy\" \/> <\/a>       <\/p>\n<p>\u0160i vaizdo klipo istorija Paulinai artima ir asmeni\u0161kai. Koncertuodama skirtinguose Lietuvos kampeliuose ji \u0161i\u0105 vasar\u0105 ne kart\u0105 pasteb\u0117davo savo jaun\u0105j\u0105 auditorij\u0105 \u2013 vaikus, kurie kartu dainuoja jos dainas, o po koncert\u0173 prieina pabendrauti ir pasidalija savo slaptais tro\u0161kimais. Atlik\u0117ja sako, kad \u017evelgdama \u012f juos da\u017enai pamato ir dalel\u0119 sav\u0119s.<\/p>\n<p>\u201eKoncertuose labai da\u017enai matau jaunas mergaites, kurios dainuoja kartu. Po koncert\u0173 su jomis pakalbame, ir a\u0161 jose matau labai daug sav\u0119s. Pamenu save ma\u017e\u0105, siekian\u010di\u0105 tikslo, einan\u010di\u0105 \u012f muzikos mokykl\u0105, kurioje b\u016bdavo ir geresni\u0173, ir blogesni\u0173 dien\u0173. Kai pasikapstai po tokius prisiminimus, supranti, kiek daug gra\u017ei\u0173 dalyk\u0173 ateina i\u0161 vaikyst\u0117s ir kaip svarbu tur\u0117ti ambicij\u0105, tiksl\u0105. Niekada ne\u017einai, kur visa tai gali nuvesti. B\u016btent apie tai ir yra \u0161is klipas \u2013 jame gvildenamos trij\u0173 vaik\u0173 istorijos, j\u0173 svajon\u0117s ir kelias j\u0173 link\u201c, \u2013 pasakoja P. Pauk\u0161taityt\u0117.<\/p>\n<p>        <a href=\"https:\/\/www.tv3.lt\/Uploads\/UGallery\/photos\/9b\/de\/0e\/64\/9bde0e64c8072118eb1b32e7b5a28fb1.jpg\" data-fancybox=\"photos-embed\" data-caption=\"Paulinos Pauk\u0161taityt\u0117s dainos klipo u\u017ekulisiai(nuotr. prane\u0161imo spaudai)\" target=\"_self\" rel=\"nofollow noopener\"> <img decoding=\"async\" class=\"photo-inside-article\" align=\"center\" alt=\"Paulinos Pauk\u0161taityt\u0117s dainos klipo u\u017ekulisiai(nuotr. prane\u0161imo spaudai)\" title=\"Paulinos Pauk\u0161taityt\u0117s dainos klipo u\u017ekulisiai(nuotr. prane\u0161imo spaudai)\" src=\"https:\/\/www.europesays.com\/lt\/wp-content\/uploads\/2026\/09\/9bde0e64c8072118eb1b32e7b5a28fb1.jpg\" width=\"684\" height=\"654\" loading=\"lazy\" \/> <\/a>       Svajon\u0117s prasideda nuo tik\u0117jimo savimi <\/p>\n<p>S\u0117km\u0117 kiekvienam \u017emogui gali reik\u0161ti visai k\u0105 kita. Vienam ji \u2013 scena ir aplodismentai, kitam \u2013 i\u0161kovotas \u010dempiono titulas, dar kitam \u2013 pirmasis svarbus pasirodymas ar tiesiog dr\u0105sa \u017eengti \u017eingsn\u012f ten, kur ilgai nedr\u012fsai. Ta\u010diau visus \u0161iuos skirtingus kelius jungia vienas dalykas \u2013 tik\u0117jimas tuo, ko sieki, ir ry\u017etas nepasiduoti.<\/p>\n<p>Apie visa tai \u2013 naujame Paulinos Pauk\u0161taityt\u0117s klipe:<\/p>\n<p>Dain\u0105 \u201eS\u0117km\u0117s\u201c gyvai bus galima i\u0161girsti ir gruod\u017eio 11-\u0105j\u0105 Vilniaus arenoje vyksian\u010diame Paulinos Pauk\u0161taityt\u0117s koncerte. Bilietus \u012f rengin\u012f rasite <a href=\"https:\/\/www.bilietai.lt\/renginiai\/3LFQWONLIK\/paulina-paukstaityte-arena-vilnius\" rel=\"nofollow noopener\" target=\"_blank\">\u010cIA<\/a>.\u00a0<\/p>\n<p>O pati Paulina primena savo klausytojams: s\u0117km\u0117s niekada nebus per daug. Ypa\u010d tos, kuri ateina tada, kai savo svajone tiki pakankamai stipriai, kad d\u0117l jos nepasiduotum.<\/p>\n<p>     <a href=\"https:\/\/www.tv3.lt\/Uploads\/UGallery\/photos\/1c\/40\/b4\/a0\/1c40b4a0414c093fd5d65df443bc7abb.jpg\" data-fancybox=\"photos-embed\" data-caption=\"Dominika Banevi\u010d-Bgirl Nicka (nuotr. BNS, asm. archyvo)\" target=\"_self\" rel=\"nofollow noopener\"> <img decoding=\"async\" class=\"photo-inside-article\" align=\"center\" alt=\"Dominika Banevi\u010d-Bgirl Nicka (nuotr. BNS, asm. archyvo)\" title=\"Dominika Banevi\u010d-Bgirl Nicka (nuotr. BNS, asm. archyvo)\" src=\"https:\/\/www.europesays.com\/lt\/wp-content\/uploads\/2026\/09\/1c40b4a0414c093fd5d65df443bc7abb.jpg\" width=\"684\" height=\"654\" loading=\"lazy\" \/> <\/a>        <\/p>\n<p>\n                                        \u0160altinis:<br \/>\n                                                                                    Prane\u0161imas spaudai\n                                                                                <\/p>\n<p>Kvie\u010diame atrasti nauj\u0105 tv3.lt turin\u012f! Nuo \u0161iol portale j\u016bs\u0173 laukia ne tik <a href=\"https:\/\/www.tv3.lt\/testai\" rel=\"nofollow noopener\" target=\"_blank\">kasdien nauji testai<\/a>, bet ir <a href=\"https:\/\/www.tv3.lt\/kryziazodziai\" rel=\"nofollow noopener\" target=\"_blank\">kry\u017eia\u017eod\u017eiai <\/a>\u2013 i\u0161bandykite savo \u017einias, spr\u0119skite ir smagiai praleiskite laik\u0105. <\/p>\n","protected":false},"excerpt":{"rendered":"Naujuoju dainos \u201eS\u0117km\u0117s\u201c vaizdo klipu P. Pauk\u0161taityt\u0117 nori priminti, kad u\u017e kiekvienos svajon\u0117s slypi ilgas kelias \u2013 kartais&hellip;\n","protected":false},"author":2,"featured_media":269698,"comment_status":"","ping_status":"","sticky":false,"template":"","format":"standard","meta":{"footnotes":"","_share_on_mastodon":"0"},"categories":[21],"tags":[38933,57,43,113,55,48,54,51,49,50,37,39,36,38,40,45,23,44,114,53,42,56,47,41,46,58,52],"class_list":["post-269697","post","type-post","status-publish","format-standard","has-post-thumbnail","category-pramogos","tag-2026-09-05-092000","tag-daiktai","tag-dienos-kronika","tag-entertainment","tag-gatves-tekstai","tag-gyvenimas","tag-interneto-pievos","tag-keliones","tag-kultura","tag-laisvalaikis","tag-lietuva","tag-lietuviu","tag-lithuania","tag-lithuanian","tag-lt","tag-mokslas-ir-it","tag-naujienos","tag-pasaulis","tag-pramogos","tag-projektai","tag-rinktiniai-tekstai","tag-simtmecio-portalas","tag-sportas","tag-tv3-lt","tag-verslas","tag-video","tag-zaidimai"],"share_on_mastodon":{"url":"https:\/\/pubeurope.com\/@lt\/117217702318787816","error":""},"_links":{"self":[{"href":"https:\/\/www.europesays.com\/lt\/wp-json\/wp\/v2\/posts\/269697","targetHints":{"allow":["GET"]}}],"collection":[{"href":"https:\/\/www.europesays.com\/lt\/wp-json\/wp\/v2\/posts"}],"about":[{"href":"https:\/\/www.europesays.com\/lt\/wp-json\/wp\/v2\/types\/post"}],"author":[{"embeddable":true,"href":"https:\/\/www.europesays.com\/lt\/wp-json\/wp\/v2\/users\/2"}],"replies":[{"embeddable":true,"href":"https:\/\/www.europesays.com\/lt\/wp-json\/wp\/v2\/comments?post=269697"}],"version-history":[{"count":0,"href":"https:\/\/www.europesays.com\/lt\/wp-json\/wp\/v2\/posts\/269697\/revisions"}],"wp:featuredmedia":[{"embeddable":true,"href":"https:\/\/www.europesays.com\/lt\/wp-json\/wp\/v2\/media\/269698"}],"wp:attachment":[{"href":"https:\/\/www.europesays.com\/lt\/wp-json\/wp\/v2\/media?parent=269697"}],"wp:term":[{"taxonomy":"category","embeddable":true,"href":"https:\/\/www.europesays.com\/lt\/wp-json\/wp\/v2\/categories?post=269697"},{"taxonomy":"post_tag","embeddable":true,"href":"https:\/\/www.europesays.com\/lt\/wp-json\/wp\/v2\/tags?post=269697"}],"curies":[{"name":"wp","href":"https:\/\/api.w.org\/{rel}","templated":true}]}}