{"id":269707,"date":"2026-09-05T09:30:12","date_gmt":"2026-09-05T09:30:12","guid":{"rendered":"https:\/\/www.europesays.com\/lt\/269707\/"},"modified":"2026-09-05T09:30:12","modified_gmt":"2026-09-05T09:30:12","slug":"jolantai-naruseviciutei-atlikta-plastine-operacija-isvydusi-rezultata-patyre-soka-net-aiktelejau-vardai","status":"publish","type":"post","link":"https:\/\/www.europesays.com\/lt\/269707\/","title":{"rendered":"Jolantai Naru\u0161evi\u010di\u016btei atlikta plastin\u0117 operacija \u2013 i\u0161vydusi rezultat\u0105 patyr\u0117 \u0161ok\u0105: \u201eNet aiktel\u0117jau\u201c | Vardai"},"content":{"rendered":"<p>Apie plastin\u0119 operacij\u0105 J.Naru\u0161evi\u010di\u016bt\u0117 prakalbo socialiniame tinkle \u201eFacebook\u201c. \u017dinoma moteris pasakojo, kad jai prie\u0161 pusantr\u0173 met\u0173 buvo atliktas endoskopinis antaki\u0173 pak\u0117limas ir vok\u0173 plastika.<\/p>\n<p>Pasak atlik\u0117jos, nors tai ir ne pirma jos plastin\u0117 operacija, ta\u010diau \u0161ios rezultatai itin nustebino.<\/p>\n<p>\u012era\u0161u ji sutiko pasidalinti ir su portalo \u017dmon\u0117s.lt skaitytojais.<\/p>\n<p>\u201eMielos moterys, at\u0117jau Jus padr\u0105sinti.<\/p>\n<p>Pra\u0117jo lygiai 1,5 met\u0173 po mano ma\u017eos gro\u017eio operacijos.<\/p>\n<p>Pirm\u0105j\u0105 vok\u0173 operacij\u0105 tur\u0117jau 2019 metais. Kod\u0117l? Tiesiog genetika, am\u017eius ir perteklin\u0117 vok\u0173 oda u\u017ekrito.<\/p>\n<p>Buvau labai patenkinta, bet po keletos met\u0173 viskas v\u0117l gr\u012f\u017eo. Kas matosi pirmoje foto.<\/p>\n<p>2024 metais pasteb\u0117jau kit\u0173 pramog\u0173 pasaulio pasikeitimus ir rekomendacijas.<\/p>\n<p>Norejau daryti tik aki\u0173 vok\u0173 operacij\u0105, bet gydytojas patar\u0117 daryti b\u016btent endoskopin\u012f antaki\u0173 pak\u0117lim\u0105 ir vok\u0173 plastik\u0105. Labai abejojau, bet pasiry\u017eau ir \u0161tai rezultatas!<\/p>\n<p>Kai nuvykau dabar ir gydytojas parod\u0117 mano foto prie\u0161 operacij\u0105, tai net aiktel\u0117jau! \u010cia tikrai buvau a\u0161? Nesitiki net!<\/p>\n<p>Mielosios, nebijokit, operacija trumpa, gyjimas irgi lengvas. Pirmadien\u012f i\u0161operavo, antradien\u012f kold\u016bnus lipd\u017eiau, o ketvirtadien\u012f namo skridau.<\/p>\n<p>Ir supratau, kad tai pats geriausias sprendimas mano gyvenime! Kaip gydytojas sak\u0117, reiks net pas\u0105 keisti.<\/p>\n<p>Taigi neturiu savo veide joki\u0173 botoks\u0173, fileri\u0173 ar dar kokiu injekcij\u0173. Geriau pasitaupyti ir susitvarkyti pas profesionalus.<\/p>\n<p>Oi, dar pamir\u0161au, tur\u0117t\u0173 \u201e\u0161ifonin\u0117s\u201c atl\u0117kti su savo gyvenimo \u201etiesom\u201c, \u2013 ra\u0161\u0117 J.Naru\u0161evi\u010di\u016bt\u0117 ir pasidalijo prie\u0161 ir po operacijos darytomis nuotraukomis.<\/p>\n","protected":false},"excerpt":{"rendered":"Apie plastin\u0119 operacij\u0105 J.Naru\u0161evi\u010di\u016bt\u0117 prakalbo socialiniame tinkle \u201eFacebook\u201c. \u017dinoma moteris pasakojo, kad jai prie\u0161 pusantr\u0173 met\u0173 buvo atliktas&hellip;\n","protected":false},"author":2,"featured_media":269708,"comment_status":"","ping_status":"","sticky":false,"template":"","format":"standard","meta":{"footnotes":"","_share_on_mastodon":"0"},"categories":[21],"tags":[113,37,39,36,38,40,114],"class_list":["post-269707","post","type-post","status-publish","format-standard","has-post-thumbnail","category-pramogos","tag-entertainment","tag-lietuva","tag-lietuviu","tag-lithuania","tag-lithuanian","tag-lt","tag-pramogos"],"share_on_mastodon":{"url":"https:\/\/pubeurope.com\/@lt\/117217737075619829","error":""},"_links":{"self":[{"href":"https:\/\/www.europesays.com\/lt\/wp-json\/wp\/v2\/posts\/269707","targetHints":{"allow":["GET"]}}],"collection":[{"href":"https:\/\/www.europesays.com\/lt\/wp-json\/wp\/v2\/posts"}],"about":[{"href":"https:\/\/www.europesays.com\/lt\/wp-json\/wp\/v2\/types\/post"}],"author":[{"embeddable":true,"href":"https:\/\/www.europesays.com\/lt\/wp-json\/wp\/v2\/users\/2"}],"replies":[{"embeddable":true,"href":"https:\/\/www.europesays.com\/lt\/wp-json\/wp\/v2\/comments?post=269707"}],"version-history":[{"count":0,"href":"https:\/\/www.europesays.com\/lt\/wp-json\/wp\/v2\/posts\/269707\/revisions"}],"wp:featuredmedia":[{"embeddable":true,"href":"https:\/\/www.europesays.com\/lt\/wp-json\/wp\/v2\/media\/269708"}],"wp:attachment":[{"href":"https:\/\/www.europesays.com\/lt\/wp-json\/wp\/v2\/media?parent=269707"}],"wp:term":[{"taxonomy":"category","embeddable":true,"href":"https:\/\/www.europesays.com\/lt\/wp-json\/wp\/v2\/categories?post=269707"},{"taxonomy":"post_tag","embeddable":true,"href":"https:\/\/www.europesays.com\/lt\/wp-json\/wp\/v2\/tags?post=269707"}],"curies":[{"name":"wp","href":"https:\/\/api.w.org\/{rel}","templated":true}]}}