{"id":269748,"date":"2026-09-05T10:49:15","date_gmt":"2026-09-05T10:49:15","guid":{"rendered":"https:\/\/www.europesays.com\/lt\/269748\/"},"modified":"2026-09-05T10:49:15","modified_gmt":"2026-09-05T10:49:15","slug":"to-ka-zvonkaus-dukra-pasake-stano-isgirsti-nesitikejo-niekas-tavo-mergaite-astrialiezuve","status":"publish","type":"post","link":"https:\/\/www.europesays.com\/lt\/269748\/","title":{"rendered":"To, k\u0105 Zvonkaus dukra pasak\u0117 Stano, i\u0161girsti nesitik\u0117jo niekas: \u201eTavo mergait\u0117 \u2013 a\u0161trialie\u017euv\u0117\u201c"},"content":{"rendered":"\n<p>Pirmojoje naujo sezono laidoje dalyvavo \u017einomi Lietuvos veidai \u2013 atlik\u0117jas ir prodiuseris <a href=\"https:\/\/www.tv3.lt\/naujiena\/zmones\/deivydas-zvonkus-ir-stano-uz-pietus-paklojo-70-euru-parode-ka-gavo-n1516328\" rel=\"nofollow noopener\" target=\"_blank\">Deivydas Zvonkus<\/a> su dukra Kornelija, dainininkas <a href=\"https:\/\/www.tv3.lt\/naujiena\/zmones\/paaiskejo-ar-stanislavas-stavickis-stano-pasipirso-savo-mylimajai-beatai-n1400064\" rel=\"nofollow noopener\" target=\"_blank\">Stanislavas Stavickis-Stano<\/a> su dukromis Joana ir Amelija bei tinklara\u0161tinink\u0117, \u017eurnalist\u0117 ir nuomon\u0117s formuotoja <a href=\"https:\/\/www.tv3.lt\/gaires\/laura-bagdziunaite\" target=\"_blank\" rel=\"nofollow noopener\">Laura Bagd\u017ei\u016bnait\u0117<\/a> su dukra Aur\u0117ja.<\/p>\n<p>  Zvonkaus dukra r\u0117\u017e\u0117 Stano <\/p>\n<p>Antrajame \u017eaidimo etape t\u0117vai i\u0161 vaik\u0173 sakom\u0173 u\u017euomin\u0173 turi suprasti, apie kok\u012f daikt\u0105 ar \u012fvyk\u012f kalba j\u0173 at\u017ealos.<\/p>\n<p>Deivydo Zvonkaus dukra Kornelija pasakojo apie j\u0173dviej\u0173 ir Stano bei jo s\u016bnaus Adomo kelion\u0119 \u012f \u0160vedij\u0105 ir Norvegij\u0105. Kaip prisimin\u0117 D. Zvonkus, Skandinavijos \u0161alyse Stano ir D. Zvonkus tur\u0117jo rengin\u012f, ta\u010diau nuvyko pora dien\u0173 anks\u010diau, kad gal\u0117t\u0173 ir paatostogauti.<\/p>\n<p>Visgi, bepasakojant istorij\u0105 Kornelija pasuko kiek netik\u0117ta linkme:<\/p>\n<p>\u201eBuvo Stano su jo vaiku. A\u0161 toje kompanijoje buvau pati ma\u017eiausia. Buvo toks \u012fvykis, kai Stano surado ka\u017ekoki\u0105 sosk\u0119 (\u010diulptuk\u0105 \u2013\u00a0aut. past.) ir sako: Kornelija, \u010dia ne tu pametei sosk\u0119?<\/p>\n<p>O a\u0161 tokia: na, tu delfinas, tu beveik mano \u016bgio, o ma\u017eiukai delfinai \u0161iaip ne\u0161ioja soskes. Tai imk geriau tu\u201c, \u2013 r\u0117\u017e\u0117 Kornelija.<\/p>\n<p>        <a href=\"https:\/\/www.tv3.lt\/Uploads\/UGallery\/photos\/15\/62\/a8\/37\/1562a837044d2b1f0ed0705580d9c556.jpg\" data-fancybox=\"photos-embed\" data-caption=\"Laidos \u201e\u017dvaig\u017ed\u017ei\u0173 \u017evaig\u017ed\u017eut\u0117s\u201c akimirkos\" target=\"_self\" rel=\"nofollow noopener\"> <img decoding=\"async\" class=\"photo-inside-article\" align=\"center\" alt=\"Laidos \u201e\u017dvaig\u017ed\u017ei\u0173 \u017evaig\u017ed\u017eut\u0117s\u201c akimirkos\" title=\"Laidos \u201e\u017dvaig\u017ed\u017ei\u0173 \u017evaig\u017ed\u017eut\u0117s\u201c akimirkos\" src=\"https:\/\/www.europesays.com\/lt\/wp-content\/uploads\/2026\/09\/1562a837044d2b1f0ed0705580d9c556.jpg\" width=\"684\" height=\"654\" loading=\"lazy\" \/> <\/a>       <\/p>\n<p>I\u0161gird\u0119s toki\u0105 replik\u0105 laidos ved\u0117jas M. Mikutavi\u010dius nesl\u0117p\u0117 nuostabos:<\/p>\n<p>\u201eTavo mergait\u0117 \u2013 a\u0161trialie\u017euv\u0117.\u201c<\/p>\n<p>\u201eTaip, yra paveld\u0117jusi i\u0161 man\u0119s\u201c, \u2013 atskleid\u0117 D. Zvonkus.<\/p>\n<p>Apie k\u0105 kalb\u0117jo Kornelija ir kaip jai su t\u0117\u010diu sek\u0117si var\u017eytis prie\u0161 kitus dalyvius, su\u017einokite straipsnio prad\u017eioje esan\u010diame vaizdo \u012fra\u0161e.<\/p>\n<p>VIS\u0104 LAID\u0104 \u017dI\u016aR\u0116KITE \u010cIA:\u00a0<\/p>\n<p>Laid\u0105 \u201e<a href=\"https:\/\/www.tv3.lt\/naujiena\/zmones\/isgirdes-i-koki-klausima-atsakys-dukra-gian-luca-paskelbe-siandien-paskutine-mano-darbo-diena-n1391004\" rel=\"nofollow noopener\" target=\"_blank\">\u017dvaig\u017ed\u017ei\u0173 \u017evaig\u017edut\u0117s<\/a>\u201c\u00a0\u017ei\u016br\u0117kite antradieniais\u00a020\u00a0val.\u00a0per TV3 televizij\u0105.\u00a0<\/p>\n<p>Straipsnis parengtas pagal TV3 televizijos laid\u0105\u00a0\u201e<a href=\"https:\/\/play.tv3.lt\/series\/zvaigzdziu-zvaigzdutes,serial-8689643\" rel=\"nofollow noopener\" target=\"_blank\">\u017dvaig\u017ed\u017ei\u0173 \u017evaig\u017edut\u0117s<\/a>\u201c.<\/p>\n<p>\n                                        \u0160altinis:<br \/>\n                                                                                    tv3.lt\n                                                                                <\/p>\n<p>Kvie\u010diame atrasti nauj\u0105 tv3.lt turin\u012f! Nuo \u0161iol portale j\u016bs\u0173 laukia ne tik <a href=\"https:\/\/www.tv3.lt\/testai\" rel=\"nofollow noopener\" target=\"_blank\">kasdien nauji testai<\/a>, bet ir <a href=\"https:\/\/www.tv3.lt\/kryziazodziai\" rel=\"nofollow noopener\" target=\"_blank\">kry\u017eia\u017eod\u017eiai <\/a>\u2013 i\u0161bandykite savo \u017einias, spr\u0119skite ir smagiai praleiskite laik\u0105. <\/p>\n","protected":false},"excerpt":{"rendered":"Pirmojoje naujo sezono laidoje dalyvavo \u017einomi Lietuvos veidai \u2013 atlik\u0117jas ir prodiuseris Deivydas Zvonkus su dukra Kornelija, dainininkas&hellip;\n","protected":false},"author":2,"featured_media":269749,"comment_status":"","ping_status":"","sticky":false,"template":"","format":"standard","meta":{"footnotes":"","_share_on_mastodon":"0"},"categories":[21],"tags":[38938,57,43,113,55,48,54,51,49,50,37,39,36,38,40,45,23,44,114,53,42,56,47,41,46,58,52],"class_list":["post-269748","post","type-post","status-publish","format-standard","has-post-thumbnail","category-pramogos","tag-2026-09-05-103000","tag-daiktai","tag-dienos-kronika","tag-entertainment","tag-gatves-tekstai","tag-gyvenimas","tag-interneto-pievos","tag-keliones","tag-kultura","tag-laisvalaikis","tag-lietuva","tag-lietuviu","tag-lithuania","tag-lithuanian","tag-lt","tag-mokslas-ir-it","tag-naujienos","tag-pasaulis","tag-pramogos","tag-projektai","tag-rinktiniai-tekstai","tag-simtmecio-portalas","tag-sportas","tag-tv3-lt","tag-verslas","tag-video","tag-zaidimai"],"share_on_mastodon":{"url":"https:\/\/pubeurope.com\/@lt\/117218048434701169","error":""},"_links":{"self":[{"href":"https:\/\/www.europesays.com\/lt\/wp-json\/wp\/v2\/posts\/269748","targetHints":{"allow":["GET"]}}],"collection":[{"href":"https:\/\/www.europesays.com\/lt\/wp-json\/wp\/v2\/posts"}],"about":[{"href":"https:\/\/www.europesays.com\/lt\/wp-json\/wp\/v2\/types\/post"}],"author":[{"embeddable":true,"href":"https:\/\/www.europesays.com\/lt\/wp-json\/wp\/v2\/users\/2"}],"replies":[{"embeddable":true,"href":"https:\/\/www.europesays.com\/lt\/wp-json\/wp\/v2\/comments?post=269748"}],"version-history":[{"count":0,"href":"https:\/\/www.europesays.com\/lt\/wp-json\/wp\/v2\/posts\/269748\/revisions"}],"wp:featuredmedia":[{"embeddable":true,"href":"https:\/\/www.europesays.com\/lt\/wp-json\/wp\/v2\/media\/269749"}],"wp:attachment":[{"href":"https:\/\/www.europesays.com\/lt\/wp-json\/wp\/v2\/media?parent=269748"}],"wp:term":[{"taxonomy":"category","embeddable":true,"href":"https:\/\/www.europesays.com\/lt\/wp-json\/wp\/v2\/categories?post=269748"},{"taxonomy":"post_tag","embeddable":true,"href":"https:\/\/www.europesays.com\/lt\/wp-json\/wp\/v2\/tags?post=269748"}],"curies":[{"name":"wp","href":"https:\/\/api.w.org\/{rel}","templated":true}]}}