{"id":269756,"date":"2026-09-05T10:59:11","date_gmt":"2026-09-05T10:59:11","guid":{"rendered":"https:\/\/www.europesays.com\/lt\/269756\/"},"modified":"2026-09-05T10:59:11","modified_gmt":"2026-09-05T10:59:11","slug":"burning-man-virto-purvo-zmogumi-festivalis-skesta-purve-dalyviai-istrigo-dykumoje-vardai","status":"publish","type":"post","link":"https:\/\/www.europesays.com\/lt\/269756\/","title":{"rendered":"\u201eBurning Man\u201c virto \u201ePurvo \u017emogumi\u201c: festivalis sk\u0119sta purve, dalyviai \u012fstrigo dykumoje | Vardai"},"content":{"rendered":"<p>Penktadien\u012f d\u0117l purvyno Blek Roko dykumoje u\u017edaryti \u201eBurning Man\u201c vartai. Organizatoriai u\u017edar\u0117 \u012fva\u017eiavimo vartus ir papra\u0161\u0117 atvykstan\u010di\u0173j\u0173 laikytis atokiau, kol ankstyv\u0105 penktadienio ryt\u0105 i\u0161krit\u0119s lietus i\u0161d\u017eius.<\/p>\n<p>Per u\u017edarym\u0105, renginio organizatoriai buvo papra\u0161\u0119 atvykstan\u010di\u0173 dalyvi\u0173 likti Rino mieste ir nesileisti kelion\u0117n \u012f \u0161iaur\u0119, kol vartai nebus atidaryti. Taip pat jie ragino jau esan\u010dius laikinajame mieste nenaudoti transporto priemoni\u0173. Vis u\u017eeinantis ir praeinantis lietus permerk\u0117 dykumos dulkes, tod\u0117l jud\u0117ti tapo itin sunku. Kai kurie festivalio lankytojai, vaik\u0161\u010diodami po miest\u0105, batus apsivyniojo plastikiniais mai\u0161eliais.<\/p>\n<p>\u0160\u012f \u012fvyk\u012f dalyviai pramin\u0117 \u201eMud Man\u201c arba \u201ePurvo \u017emogumi\u201c. Socialiniuose tinkluose \u0117m\u0117 plisti vaizdo \u012fra\u0161ai i\u0161 purvynu virtusio renginio. Lankytojai ir komentatoriai nesl\u0117p\u0117 nusivylimo.<\/p>\n<p>\u201eVisa \u0161i patirtis atrodo absoliu\u010diai apgail\u0117tina\u201c, \u2013 ra\u0161\u0117 vienas komentatorius.<\/p>\n<p>\u201eBurning Man\u201c metai i\u0161 met\u0173 atrodo kaip absoliu\u010diai blogiausias dalykas, \u012f kur\u012f galima eiti\u201c, \u2013 prid\u0117jo kita internaut\u0117.<\/p>\n<p>\u201eTai \u017einia i\u0161 visatos sustabdyti \u0161\u012f \u012fvyk\u012f\u201c, \u2013 r\u0117\u017e\u0117 dar viena socialini\u0173 tinkl\u0173 naudotoja.<\/p>\n<p>Penktadien\u012f apie 14 val. vietos laiku daugelis keli\u0173 jau buvo pakankamai i\u0161d\u017ei\u016bv\u0119, kad \u017emon\u0117s gal\u0117t\u0173 lengvai vaik\u0161\u010dioti p\u0117s\u010diomis, nors va\u017eiuoti dvira\u010diu vis dar buvo sud\u0117tinga. Renginio organizatoriai patvirtino, kad keli\u0173 did\u017eiuli\u0173 medini\u0173 meno k\u016brini\u0173, \u012fskaitant did\u017eiul\u012f \u201eTitaniko\u201c model\u012f, deginimo ceremonijos i\u0161lieka numatytos kaip ir planuota.<\/p>\n<p>Vart\u0173 u\u017edarymas d\u0117l prast\u0173 oro s\u0105lyg\u0173 \u201eBurning Man\u201c festivalyje yra \u012fprastas rei\u0161kinys. \u012eva\u017eiavimas taip pat buvo laikinai sustabdytas rugs\u0117jo 3 d. d\u0117l pakilusios dulki\u0173 audros.<\/p>\n","protected":false},"excerpt":{"rendered":"Penktadien\u012f d\u0117l purvyno Blek Roko dykumoje u\u017edaryti \u201eBurning Man\u201c vartai. Organizatoriai u\u017edar\u0117 \u012fva\u017eiavimo vartus ir papra\u0161\u0117 atvykstan\u010di\u0173j\u0173 laikytis&hellip;\n","protected":false},"author":2,"featured_media":269757,"comment_status":"","ping_status":"","sticky":false,"template":"","format":"standard","meta":{"footnotes":"","_share_on_mastodon":"0"},"categories":[21],"tags":[113,37,39,36,38,40,114],"class_list":["post-269756","post","type-post","status-publish","format-standard","has-post-thumbnail","category-pramogos","tag-entertainment","tag-lietuva","tag-lietuviu","tag-lithuania","tag-lithuanian","tag-lt","tag-pramogos"],"share_on_mastodon":{"url":"https:\/\/pubeurope.com\/@lt\/117218087080108381","error":""},"_links":{"self":[{"href":"https:\/\/www.europesays.com\/lt\/wp-json\/wp\/v2\/posts\/269756","targetHints":{"allow":["GET"]}}],"collection":[{"href":"https:\/\/www.europesays.com\/lt\/wp-json\/wp\/v2\/posts"}],"about":[{"href":"https:\/\/www.europesays.com\/lt\/wp-json\/wp\/v2\/types\/post"}],"author":[{"embeddable":true,"href":"https:\/\/www.europesays.com\/lt\/wp-json\/wp\/v2\/users\/2"}],"replies":[{"embeddable":true,"href":"https:\/\/www.europesays.com\/lt\/wp-json\/wp\/v2\/comments?post=269756"}],"version-history":[{"count":0,"href":"https:\/\/www.europesays.com\/lt\/wp-json\/wp\/v2\/posts\/269756\/revisions"}],"wp:featuredmedia":[{"embeddable":true,"href":"https:\/\/www.europesays.com\/lt\/wp-json\/wp\/v2\/media\/269757"}],"wp:attachment":[{"href":"https:\/\/www.europesays.com\/lt\/wp-json\/wp\/v2\/media?parent=269756"}],"wp:term":[{"taxonomy":"category","embeddable":true,"href":"https:\/\/www.europesays.com\/lt\/wp-json\/wp\/v2\/categories?post=269756"},{"taxonomy":"post_tag","embeddable":true,"href":"https:\/\/www.europesays.com\/lt\/wp-json\/wp\/v2\/tags?post=269756"}],"curies":[{"name":"wp","href":"https:\/\/api.w.org\/{rel}","templated":true}]}}