{"id":269772,"date":"2026-09-05T11:28:33","date_gmt":"2026-09-05T11:28:33","guid":{"rendered":"https:\/\/www.europesays.com\/lt\/269772\/"},"modified":"2026-09-05T11:28:33","modified_gmt":"2026-09-05T11:28:33","slug":"lietuvei-paviesinus-kad-jos-dukra-bande-pagrobti-nepazistamas-vyras-zinia-is-policijos","status":"publish","type":"post","link":"https:\/\/www.europesays.com\/lt\/269772\/","title":{"rendered":"Lietuvei pavie\u0161inus, kad jos dukr\u0105 band\u0117 pagrobti nepa\u017e\u012fstamas vyras \u2013 \u017einia i\u0161 policijos"},"content":{"rendered":"<p>\u0160i\u0105 savait\u0119 socialiniuose tinkluose pasirod\u0117 itin svarbus mamos persp\u0117jimams t\u0117vams. Moteris pasakojo, kad rugs\u0117jo 2-\u0105j\u0105 Vilniaus Pilait\u0117s mikrorajone prie jos dukros sustojo automobilis, o nepa\u017e\u012fstamasis liep\u0117 mergaitei s\u0117sti \u012f transporto priemon\u0119. Apie \u0161\u012f \u012fvyk\u012f naujien\u0173 portalui \u017dmon\u0117s.lt komentar\u0105 pateik\u0117 policija.<\/p>\n<p>Naujien\u0173 portalas \u017dmon\u0117s.lt d\u0117l \u0161io \u012fvykio kreip\u0117si \u012f Vilniaus apskrities policij\u0105. Situacij\u0105 pakomentavo Komunikacijos poskyrio vyresnysis specialistas Tomas Bra\u017e\u0117nas.<\/p>\n<p>\u201ePana\u0161aus pob\u016bd\u017eio informacij\u0105 pareig\u016bnai gavo rugs\u0117jo 2 d. apie 14.37 val. Prane\u0161\u0117jas teig\u0117, kad prie jo dukros, stovin\u010dios vie\u0161ojo transporto stotel\u0117je Pilait\u0117s pr., galimai priva\u017eiavo ir sustojo juodos splavos automobilis, o jame s\u0117d\u0117j\u0119s vyri\u0161kis pasi\u016bl\u0117 s\u0117stis \u012f automobil\u012f. Mergaitei nesutikus, automobilis nuva\u017eiavo. Pareig\u016bnai reagavo \u012f gaut\u0105 prane\u0161im\u0105, ta\u010diau nustatyti galimo automobilio ar jo savininko nepavyko. \u0160iuo metu Vilniaus m. 5-ajame PK tikslinamos aplinkyb\u0117s\u201c, \u2013 \u017dmon\u0117s.lt komentavo T.Bra\u017e\u0117nas.<\/p>\n<p> Nepa\u017e\u012fstamasis liep\u0117 s\u0117stis \u012f automobil\u012f <\/p>\n<p>Primename, kad tre\u010diadien\u012f Vilniaus Pilait\u0117s mikrorajone u\u017efiksuotas \u0161iurpus incidentas, tik per plauk\u0105 nesibaig\u0119s nelaime. Po \u0161io \u012fvyko socialiniuose tinkluose i\u0161plito svarbus mamos persp\u0117jimas kitiems t\u0117vams.<\/p>\n<p>\u201e\u0160iandien, 09.02 apie 14:15 val. Vilniuje, vie\u0161ojo transporto stotel\u0117je \u201ePilait\u0117\u201c, prie \u201eVilnius Outlet\u201c, kryptimi \u012f Pilait\u0119, \u012fvyko labai nemaloni situacija.<\/p>\n<p>Dukra lauk\u0117 stotel\u0117je, kai prie jos priva\u017eiavo automobilis. I\u0161 automobilio jai buvo liepta lipti \u012f vid\u0173. Labai d\u017eiaugiuosi ir did\u017eiuojuosi, kad ji nepasimet\u0117, nes\u0117do \u012f automobil\u012f ir greitai nu\u0117jo prie kit\u0173 \u017emoni\u0173.<\/p>\n<p>Policija apie \u012fvyk\u012f informuota.<\/p>\n<p> <a href=\"https:\/\/img.15min.lt\/resize?i=%2Fimages%2Fphotos%2F2026%2F09%2F02%2Foriginal%2F792458873_18486882724110656_3365640876948553618_n-6a986d7ecc3f0.jpg&amp;o=webp&amp;w=1920&amp;h=1280\" rel=\"nofollow noopener\" target=\"_blank\"><img alt=\"Mamos informacija \/ Soc. tinkl\u0173 nuotr.\" id=\"EY7y5ye3RgY58Okr\" loading=\"lazy\" width=\"800\" height=\"533\" decoding=\"async\" data-nimg=\"1\" class=\"mx-auto\" style=\"color:transparent\" src=\"https:\/\/www.europesays.com\/lt\/wp-content\/uploads\/2026\/09\/1788607713_137_crop.webp\"\/><\/a><\/p>\n<p>Mamos informacija \/ Soc. tinkl\u0173 nuotr.<\/p>\n<p>Labai pra\u0161au pasidalinti \u0161ia informacija, kad kuo daugiau t\u0117v\u0173 ir vaik\u0173 apie tai \u017einot\u0173.<\/p>\n<p>Dar kart\u0105 visi priminkime savo vaikams, k\u0105 daryti, jei nepa\u017e\u012fstamas \u017emogus kvie\u010dia \u012f automobil\u012f:<br \/>nes\u0117sti \u012f automobil\u012f;<br \/>neiti kartu su nepa\u017e\u012fstamu \u017emogumi;<br \/>kuo grei\u010diau nueiti prie kit\u0173 \u017emoni\u0173, \u012f parduotuv\u0119 ar kit\u0105 saugi\u0105 viet\u0105;<br \/>garsiai \u0161aukti ir pra\u0161yti pagalbos;<br \/>nedelsiant paskambinti t\u0117vams ar 112.<\/p>\n<p>Labai d\u017eiaugiuosi, kad \u0161\u012f kart\u0105 viskas baig\u0117si laimingai. B\u016bkime budr\u016bs ir saugokime savo vaikus\u201c, \u2013 socialiniame tinkle \u201eFacebook\u201c ra\u0161\u0117 moteris.<\/p>\n","protected":false},"excerpt":{"rendered":"\u0160i\u0105 savait\u0119 socialiniuose tinkluose pasirod\u0117 itin svarbus mamos persp\u0117jimams t\u0117vams. Moteris pasakojo, kad rugs\u0117jo 2-\u0105j\u0105 Vilniaus Pilait\u0117s mikrorajone&hellip;\n","protected":false},"author":2,"featured_media":269773,"comment_status":"","ping_status":"","sticky":false,"template":"","format":"standard","meta":{"footnotes":"","_share_on_mastodon":"0"},"categories":[13],"tags":[25,30,31,34,35,24,32,33,37,39,36,38,40,23,22,28,29,26,27],"class_list":["post-269772","post","type-post","status-publish","format-standard","has-post-thumbnail","category-lietuva","tag-antrastes","tag-breaking-news","tag-breakingnews","tag-featured-news","tag-featurednews","tag-headlines","tag-latest-news","tag-latestnews","tag-lietuva","tag-lietuviu","tag-lithuania","tag-lithuanian","tag-lt","tag-naujienos","tag-news","tag-populiariausios-naujienos","tag-populiariausiosnaujienos","tag-top-stories","tag-topstories"],"share_on_mastodon":{"url":"https:\/\/pubeurope.com\/@lt\/117218201356689342","error":""},"_links":{"self":[{"href":"https:\/\/www.europesays.com\/lt\/wp-json\/wp\/v2\/posts\/269772","targetHints":{"allow":["GET"]}}],"collection":[{"href":"https:\/\/www.europesays.com\/lt\/wp-json\/wp\/v2\/posts"}],"about":[{"href":"https:\/\/www.europesays.com\/lt\/wp-json\/wp\/v2\/types\/post"}],"author":[{"embeddable":true,"href":"https:\/\/www.europesays.com\/lt\/wp-json\/wp\/v2\/users\/2"}],"replies":[{"embeddable":true,"href":"https:\/\/www.europesays.com\/lt\/wp-json\/wp\/v2\/comments?post=269772"}],"version-history":[{"count":0,"href":"https:\/\/www.europesays.com\/lt\/wp-json\/wp\/v2\/posts\/269772\/revisions"}],"wp:featuredmedia":[{"embeddable":true,"href":"https:\/\/www.europesays.com\/lt\/wp-json\/wp\/v2\/media\/269773"}],"wp:attachment":[{"href":"https:\/\/www.europesays.com\/lt\/wp-json\/wp\/v2\/media?parent=269772"}],"wp:term":[{"taxonomy":"category","embeddable":true,"href":"https:\/\/www.europesays.com\/lt\/wp-json\/wp\/v2\/categories?post=269772"},{"taxonomy":"post_tag","embeddable":true,"href":"https:\/\/www.europesays.com\/lt\/wp-json\/wp\/v2\/tags?post=269772"}],"curies":[{"name":"wp","href":"https:\/\/api.w.org\/{rel}","templated":true}]}}