{"id":269780,"date":"2026-09-05T11:35:12","date_gmt":"2026-09-05T11:35:12","guid":{"rendered":"https:\/\/www.europesays.com\/lt\/269780\/"},"modified":"2026-09-05T11:35:12","modified_gmt":"2026-09-05T11:35:12","slug":"j-tulcina-pirma-karta-pasirode-be-peruko-ir-prabilo-apie-isgyvenimus-jus-neisivaizduojate","status":"publish","type":"post","link":"https:\/\/www.europesays.com\/lt\/269780\/","title":{"rendered":"J. Tul\u010dina pirm\u0105 kart\u0105 pasirod\u0117 be peruko ir prabilo apie i\u0161gyvenimus: \u201eJ\u016bs ne\u012fsivaizduojate&#8230;\u201c"},"content":{"rendered":"<p>Viena ry\u0161kiausi\u0173 nat\u016bralios medicinos atstovi\u0173 Lietuvoje Jelena Tul\u010dina socialiniuose tinkluose pasidalijo itin atvira nuotrauka, kurioje pirm\u0105 kart\u0105 vie\u0161ai parod\u0117, kaip atrodo be peruko. Moteris nesl\u0117p\u0117 ilgai nedr\u012fsusi \u017eengti \u0161io \u017eingsnio, ta\u010diau galiausiai nusprend\u0117 prabilti ne tik apie savo i\u0161vaizd\u0105, bet ir apie daugel\u012f met\u0173 j\u0105 lyd\u0117jusias sveikatos problemas.<\/p>\n","protected":false},"excerpt":{"rendered":"Viena ry\u0161kiausi\u0173 nat\u016bralios medicinos atstovi\u0173 Lietuvoje Jelena Tul\u010dina socialiniuose tinkluose pasidalijo itin atvira nuotrauka, kurioje pirm\u0105 kart\u0105 vie\u0161ai&hellip;\n","protected":false},"author":2,"featured_media":269781,"comment_status":"","ping_status":"","sticky":false,"template":"","format":"standard","meta":{"footnotes":"","_share_on_mastodon":"0"},"categories":[13],"tags":[25,30,31,34,35,24,32,33,37,39,36,38,40,23,22,28,29,26,27],"class_list":["post-269780","post","type-post","status-publish","format-standard","has-post-thumbnail","category-lietuva","tag-antrastes","tag-breaking-news","tag-breakingnews","tag-featured-news","tag-featurednews","tag-headlines","tag-latest-news","tag-latestnews","tag-lietuva","tag-lietuviu","tag-lithuania","tag-lithuanian","tag-lt","tag-naujienos","tag-news","tag-populiariausios-naujienos","tag-populiariausiosnaujienos","tag-top-stories","tag-topstories"],"share_on_mastodon":{"url":"https:\/\/pubeurope.com\/@lt\/117218228725335788","error":""},"_links":{"self":[{"href":"https:\/\/www.europesays.com\/lt\/wp-json\/wp\/v2\/posts\/269780","targetHints":{"allow":["GET"]}}],"collection":[{"href":"https:\/\/www.europesays.com\/lt\/wp-json\/wp\/v2\/posts"}],"about":[{"href":"https:\/\/www.europesays.com\/lt\/wp-json\/wp\/v2\/types\/post"}],"author":[{"embeddable":true,"href":"https:\/\/www.europesays.com\/lt\/wp-json\/wp\/v2\/users\/2"}],"replies":[{"embeddable":true,"href":"https:\/\/www.europesays.com\/lt\/wp-json\/wp\/v2\/comments?post=269780"}],"version-history":[{"count":0,"href":"https:\/\/www.europesays.com\/lt\/wp-json\/wp\/v2\/posts\/269780\/revisions"}],"wp:featuredmedia":[{"embeddable":true,"href":"https:\/\/www.europesays.com\/lt\/wp-json\/wp\/v2\/media\/269781"}],"wp:attachment":[{"href":"https:\/\/www.europesays.com\/lt\/wp-json\/wp\/v2\/media?parent=269780"}],"wp:term":[{"taxonomy":"category","embeddable":true,"href":"https:\/\/www.europesays.com\/lt\/wp-json\/wp\/v2\/categories?post=269780"},{"taxonomy":"post_tag","embeddable":true,"href":"https:\/\/www.europesays.com\/lt\/wp-json\/wp\/v2\/tags?post=269780"}],"curies":[{"name":"wp","href":"https:\/\/api.w.org\/{rel}","templated":true}]}}