{"id":269786,"date":"2026-09-05T11:42:15","date_gmt":"2026-09-05T11:42:15","guid":{"rendered":"https:\/\/www.europesays.com\/lt\/269786\/"},"modified":"2026-09-05T11:42:15","modified_gmt":"2026-09-05T11:42:15","slug":"is-rugsejo-1-aja-dingusio-vyro-sesers-padeka-jei-ne-zmones-brolis-nebutu-taip-greitai-rastas","status":"publish","type":"post","link":"https:\/\/www.europesays.com\/lt\/269786\/","title":{"rendered":"I\u0161 rugs\u0117jo 1-\u0105j\u0105 dingusio vyro sesers \u2013 pad\u0117ka: jei ne \u017emon\u0117s, brolis neb\u016bt\u0173 taip greitai rastas"},"content":{"rendered":"<p>Rugs\u0117jo 5-\u0105j\u0105 kauno.diena.lt \u017eurnalistei tai patvirtino vyro artimieji. Kaip paai\u0161k\u0117jo, pilieti\u0161ki \u017emon\u0117s, susisiek\u0119 su J. \u0160. seserimi Greta prane\u0161\u0117, kad jos brolio automobilis rugs\u0117jo 1-\u0105j\u0105 buvo pasteb\u0117tas Vievyje, prie parduotuv\u0117s \u201eAib\u0117\u201c. Vyras t\u0105dien elg\u0117si neadekva\u010diai, tod\u0117l buvo i\u0161kviesti policijos pareig\u016bnai, kurie i\u0161ve\u017e\u0117 j\u012f \u012f specifin\u0117s paskirties gydymo \u012fstaig\u0105.\u00a0<\/p>\n<p>Aplankyti J. \u0160. jau nuvyko artimieji. \u201eJei ne pilieti\u0161ki \u017emon\u0117s, mano brolis neb\u016bt\u0173 taip greitai surastas\u201c, \u2013 visuomenei d\u0117kojo Greta.<\/p>\n<p>Ji prid\u016br\u0117, kad visus tur\u0117tus duomenis \u2013 apie pasteb\u0117t\u0105 J. \u0160. automobil\u012f bei tai, kad jis \u2013 ligonin\u0117je, perdav\u0117 ir policijos pareig\u016bnams. Portalui kauno.diena.lt susisiekus su Kauno apskrities policijos pareig\u016bnais ir i\u0161vardijus min\u0117tas detales, jie to nei patvirtino, nei paneig\u0117.<\/p>\n<p><a href=\"https:\/\/kauno.diena.lt\/naujienos\/kaunas\/nusikaltimai-ir-nelaimes\/rugsejo-1-aja-mislingai-dingo-jonas-artimieji-pateike-svarbiu-detaliu-1773377?source_id=1\" rel=\"nofollow noopener\" target=\"_blank\">Primename<\/a>, kad J. \u0160. be \u017einios dingo rugs\u0117jo 1-\u0105j\u0105. T\u0105 pa\u010di\u0105 dien\u0105, 8 val., vaizdo steb\u0117jimo kameros u\u017efiksavo j\u012f va\u017eiuojant\u012f automobiliu nuo Vai\u0161vydavos link Kauno. Ta\u010diau nei vaizdo steb\u0117jimo kameros Panemun\u0117je, nei Kauno HE, nei Rok\u0173 plente, prava\u017eiuojan\u010dios \u0161ios transporto priemon\u0117s nefiksavo.<\/p>\n<p>\u201eBrolis turi sveikatos problem\u0173. Neseniai gul\u0117jo ligonin\u0117je. Namuose jis paliko telefon\u0105, pinigin\u0119 su dokumentais, banko kortel\u0117mis bei grynaisiais pinigais. Ta\u010diau pamat\u0117me, kad miegmai\u0161io mai\u0161as \u2013 tu\u0161\u010dias. Atrodyt\u0173, kad Jonas i\u0161sitrauk\u0117 miegmai\u0161\u012f ir numet\u0117 mai\u0161\u0105. Galb\u016bt ruo\u0161\u0117si ka\u017ekur miegoti. \u012etariame, kad brolis gali sunkiai orientuotis aplinkoje ir d\u0117l sveikatos b\u016bkl\u0117s sl\u0117ptis mi\u0161kuose\u201c, \u2013 tada pasakojo J. \u0160trimai\u010dio sesuo.<\/p>\n<p>Apie J. \u0160. dingim\u0105 policijos pareig\u016bnams \u0161eima prane\u0161\u0117 rugs\u0117jo 3-iosios ryt\u0105, nes tik\u0117josi, kad jis atsiras. Nors \u0161itaip ilgai aleksoti\u0161kis ding\u0119s pirm\u0105 kart\u0105, anks\u010diau b\u016bdavo atvej\u0173, kad jis neatsiliepdavo \u012f skambu\u010dius ar juos atmesdavo, bet v\u0117liau visada perskambindavo ir pasakydavo, kur yra. Telefonas nuolat b\u016bdavo \u0161alia jo. O \u0161\u012f kart\u0105 artimieji be speciali\u0173j\u0173 tarnyb\u0173 pagalbos negal\u0117jo patekti net \u012f J. \u0160. but\u0105 \u2013 dur\u0173 spyna buvo pakeista.<\/p>\n","protected":false},"excerpt":{"rendered":"Rugs\u0117jo 5-\u0105j\u0105 kauno.diena.lt \u017eurnalistei tai patvirtino vyro artimieji. Kaip paai\u0161k\u0117jo, pilieti\u0161ki \u017emon\u0117s, susisiek\u0119 su J. \u0160. seserimi Greta&hellip;\n","protected":false},"author":2,"featured_media":269787,"comment_status":"","ping_status":"","sticky":false,"template":"","format":"standard","meta":{"footnotes":"","_share_on_mastodon":"0"},"categories":[13],"tags":[25,30,31,34,35,24,32,33,37,39,36,38,40,23,22,28,29,26,27],"class_list":["post-269786","post","type-post","status-publish","format-standard","has-post-thumbnail","category-lietuva","tag-antrastes","tag-breaking-news","tag-breakingnews","tag-featured-news","tag-featurednews","tag-headlines","tag-latest-news","tag-latestnews","tag-lietuva","tag-lietuviu","tag-lithuania","tag-lithuanian","tag-lt","tag-naujienos","tag-news","tag-populiariausios-naujienos","tag-populiariausiosnaujienos","tag-top-stories","tag-topstories"],"share_on_mastodon":{"url":"https:\/\/pubeurope.com\/@lt\/117218256053223326","error":""},"_links":{"self":[{"href":"https:\/\/www.europesays.com\/lt\/wp-json\/wp\/v2\/posts\/269786","targetHints":{"allow":["GET"]}}],"collection":[{"href":"https:\/\/www.europesays.com\/lt\/wp-json\/wp\/v2\/posts"}],"about":[{"href":"https:\/\/www.europesays.com\/lt\/wp-json\/wp\/v2\/types\/post"}],"author":[{"embeddable":true,"href":"https:\/\/www.europesays.com\/lt\/wp-json\/wp\/v2\/users\/2"}],"replies":[{"embeddable":true,"href":"https:\/\/www.europesays.com\/lt\/wp-json\/wp\/v2\/comments?post=269786"}],"version-history":[{"count":0,"href":"https:\/\/www.europesays.com\/lt\/wp-json\/wp\/v2\/posts\/269786\/revisions"}],"wp:featuredmedia":[{"embeddable":true,"href":"https:\/\/www.europesays.com\/lt\/wp-json\/wp\/v2\/media\/269787"}],"wp:attachment":[{"href":"https:\/\/www.europesays.com\/lt\/wp-json\/wp\/v2\/media?parent=269786"}],"wp:term":[{"taxonomy":"category","embeddable":true,"href":"https:\/\/www.europesays.com\/lt\/wp-json\/wp\/v2\/categories?post=269786"},{"taxonomy":"post_tag","embeddable":true,"href":"https:\/\/www.europesays.com\/lt\/wp-json\/wp\/v2\/tags?post=269786"}],"curies":[{"name":"wp","href":"https:\/\/api.w.org\/{rel}","templated":true}]}}