{"id":269792,"date":"2026-09-05T11:48:16","date_gmt":"2026-09-05T11:48:16","guid":{"rendered":"https:\/\/www.europesays.com\/lt\/269792\/"},"modified":"2026-09-05T11:48:16","modified_gmt":"2026-09-05T11:48:16","slug":"konservatoriu-suvaziavime-l-kasciuno-vizija-ir-a-kubiliaus-kritika-socdemams","status":"publish","type":"post","link":"https:\/\/www.europesays.com\/lt\/269792\/","title":{"rendered":"Konservatori\u0173 suva\u017eiavime \u2013 L. Kas\u010di\u016bno vizija ir A. Kubiliaus kritika \u201esocdemams\u201c"},"content":{"rendered":"<p>J\u012f savo kalba prad\u0117jo partijos pirmininkas Laurynas Kas\u010di\u016bnas, akcentav\u0119s ne tik TS-LKD krypt\u012f, bet ir artimiausius darbus.<\/p>\n<p>Laurynas Kas\u010di\u016bnas sako, kad jo vadovaujama politin\u0117 j\u0117ga po kit\u0105met vyksian\u010di\u0173 savivaldos rinkim\u0173 sudarys ir paskelbs \u0161e\u0161\u0117lin\u0119 Vyriausyb\u0119.<\/p>\n<p>\u201eM\u016bs\u0173 opozicin\u0119 laikysen\u0105 galima apibr\u0117\u017eti taip: stabdyti \u017ealingus sprendimus, si\u016blyti geresnes alternatyvas ir palaikyti tai, kas atitinka Lietuvos interes\u0105. Norint pasiekti rezultat\u0173, reikia veikti organizuotai, kryptingai ir kaip vienai komandai. Tod\u0117l po savivaldos rinkim\u0173 sudarysime ir paskelbsime \u0161e\u0161\u0117lin\u0119 Vyriausyb\u0119, kurioje m\u016bs\u0173 partijos politikai kuruos atskiras valstyb\u0117s valdymo sritis ir svarbiausias temas\u201c, \u2013 \u0161e\u0161tadien\u012f suva\u017eiavime kalb\u0117jo konservatori\u0173 pirmininkas.<\/p>\n<p>Pasak L. Kas\u010di\u016bno, ji bus sudaryta i\u0161 savo sri\u010di\u0173 profesional\u0173, geban\u010di\u0173 pasi\u016blyti sprendimus.<\/p>\n<p>\u201e\u0160e\u0161\u0117lin\u0117s Vyriausyb\u0117s u\u017eduotis bus ne vien kritikuoti valdan\u010diuosius. Ji rengs alternatyvas, telks ekspertus, nuosekliai pristatys m\u016bs\u0173 pozicijas ir rodys visuomenei, kokius sprendimus priimtume gav\u0119 atsakomyb\u0119 valdyti valstyb\u0119. Turime b\u016bti ne tik stipri opozicija. Turime b\u016bti pasireng\u0119 tapti stipria Vyriausybe\u201c, \u2013 akcentavo jis.<\/p>\n<p>TS-LKD lyderis teig\u0117, kad opozicija neturi tik kritikuoti vald\u017eios. Ta\u010diau, pasak jo, jei valdantieji si\u016blo ydingus sprendimus, opozicija turi jiems prie\u0161tarauti.<\/p>\n<p>\u201eOpozicijos u\u017eduotis n\u0117ra vien kritikuoti valdan\u010diuosius. Kai si\u016blomi \u017ealingi sprendimai, turime jiems prie\u0161intis. Ta\u010diau kartu privalome pateikti alternatyvas ir parodyti, kaip problemas spr\u0119stume patys. Per \u0161\u012f laikotarp\u012f parod\u0117me, kad opozicija gali b\u016bti veiksminga\u201c, \u2013 d\u0117st\u0117 L. Kas\u010di\u016bnas.<\/p>\n<p>Imsis visuotinio privalomojo \u0161aukimo<\/p>\n<p>L. Kas\u010di\u016bnas nurod\u0117, kad atsinaujinus diskusijoms d\u0117l visuotinio privalomojo \u0161aukimo, partija \u017eada artimiausiu metu inicijuoti politin\u012f proces\u0105 d\u0117l jo \u012fvedimo.<\/p>\n<p>Konservatori\u0173 suva\u017eiavimas: kadruose \u2013 garsiausi partijos vardai ir itin svarb\u016bs sve\u010diai<\/p>\n<p>\u201eM\u016bs\u0173 siekis \u2013 Lietuva kaip dygliuotas lietuvi\u0161kas e\u017eys, kuris ir daug stipresnei rusi\u0161kai me\u0161kai b\u016bt\u0173 pernelyg nepatogus. Tod\u0117l ai\u0161kiai sakome: Lietuvai reikia visuotinio privalomojo \u0161aukimo. TS-LKD artimiausiu metu inicijuos politin\u012f proces\u0105 d\u0117l jo \u012fvedimo\u201c, \u2013 kreipdamasis \u012f partijos narius TS-LKD suva\u017eiavime \u0161e\u0161tadien\u012f kalb\u0117jo L. Kas\u010di\u016bnas.<\/p>\n<p>Pasak TS-LKD pirmininko, Rusijai ir toliau keliant gr\u0117sm\u0119 regione, patikimos \u0161alies gynybos pagrindas tur\u0117t\u0173 b\u016bti grind\u017eiamas visuotin\u0117s gynybos principu.<\/p>\n<p>\u201eNaryst\u0117 NATO ir Europos S\u0105jungoje yra pagrindin\u0117s Lietuvos saugumo atramos. Ta\u010diau patikima kolektyvin\u0117 gynyba remiasi ir kiekvienos valstyb\u0117s geb\u0117jimu pa\u010diai prisiimti atsakomyb\u0119. Tod\u0117l Lietuvos gynybos pagrindas turi b\u016bti visuotin\u0117s gynybos principas: tinkamai parengtas rezervas, atsparios institucijos, pasirengusi visuomen\u0117 ir ai\u0161k\u016bs veiksmai kriz\u0117s ar karo atveju\u201c, \u2013 akcentavo Seimo narys.<\/p>\n<p>L. Kas\u010di\u016bno teigimu, visuotinis privalomasis \u0161aukimas gal\u0117t\u0173 startuoti 2030 metais.<\/p>\n<p>\u201eA\u0161 \u012fsivaizduoju, kad de facto jau galima netgi d\u0117l demografin\u0117s situacijos prie visuotinio \u0161aukimo prieiti per kelis metus. A\u0161 manau, jeigu mes \u012fra\u0161ytume, kad 2030 metai yra tie metai, kai mes jau i\u0161 esm\u0117s \u012fgyvendiname \u0161it\u0105 projekt\u0105, b\u016bt\u0173 visi\u0161kai adekvatus laikotarpis. Tur\u0117tume ketveri\u0173 met\u0173 pasirengimo laikotarp\u012f\u201c, \u2013 \u017eurnalistams \u0161e\u0161tadien\u012f komentavo politikas.<\/p>\n<p>Konservatori\u0173 lyderis pabr\u0117\u017e\u0117, kad \u0161i iniciatyva su valdan\u010diaisiais socialdemokratais n\u0117ra suderinta.<\/p>\n<p>\u201eTai yra m\u016bs\u0173 iniciatyva. Mes vis\u0105 laik\u0105 tur\u0117jome truput\u0117l\u012f skirtum\u0173 su socialdemokratais d\u0117l gynybos, kadangi mes daugiau vis\u0105 laik\u0105 esame visuotinio \u0161aukimo \u0161alininkai, socialdemokratai daugiau pasisakydavo u\u017e profesionali\u0105 kariuomen\u0119. Bet kuriuo atveju, a\u0161 manau, \u010dia bus naudinga diskusija mums visiems ir visai politinei scenai\u201c, \u2013 sak\u0117 L. Kas\u010di\u016bnas.<\/p>\n<p>Kaip skelb\u0117 ELTA, pastaruoju metu ir v\u0117l atsinaujino diskusijos d\u0117l visuotinio \u0161aukimo \u012fvedimo.<\/p>\n<p>Kra\u0161to apsaugos ministras Robertas Kaunas anks\u010diau teig\u0117, kad Lietuva jau juda visuotinio \u0161aukimo link. Vis tik jis pabr\u0117\u017e\u0117, jog tam vis\u0173 pirma b\u016btina kokybi\u0161kai pasiruo\u0161ti. Pana\u0161ios pozicijos laikosi ir prezidentas Gitanas Naus\u0117da.<\/p>\n<p>Savo ruo\u017etu kariuomen\u0117s vadas Raimundas Vaik\u0161noras tvirtino \u0161iuo metu poreikio visuotiniam \u0161aukimui nematantis.<\/p>\n<p>Premjeras Mindaugas Sinkevi\u010dius interviu Eltai teig\u0117, kad ilgainiui Lietuvoje gali b\u016bti \u012fvestas visuotinis \u0161aukimas.<\/p>\n<p>Asociacijos \u201eVisuotin\u0117 gynyba\u201c u\u017esakymu bendrov\u0117s \u201eNorstat\u201c rugpj\u016bt\u012f atlikto reprezentatyvaus Lietuvos gyventoj\u0173 tyrimo duomenimis, 76 proc. apklaust\u0173 gyventoj\u0173 pritart\u0173 visuotinio \u0161aukimo \u012ftvirtinimui iki 2030 met\u0173.<\/p>\n<p>ELTA primena, kad \u0161iemet \u012fsigaliojo nauja privalomosios pradin\u0117s karo tarnybos tvarka, kuria siekiama didinti \u0161auktini\u0173 skai\u010di\u0173. Pagal j\u0105, atlikti karin\u0119 prievol\u0119 jaunuoliai kvie\u010diami i\u0161 karto po mokyklos.<\/p>\n<p>Kitaip nei anks\u010diau, tarnybai bus \u0161aukiami 18\u201322 met\u0173 jaunuoliai. Pagal anks\u010diau galiojusi\u0105 tvark\u0105, \u0161aukimo am\u017eius buvo 18\u201323 metai.<\/p>\n<p>A. Kubilius kritikavo \u201esocdemus\u201c<\/p>\n<p>Viena svarbiausi\u0173 Lietuvos politinio gyvenimo problem\u0173 \u2013 dideli\u0173 id\u0117j\u0173 ir darb\u0173 tr\u016bkumas, sako ilgametis konservatorius, u\u017e gynyb\u0105 ir kosmos\u0105 atsakingas eurokomisaras Andrius Kubilius. Anot jo, iki \u0161iol n\u0117ra ai\u0161ku, kokie yra valdan\u010di\u0173j\u0173 prioritetai valstybei.<\/p>\n<p>\u201eTies\u0105 sakant, dabar dar vis ne\u017einau apie k\u0105 yra \u0161iandienin\u0117 socialdemokrat\u0173 Vyriausyb\u0117, kokie dideli darbai ir kokios didel\u0117s id\u0117jos yra j\u0173 svarbiausi prioritetai. Netgi ne\u017einau, kokie yra Lietuvos savi prioritetai ateinan\u010diam pirmininkavimui\u201c, \u2013 kreipdamasis \u012f partijos narius konservatori\u0173 suva\u017eiavime \u0161e\u0161tadien\u012f kalb\u0117jo buv\u0119s T\u0117vyn\u0117s s\u0105jungos-Lietuvos krik\u0161\u010dioni\u0173 demokrat\u0173 (TS-LKD) partijos lyderis.<\/p>\n<p>\u201e\u017dinau, kokie bus Briuselio pageidavimai ir prioritetai Lietuvos pirmininkavimo laikotarpiui, bet apie Lietuvos savus prioritetus beveik nieko ne\u017einau\u201c, \u2013 t\u0119s\u0117 jis.<\/p>\n<p>Eurokomisaras sveikintinu vadina sprendim\u0105 gynybai skirti daugiau kaip 5 proc. bendrojo vidaus produkto (BVP), ta\u010diau pabr\u0117\u017eia \u2013 vien tik skai\u010di\u0173 neu\u017etenka.<\/p>\n<p>Taip pat politikas ragina karin\u012f \u0161alies pasirengim\u0105 tikrinti \u201eUkrainos testu\u201c.<\/p>\n<p>\u201eKam ir kaip tokius pinigus Lietuva i\u0161leis yra pa\u010dios Lietuvos ir NATO gynybos plan\u0173 reikalas, bet a\u0161 ragin\u010diau Lietuv\u0105 savo karin\u012f pasirengim\u0105 gynybai reguliariai tikrinti paprastu \u201eUkrainos testu\u201c: kviestis \u012f savo nacionalines karines pratybas Ukrainos Dron\u0173 Armijos karius ir i\u0161bandyti, ar galime atlaikyti j\u0173 realizuojamas atakas\u201c, \u2013 teig\u0117 jis.<\/p>\n<p>\u201e\u017dinome, kad kitose NATO \u0161alyse po toki\u0173 test\u0173 paai\u0161k\u0117davo, kad ukrainie\u010diai yra \u017eymiai stipresni. (\u2026) Taigi, jeigu nesugeb\u0117tume i\u0161laikyti \u201eUkrainos testo\u201c, tai reik\u0161t\u0173 tik vien\u0105, kad nesugeb\u0117tume apsiginti ir nuo Rusijos dron\u0173\u201c, \u2013 akcentavo A. Kubilius.<\/p>\n<p>ELTA primena, kad 2026 met\u0173 kra\u0161to apsaugos finansavimas siekia 4,79 mlrd. eur\u0173, arba 5,38 proc. BVP.<\/p>\n<p>V. \u010cmilyt\u0117-Nielsen: liberalai ir konservatoriai privalo laikytis kartu d\u0117l Lietuvos krypties<\/p>\n<p>Liberal\u0173 s\u0105j\u016bdis ir T\u0117vyn\u0117s s\u0105jungos-Lietuvos krik\u0161\u010dioni\u0173 demokrat\u0173 (TS-LKD) partija d\u0117l rink\u0117j\u0173 pasitik\u0117jimo turi konkuruoti, ta\u010diau d\u0117l strategin\u0117s Lietuvos krypties privalo laikytis kartu, sako liberal\u0173 lyder\u0117 Viktorija \u010cmilyt\u0117-Nielsen.<\/p>\n<p>\u201eEsame pakankamai skirtingi, kad i\u0161liktume savimi, bet pakankamai brand\u016bs, kad sutartume, kas svarbiausia. Lietuvos vieta buvo, yra ir bus tarp stipri\u0173, laisv\u0173 ir vakarieti\u0161k\u0173 valstybi\u0173. D\u0117l rink\u0117j\u0173 pasitik\u0117jimo konkuruokime i\u0161 vis\u0173 j\u0117g\u0173, o d\u0117l Lietuvos krypties laikykim\u0117s kartu\u201c, \u2013 \u0161e\u0161tadien\u012f konservatori\u0173 suva\u017eiavime kalb\u0117jo politik\u0117.<\/p>\n<p>V. \u010cmilyt\u0117-Nielsen pabr\u0117\u017e\u0117, kad abi partijos sutaria d\u0117l vakarieti\u0161k\u0173 vertybi\u0173 gynimo, saugumo, paramos Ukrainai, teisin\u0117s valstyb\u0117s princip\u0173.<\/p>\n<p>\u201eDabar Lietuvoje mums reikia brand\u017eios politikos, tokios, kuri neb\u0117ga paskui trumpalaik\u012f populiarum\u0105, neie\u0161ko pigaus d\u0117mesio ir geba paai\u0161kinti \u017emon\u0117ms, kod\u0117l kai kurie sprendimai yra b\u016btini, nors ir ne visada patog\u016bs, kuri nemenkin\u0105 Lietuvos pasiekim\u0173 ir nekuria savo trumpalaik\u0117s s\u0117km\u0117s i\u0161 lengviausiai sukeliamos emocijos\u201c, \u2013 akcentavo liberal\u0173 lyder\u0117.<\/p>\n<p>\u201eGalime gin\u010dytis, kas geriau vairuoja de\u0161ine kelio puse, bet svarbiausia, kad automobilio neatiduotume tiems, kurie net ne\u017eino, kur yra stabdis\u201c, \u2013 pabr\u0117\u017e\u0117 ji.<\/p>\n<p>Kaip skelb\u0117 ELTA, \u0161e\u0161tadien\u012f opozicin\u0117 TS-LKD partija susirinko \u012f suva\u017eiavim\u0105. Jame politin\u0117s j\u0117gos atstovai aptaria pasiruo\u0161im\u0105 art\u0117jantiems savivaldos rinkimams, taip pat tvirtins j\u0173 program\u0105.<\/p>\n<p>Be to, TS-LKD suva\u017eiavimas patvirtino dar vien\u0105 partijos pirmininko Lauryno Kas\u010di\u016bno pavaduotoj\u0105 Palangos mer\u0105 \u0160ar\u016bn\u0105 Vaitk\u0173. Pirmininko pavaduotojais jau yra Seimo nar\u0117s Gintar\u0117 Skaist\u0117, Radvil\u0117 Mork\u016bnait\u0117-Mikul\u0117nien\u0117, Europos Parlamento narys Paulius Saudargas, TS-LKD Kauno rajono skyriaus pirmininkas Justinas Urbanavi\u010dius, Vilniaus meras Valdas Benkunskas .<\/p>\n<p>Partijos suva\u017eiavime dalyvauja ir buv\u0119s Ukrainos prezidentas Petro Poro\u0161enka, Moldovos u\u017esienio reikal\u0173 ministras Mihajus Pop\u0161ojus.<\/p>\n<p>Suva\u017eiavime apdovanojimais \u201eLietuvos \u0105\u017euolai\u201c bus pagerbti nusipelniusieji Lietuvos Nepriklausomybei.<\/p>\n<p>Bir\u017eel\u012f partija patvirtino 13 kandidat\u0173 \u012f merus, o pra\u0117jus\u012f \u0161e\u0161tadien\u012f \u2013 dar 17.<\/p>\n<p>Patvirtino program\u0105<\/p>\n<p>TS-LKD \u0161e\u0161tadien\u012f patvirtino ir 2027 met\u0173 savivaldos rinkim\u0173 program\u0105, kurioje numatoma vietos gyventojams pristatyti po penkis konkre\u010dius \u012fsipareigojimus.<\/p>\n<p>Partijos patvirtintoje programoje \u201eSavivalda kiekvienai dienai\u201c i\u0161skiriami de\u0161imt bazini\u0173 savivaldos princip\u0173 ir partijos \u012fsipareigojim\u0173 modelis.<\/p>\n<p>Numatoma, kad kiekvienas TS-LKD vietos skyrius, be nacionalin\u0117s programos, vietos gyventojams pristatys penkis konkre\u010dius projektus savo savivaldyb\u0117je su ai\u0161kiais terminais, biud\u017eetu bei asmenine atsakomybe u\u017e rezultat\u0105.<\/p>\n<p>\u201eSavivaldyb\u0117s \u012fmoni\u0173 ir \u012fstaig\u0173 vadovai bus atrenkami pagal kompetencij\u0105, o ne politin\u012f lojalum\u0105. I\u0161 \u017emogaus nebus reikalaujama informacijos, kuri\u0105 valstyb\u0117s institucijos gali gauti pa\u010dios. M\u016bs\u0173 standartas \u2013 ma\u017eiau biurokratijos, daugiau pagarbos \u017emogaus laikui\u201c, \u2013 nurodoma partijos programoje.<\/p>\n<p>Konservatoriai programoje i\u0161skyr\u0117 keturis esminius prioritetus, kuriuos planuoja \u012fgyvendinti Lietuvos savivaldyb\u0117se \u2013 saugum\u0105 ir atsparum\u0105 kriz\u0117ms, \u0161eimai patogi\u0105 savivald\u0105, ma\u017eesnes s\u0105skaitas ir \u016bki\u0161k\u0105 valdym\u0105, taip pat palanki\u0105 aplink\u0105 darbui bei verslui.<\/p>\n<p>Partija programoje teigia \u012fsipareigojanti didinti parengt\u0173 priedang\u0173 skai\u010di\u0173, kurti \u201evietos atsparumo centrus\u201c, kurie kriz\u0117s metu u\u017etikrint\u0173 informacij\u0105, ry\u0161\u012f, atsargin\u0119 energij\u0105 bei laikin\u0105 prieglobst\u012f gyventojams. Numatoma u\u017etikrinti viet\u0105 dar\u017eelyje kiekvienam vaikui ir b\u016breli\u0173 pasiekiamum\u0105, pl\u0117sti visos dienos mokykl\u0173 tinkl\u0105.<\/p>\n<p>Taip pat teigiama, kad partija planuoja nuosekliai ma\u017einti energijos \u0161vaistym\u0105, pl\u0117toti vietin\u0119 energijos gamyb\u0105, atnaujinti labiausiai energij\u0105 eikvojan\u010dius savivaldybi\u0173 pastatus ir skaidrinti atliek\u0173 tvarkymo sistem\u0105. Be to, \u012fsipareigojama savivaldyb\u0117se kurti verslui palanki\u0105 infrastrukt\u016br\u0105.<\/p>\n<p>Kaip skelb\u0117 ELTA, \u0161e\u0161tadien\u012f opozicin\u0117 TS-LKD partija susirinko \u012f suva\u017eiavim\u0105. Jame politin\u0117s j\u0117gos atstovai aptar\u0117 pasiruo\u0161im\u0105 art\u0117jantiems savivaldos rinkimams.<\/p>\n<p>Taip pat TS-LKD suva\u017eiavimas patvirtino dar vien\u0105 partijos pirmininko Lauryno Kas\u010di\u016bno pavaduotoj\u0105 Palangos mer\u0105 \u0160ar\u016bn\u0105 Vaitk\u0173. Pirmininko pavaduotojais jau yra Seimo nar\u0117s Gintar\u0117 Skaist\u0117, Radvil\u0117 Mork\u016bnait\u0117-Mikul\u0117nien\u0117, Europos Parlamento narys Paulius Saudargas, TS-LKD Kauno rajono skyriaus pirmininkas Justinas Urbanavi\u010dius, Vilniaus meras Valdas Benkunskas.<\/p>\n<p>Partijos suva\u017eiavime dalyvavo ir buv\u0119s Ukrainos prezidentas Petro Poro\u0161enka, Moldovos u\u017esienio reikal\u0173 ministras Mihajus Pop\u0161ojus.<\/p>\n<p>Suva\u017eiavime apdovanojimais \u201eLietuvos \u0105\u017euolai\u201c pagerbti nusipelniusieji Lietuvos Nepriklausomybei.<\/p>\n<p>Bir\u017eel\u012f partija patvirtino 13 kandidat\u0173 \u012f merus, o pra\u0117jus\u012f \u0161e\u0161tadien\u012f \u2013 dar 17.<\/p>\n<p>ELTA primena, kad eiliniai savivaldybi\u0173 taryb\u0173 ir mer\u0173 rinkimai Lietuvoje vyks 2027 m. pavasar\u012f.<\/p>\n","protected":false},"excerpt":{"rendered":"J\u012f savo kalba prad\u0117jo partijos pirmininkas Laurynas Kas\u010di\u016bnas, akcentav\u0119s ne tik TS-LKD krypt\u012f, bet ir artimiausius darbus. Laurynas&hellip;\n","protected":false},"author":2,"featured_media":269793,"comment_status":"","ping_status":"","sticky":false,"template":"","format":"standard","meta":{"footnotes":"","_share_on_mastodon":"0"},"categories":[13],"tags":[25,30,31,34,35,24,32,33,37,39,36,38,40,23,22,28,29,26,27],"class_list":["post-269792","post","type-post","status-publish","format-standard","has-post-thumbnail","category-lietuva","tag-antrastes","tag-breaking-news","tag-breakingnews","tag-featured-news","tag-featurednews","tag-headlines","tag-latest-news","tag-latestnews","tag-lietuva","tag-lietuviu","tag-lithuania","tag-lithuanian","tag-lt","tag-naujienos","tag-news","tag-populiariausios-naujienos","tag-populiariausiosnaujienos","tag-top-stories","tag-topstories"],"share_on_mastodon":{"url":"https:\/\/pubeurope.com\/@lt\/117218279674209424","error":""},"_links":{"self":[{"href":"https:\/\/www.europesays.com\/lt\/wp-json\/wp\/v2\/posts\/269792","targetHints":{"allow":["GET"]}}],"collection":[{"href":"https:\/\/www.europesays.com\/lt\/wp-json\/wp\/v2\/posts"}],"about":[{"href":"https:\/\/www.europesays.com\/lt\/wp-json\/wp\/v2\/types\/post"}],"author":[{"embeddable":true,"href":"https:\/\/www.europesays.com\/lt\/wp-json\/wp\/v2\/users\/2"}],"replies":[{"embeddable":true,"href":"https:\/\/www.europesays.com\/lt\/wp-json\/wp\/v2\/comments?post=269792"}],"version-history":[{"count":0,"href":"https:\/\/www.europesays.com\/lt\/wp-json\/wp\/v2\/posts\/269792\/revisions"}],"wp:featuredmedia":[{"embeddable":true,"href":"https:\/\/www.europesays.com\/lt\/wp-json\/wp\/v2\/media\/269793"}],"wp:attachment":[{"href":"https:\/\/www.europesays.com\/lt\/wp-json\/wp\/v2\/media?parent=269792"}],"wp:term":[{"taxonomy":"category","embeddable":true,"href":"https:\/\/www.europesays.com\/lt\/wp-json\/wp\/v2\/categories?post=269792"},{"taxonomy":"post_tag","embeddable":true,"href":"https:\/\/www.europesays.com\/lt\/wp-json\/wp\/v2\/tags?post=269792"}],"curies":[{"name":"wp","href":"https:\/\/api.w.org\/{rel}","templated":true}]}}