{"id":269798,"date":"2026-09-05T12:00:21","date_gmt":"2026-09-05T12:00:21","guid":{"rendered":"https:\/\/www.europesays.com\/lt\/269798\/"},"modified":"2026-09-05T12:00:21","modified_gmt":"2026-09-05T12:00:21","slug":"elektros-lietuvoje-dar-neturi-apie-3-tukst-vartotoju-kokios-kompensacijos-priklauso-verslas","status":"publish","type":"post","link":"https:\/\/www.europesays.com\/lt\/269798\/","title":{"rendered":"Elektros Lietuvoje dar neturi apie 3 t\u016bkst. vartotoj\u0173: kokios kompensacijos priklauso? | Verslas"},"content":{"rendered":"<p>Prane\u0161ama, jog sud\u0117tingiausia situacija \u2013 Utenos rajone, Zarasuose, Anyk\u0161\u010diuose, Visagine, Radvili\u0161kio savivaldyb\u0117je \u2013 \u010dia elektros neturi 1,9 t\u016bkst. klient\u0173.<\/p>\n<p>Operatoriaus teigimu, darbus apsunkina lietus ir pakil\u0119s v\u0117jas. Did\u017eiausios paj\u0117gos \u0161iuo metu sutelktos Utenos regione.<\/p>\n<p>Kauno, \u0160iauli\u0173, Klaip\u0117dos, Prien\u0173 savivaldyb\u0117se fiksuoti nauji sutrikimai.<\/p>\n","protected":false},"excerpt":{"rendered":"Prane\u0161ama, jog sud\u0117tingiausia situacija \u2013 Utenos rajone, Zarasuose, Anyk\u0161\u010diuose, Visagine, Radvili\u0161kio savivaldyb\u0117je \u2013 \u010dia elektros neturi 1,9 t\u016bkst.&hellip;\n","protected":false},"author":2,"featured_media":269799,"comment_status":"","ping_status":"","sticky":false,"template":"","format":"standard","meta":{"footnotes":"","_share_on_mastodon":"0"},"categories":[13],"tags":[25,30,31,34,35,24,32,33,37,39,36,38,40,23,22,28,29,26,27],"class_list":["post-269798","post","type-post","status-publish","format-standard","has-post-thumbnail","category-lietuva","tag-antrastes","tag-breaking-news","tag-breakingnews","tag-featured-news","tag-featurednews","tag-headlines","tag-latest-news","tag-latestnews","tag-lietuva","tag-lietuviu","tag-lithuania","tag-lithuanian","tag-lt","tag-naujienos","tag-news","tag-populiariausios-naujienos","tag-populiariausiosnaujienos","tag-top-stories","tag-topstories"],"share_on_mastodon":{"url":"https:\/\/pubeurope.com\/@lt\/117218326808613013","error":""},"_links":{"self":[{"href":"https:\/\/www.europesays.com\/lt\/wp-json\/wp\/v2\/posts\/269798","targetHints":{"allow":["GET"]}}],"collection":[{"href":"https:\/\/www.europesays.com\/lt\/wp-json\/wp\/v2\/posts"}],"about":[{"href":"https:\/\/www.europesays.com\/lt\/wp-json\/wp\/v2\/types\/post"}],"author":[{"embeddable":true,"href":"https:\/\/www.europesays.com\/lt\/wp-json\/wp\/v2\/users\/2"}],"replies":[{"embeddable":true,"href":"https:\/\/www.europesays.com\/lt\/wp-json\/wp\/v2\/comments?post=269798"}],"version-history":[{"count":0,"href":"https:\/\/www.europesays.com\/lt\/wp-json\/wp\/v2\/posts\/269798\/revisions"}],"wp:featuredmedia":[{"embeddable":true,"href":"https:\/\/www.europesays.com\/lt\/wp-json\/wp\/v2\/media\/269799"}],"wp:attachment":[{"href":"https:\/\/www.europesays.com\/lt\/wp-json\/wp\/v2\/media?parent=269798"}],"wp:term":[{"taxonomy":"category","embeddable":true,"href":"https:\/\/www.europesays.com\/lt\/wp-json\/wp\/v2\/categories?post=269798"},{"taxonomy":"post_tag","embeddable":true,"href":"https:\/\/www.europesays.com\/lt\/wp-json\/wp\/v2\/tags?post=269798"}],"curies":[{"name":"wp","href":"https:\/\/api.w.org\/{rel}","templated":true}]}}