{"id":269804,"date":"2026-09-05T12:10:29","date_gmt":"2026-09-05T12:10:29","guid":{"rendered":"https:\/\/www.europesays.com\/lt\/269804\/"},"modified":"2026-09-05T12:10:29","modified_gmt":"2026-09-05T12:10:29","slug":"ugniagesiai-klaipedoje-is-apvirtusio-automobilio-islaisvino-prispausta-zmogu","status":"publish","type":"post","link":"https:\/\/www.europesays.com\/lt\/269804\/","title":{"rendered":"Ugniagesiai Klaip\u0117doje i\u0161 apvirtusio automobilio i\u0161laisvino prispaust\u0105 \u017emog\u0173"},"content":{"rendered":"<p>Prane\u0161imas apie avarij\u0105 buvo gautas 20.44 valand\u0105.<\/p>\n<p>Prie\u0161gaisrin\u0117s apsaugos ir gelb\u0117jimo departamento Situacij\u0173 koordinavimo skyriaus duomenimis, apsivert\u0117 automobilis \u201eVW Sharan\u201c, jame buvo prispaustas \u017emogus. Ugniagesiai gelb\u0117tojai, panaudoj\u0119 hidraulin\u0119 \u012frang\u0105, su\u017ealot\u0105 vyr\u0105 i\u0161laisvino ir perdav\u0117 greitosios pagalbos medikams. Pasak gelb\u0117toj\u0173, \u017emogus buvo s\u0105moningas.<\/p>\n","protected":false},"excerpt":{"rendered":"Prane\u0161imas apie avarij\u0105 buvo gautas 20.44 valand\u0105. Prie\u0161gaisrin\u0117s apsaugos ir gelb\u0117jimo departamento Situacij\u0173 koordinavimo skyriaus duomenimis, apsivert\u0117 automobilis&hellip;\n","protected":false},"author":2,"featured_media":269805,"comment_status":"","ping_status":"","sticky":false,"template":"","format":"standard","meta":{"footnotes":"","_share_on_mastodon":"0"},"categories":[13],"tags":[25,30,31,34,35,24,32,33,37,39,36,38,40,23,22,28,29,26,27],"class_list":["post-269804","post","type-post","status-publish","format-standard","has-post-thumbnail","category-lietuva","tag-antrastes","tag-breaking-news","tag-breakingnews","tag-featured-news","tag-featurednews","tag-headlines","tag-latest-news","tag-latestnews","tag-lietuva","tag-lietuviu","tag-lithuania","tag-lithuanian","tag-lt","tag-naujienos","tag-news","tag-populiariausios-naujienos","tag-populiariausiosnaujienos","tag-top-stories","tag-topstories"],"share_on_mastodon":{"url":"https:\/\/pubeurope.com\/@lt\/117218366249762073","error":""},"_links":{"self":[{"href":"https:\/\/www.europesays.com\/lt\/wp-json\/wp\/v2\/posts\/269804","targetHints":{"allow":["GET"]}}],"collection":[{"href":"https:\/\/www.europesays.com\/lt\/wp-json\/wp\/v2\/posts"}],"about":[{"href":"https:\/\/www.europesays.com\/lt\/wp-json\/wp\/v2\/types\/post"}],"author":[{"embeddable":true,"href":"https:\/\/www.europesays.com\/lt\/wp-json\/wp\/v2\/users\/2"}],"replies":[{"embeddable":true,"href":"https:\/\/www.europesays.com\/lt\/wp-json\/wp\/v2\/comments?post=269804"}],"version-history":[{"count":0,"href":"https:\/\/www.europesays.com\/lt\/wp-json\/wp\/v2\/posts\/269804\/revisions"}],"wp:featuredmedia":[{"embeddable":true,"href":"https:\/\/www.europesays.com\/lt\/wp-json\/wp\/v2\/media\/269805"}],"wp:attachment":[{"href":"https:\/\/www.europesays.com\/lt\/wp-json\/wp\/v2\/media?parent=269804"}],"wp:term":[{"taxonomy":"category","embeddable":true,"href":"https:\/\/www.europesays.com\/lt\/wp-json\/wp\/v2\/categories?post=269804"},{"taxonomy":"post_tag","embeddable":true,"href":"https:\/\/www.europesays.com\/lt\/wp-json\/wp\/v2\/tags?post=269804"}],"curies":[{"name":"wp","href":"https:\/\/api.w.org\/{rel}","templated":true}]}}