{"id":269810,"date":"2026-09-05T12:18:39","date_gmt":"2026-09-05T12:18:39","guid":{"rendered":"https:\/\/www.europesays.com\/lt\/269810\/"},"modified":"2026-09-05T12:18:39","modified_gmt":"2026-09-05T12:18:39","slug":"andrius-kubilius-lietuva-europinese-gynybos-diskusijose-lieka-nematoma","status":"publish","type":"post","link":"https:\/\/www.europesays.com\/lt\/269810\/","title":{"rendered":"Andrius Kubilius: Lietuva europin\u0117se gynybos diskusijose lieka nematoma"},"content":{"rendered":"<p>\u201eA\u0161 vis klausiu sav\u0119s, kod\u0117l Lietuva yra tokia nematoma tuose europiniuose debatuose, kurie lie\u010dia m\u016bs\u0173 gyvybinius interesus\u201c, \u2013 \u0161e\u0161tadien\u012f T\u0117vyn\u0117s s\u0105jungos-Lietuvos krik\u0161\u010dioni\u0173 demokrat\u0173 (TS-LKD) suva\u017eiavime kalb\u0117jo jis.<\/p>\n<p>\u201eAr mes galvojame, kad mes netur\u0117sime tokiose diskusijose jokios \u012ftakos, nes visk\u0105 spr\u0119s tik didieji; ar esame tiesiog abejingi tokioms permainoms europiniame name; (&#8230;) ar tiesiog nebeturime intelektinio potencialo tam, kad dalyvautume tokiuose svarstymuose\u201c, \u2013 klaus\u0117 politikas.<\/p>\n<p>Eurokomisaras pa\u017eym\u0117jo, jog Lietuva neturi joki\u0173 vie\u0161ai pristatyt\u0173 iniciatyv\u0173 ar pozicijos dokument\u0173 \u0161ia tema, nors \u0161alis tur\u0117t\u0173 siekti \u012ftakos formuojant sprendimus.<\/p>\n","protected":false},"excerpt":{"rendered":"\u201eA\u0161 vis klausiu sav\u0119s, kod\u0117l Lietuva yra tokia nematoma tuose europiniuose debatuose, kurie lie\u010dia m\u016bs\u0173 gyvybinius interesus\u201c, \u2013&hellip;\n","protected":false},"author":2,"featured_media":269811,"comment_status":"","ping_status":"","sticky":false,"template":"","format":"standard","meta":{"footnotes":"","_share_on_mastodon":"0"},"categories":[13],"tags":[25,30,31,34,35,24,32,33,37,39,36,38,40,23,22,28,29,26,27],"class_list":["post-269810","post","type-post","status-publish","format-standard","has-post-thumbnail","category-lietuva","tag-antrastes","tag-breaking-news","tag-breakingnews","tag-featured-news","tag-featurednews","tag-headlines","tag-latest-news","tag-latestnews","tag-lietuva","tag-lietuviu","tag-lithuania","tag-lithuanian","tag-lt","tag-naujienos","tag-news","tag-populiariausios-naujienos","tag-populiariausiosnaujienos","tag-top-stories","tag-topstories"],"share_on_mastodon":{"url":"https:\/\/pubeurope.com\/@lt\/117218397604831840","error":""},"_links":{"self":[{"href":"https:\/\/www.europesays.com\/lt\/wp-json\/wp\/v2\/posts\/269810","targetHints":{"allow":["GET"]}}],"collection":[{"href":"https:\/\/www.europesays.com\/lt\/wp-json\/wp\/v2\/posts"}],"about":[{"href":"https:\/\/www.europesays.com\/lt\/wp-json\/wp\/v2\/types\/post"}],"author":[{"embeddable":true,"href":"https:\/\/www.europesays.com\/lt\/wp-json\/wp\/v2\/users\/2"}],"replies":[{"embeddable":true,"href":"https:\/\/www.europesays.com\/lt\/wp-json\/wp\/v2\/comments?post=269810"}],"version-history":[{"count":0,"href":"https:\/\/www.europesays.com\/lt\/wp-json\/wp\/v2\/posts\/269810\/revisions"}],"wp:featuredmedia":[{"embeddable":true,"href":"https:\/\/www.europesays.com\/lt\/wp-json\/wp\/v2\/media\/269811"}],"wp:attachment":[{"href":"https:\/\/www.europesays.com\/lt\/wp-json\/wp\/v2\/media?parent=269810"}],"wp:term":[{"taxonomy":"category","embeddable":true,"href":"https:\/\/www.europesays.com\/lt\/wp-json\/wp\/v2\/categories?post=269810"},{"taxonomy":"post_tag","embeddable":true,"href":"https:\/\/www.europesays.com\/lt\/wp-json\/wp\/v2\/tags?post=269810"}],"curies":[{"name":"wp","href":"https:\/\/api.w.org\/{rel}","templated":true}]}}