{"id":269814,"date":"2026-09-05T12:21:48","date_gmt":"2026-09-05T12:21:48","guid":{"rendered":"https:\/\/www.europesays.com\/lt\/269814\/"},"modified":"2026-09-05T12:21:48","modified_gmt":"2026-09-05T12:21:48","slug":"skyrybas-isgyvenancios-simonos-lipnes-gyvenime-netiketa-zinia","status":"publish","type":"post","link":"https:\/\/www.europesays.com\/lt\/269814\/","title":{"rendered":"Skyrybas i\u0161gyvenan\u010dios Simonos Lipn\u0117s gyvenime \u2013 netik\u0117ta \u017einia"},"content":{"rendered":"<p class=\"intro text-19 xs:text-21 xs:leading-[30px] md:text-22 mb-5 font-semibold leading-[28px] md:pt-0 md:leading-[33px] first-letter:text-primary first-letter:font-libre md:first-letter:text-81 first-letter:float-left first-letter:mr-2 first-letter:text-[67px] first-letter:leading-[55px] md:mb-10 md:first-letter:mr-3 md:first-letter:leading-[66px]\">Vienintelis \u0161ou, kurio niekas nenori laim\u0117ti \u2013 \u201eTautos bukiausias\u201c. Net 12 A lygio garsenybi\u0173 pri\u0117m\u0117 dr\u0105siausi\u0105 jiems mest\u0105 i\u0161\u0161\u016bk\u012f ir sutiko trumpam gr\u012f\u017eti \u012f mokyklos suol\u0105. O \u010dia jiems ne tik teks vykdyti pa\u010dias \u012fvairiausias u\u017eduotis ir susidraugauti su kitais klas\u0117s draugais, bet ir \u012ftikti dviem mokytojams \u2013 Mantui Katleriui ir Mantui Bartu\u0161evi\u010diui. Verslinink\u0117, influencer\u0117 bei trynuk\u0173 mama Simona Lipn\u0117 \u2013 viena i\u0161 t\u0173, kuri tapo \u0161ios garsiausios Lietuvos klas\u0117s dalimi.<\/p>\n<p>Per pastaruosius m\u0117nesius Simonos gyvenimas kardinaliai pasikeit\u0117. Trynuk\u0173 mama i\u0161gyvena sunk\u0173 laikotarp\u012f \u2013 skiriasi su vyru, o kone kiekviena j\u0173 skyryb\u0173 detal\u0117 kasdien aptarin\u0117jama vie\u0161ojoje erdv\u0117je.<\/p>\n<p>Tod\u0117l \u0161is TV3 televizijos \u0161ou \u012f S.Lipn\u0117s gyvenim\u0105 at\u0117jo pa\u010diu metu \u2013 b\u016btent tada, kai labiausiai reik\u0117jo savo kasdienybei suteikti bent kiek \u0161viesesni\u0173 spalv\u0173.<\/p>\n<p> <a href=\"https:\/\/img.15min.lt\/resize?i=%2Fimages%2Fphotos%2F2026%2F09%2F04%2Foriginal%2Fsimona-lipne-projekte-tautos-bukiausias-6a9ac057e2c44.jpg&amp;o=webp&amp;w=1920&amp;h=1280\" rel=\"nofollow noopener\" target=\"_blank\"><img alt=\"Simona Lipn\u0117 projekte \u201eTautos bukiausias\u201c \/ V.Juzel\u0117no nuotr.\" id=\"1mKvB4E8YMyQW2Yz\" loading=\"lazy\" width=\"800\" height=\"533\" decoding=\"async\" data-nimg=\"1\" class=\"mx-auto\" style=\"color:transparent\" src=\"https:\/\/www.europesays.com\/lt\/wp-content\/uploads\/2026\/09\/1788610907_538_crop.webp\"\/><\/a><\/p>\n<p>Simona Lipn\u0117 projekte \u201eTautos bukiausias\u201c \/ V.Juzel\u0117no nuotr.<\/p>\n<p>\u201e\u0160io projekto pavadinimas \u2013 \u201eTautos bukiausias\u201c \u2013 i\u0161 prad\u017ei\u0173 buvo kabliukas, d\u0117l kurio abejojau. Bet v\u0117liau pagalvojau i\u0161 kitos pus\u0117s \u2013 galb\u016bt \u0161iuo gyvenimo etapu man b\u016bt\u0173 visai smagu ka\u017ekur dalyvauti, imtis ka\u017eko naujo, eiti ir daryti. O juk tai \u2013 pasaulinio garso projektas, kuris kuriamas ir Lietuvoje\u201c, \u2013 sako Simona.<\/p>\n<p>Anot S.Lipn\u0117s, \u0161iame \u0161ou viskas paprasta atrodo tik i\u0161 pirmo \u017evilgsnio. O prad\u0117jus vykdyti u\u017eduotis, staiga suima did\u017eiulis noras pasitempti. Visgi, kaip sako \u017einoma moteris, viso pasaulio \u017eini\u0173 per vien\u0105 nakt\u012f tikrai nei\u0161moksi.<\/p>\n<p>\u201eN\u0117 ne\u012fsivaizdavau, kas taps mano klas\u0117s draugais, tod\u0117l labai apsid\u017eiaugiau pama\u010diusi, tarp koki\u0173 \u017emoni\u0173 esu pakviesta ir a\u0161. Kiti dalyviai mane i\u0161 tikr\u0173j\u0173 labai nustebino. Garb\u0117 \u010dia b\u016bti\u201c, \u2013 pripa\u017e\u012fsta S.Lipn\u0117.<\/p>\n<p>Labiausiai Simonai patinka u\u017eduotys, kurios yra susietos su kalbomis, logika ar sportu. Visgi ji neslepia \u2013 stresas kartais tikrai gali paki\u0161ti koj\u0105. O labiausiai ji nelaukia biologijos, chemijos ir fizikos i\u0161bandym\u0173\u2026<\/p>\n<p>\u201eManau, kad kvailiausias yra tas \u017emogus, kuris ai\u0161kina, kad visk\u0105 \u017eino. Nes \u017emogus, kuris sako, kad visk\u0105 \u017eino, i\u0161 tikr\u0173j\u0173 ne\u017eino nieko\u201c, \u2013 sako ji.<\/p>\n<p> <a href=\"https:\/\/img.15min.lt\/resize?i=%2Fimages%2Fphotos%2F2026%2F09%2F04%2Foriginal%2Fsimona-lipne-projekte-tautos-bukiausias-6a9ac04e73dbb.jpg&amp;o=webp&amp;w=1920&amp;h=1280\" rel=\"nofollow noopener\" target=\"_blank\"><img alt=\"Simona Lipn\u0117 projekte \u201eTautos bukiausias\u201c \/ V.Juzel\u0117no nuotr.\" id=\"rK645gw624g5oZ90\" loading=\"lazy\" width=\"800\" height=\"533\" decoding=\"async\" data-nimg=\"1\" class=\"mx-auto\" style=\"color:transparent\" src=\"https:\/\/www.europesays.com\/lt\/wp-content\/uploads\/2026\/09\/1788610907_162_crop.webp\"\/><\/a><\/p>\n<p>Simona Lipn\u0117 projekte \u201eTautos bukiausias\u201c \/ V.Juzel\u0117no nuotr.<\/p>\n<p>Simona dalijasi ir savo gyvenimi\u0161ka patirtimi \u2013 moteris ne kart\u0105 mat\u0117, kaip \u0161alia esantys \u017emon\u0117s atsisako tobul\u0117ti ir bijo suklysti. O net ir suklyd\u0119, to niekada nepripa\u017e\u012fsta.<\/p>\n<p>\u201eO a\u0161 galvoju, kad geriau yra pripa\u017einti suklydus ir eiti toliau\u201c, \u2013 savo nuomone dalijasi Simona.<\/p>\n<p>T\u0105 Simona sieks \u012frodyti ir projekte. Kad ne tik geba i\u0161 sav\u0119s pasijuokti, bet ir gali pripa\u017einti suklydusi. Ji nesijaudins net ir tais atvejais, jei ko ne\u017einos ar neatsimins. Anot Simonos, savo \u017einias visada galima atnaujinti.<\/p>\n<p> <a href=\"https:\/\/img.15min.lt\/resize?i=%2Fimages%2Fphotos%2F2026%2F09%2F04%2Foriginal%2Fsimona-lipne-projekte-tautos-bukiausias-6a9ac05a3ba9e.jpg&amp;o=webp&amp;w=1920&amp;h=1280\" rel=\"nofollow noopener\" target=\"_blank\"><img alt=\"Simona Lipn\u0117 projekte \u201eTautos bukiausias\u201c \/ V.Juzel\u0117no nuotr.\" id=\"o3LO5q2L3eJBE04x\" loading=\"lazy\" width=\"800\" height=\"533\" decoding=\"async\" data-nimg=\"1\" class=\"mx-auto\" style=\"color:transparent\" src=\"https:\/\/www.europesays.com\/lt\/wp-content\/uploads\/2026\/09\/1788610908_647_crop.webp\"\/><\/a><\/p>\n<p>Simona Lipn\u0117 projekte \u201eTautos bukiausias\u201c \/ V.Juzel\u0117no nuotr.<\/p>\n<p>Tiesa, ji neslepia \u2013 \u0161io \u0161ou laim\u0117ti tikrai nenor\u0117t\u0173, ir tikisi i\u0161kristi bent jau jo viduryje: \u201eJ\u0117zau, man tai baisu! Nor\u0117\u010diau bent viduryje i\u0161kristi, nes \u017einau, kad pasipils lavina visokiausi\u0173 komentar\u0173. Suprantu, kad vieni \u012f \u0161\u012f projekt\u0105 \u017evelgs ironi\u0161kai, o kitiems tai taps kabliuku. Bet \u010dia \u2013 \u017eaidimas, tiesiog reikia priimti tai kaip pramog\u0105.\u201c<\/p>\n<p>Taip pat skaitykite<\/p>\n<p><a class=\"peer relative block w-full mb-0\" data-ga-track=\"article_related_articles\" data-ga-vars=\"0,swipeable,0,editorial,photo\" href=\"https:\/\/zmones.15min.lt\/naujiena\/netiketa-naujiena-oksanos-pikul-gyvenime-kai-supratau-zagtelejau-645gX8JkBoZ\" rel=\"nofollow noopener\" target=\"_blank\"><img alt=\"Netik\u0117ta naujiena Oksanos Pikul gyvenime: \u201eKai supratau \u2013 \u017eagtel\u0117jau!\u201c\" id=\"o3LO5q2LzjdBE04x\" loading=\"lazy\" decoding=\"async\" data-nimg=\"fill\" style=\"position:absolute;height:100%;width:100%;left:0;top:0;right:0;bottom:0;color:transparent\" src=\"https:\/\/www.europesays.com\/lt\/wp-content\/uploads\/2026\/09\/1788610908_607_crop.webp\"\/><\/a><a class=\"peer relative block w-full mb-0\" data-ga-track=\"article_related_articles\" data-ga-vars=\"0,swipeable,1,editorial,photo\" href=\"https:\/\/zmones.15min.lt\/naujiena\/ausros-maldeikienes-ir-jos-marcios-agnes-turskienes-gyvenime-netiketas-posukis-o-kodel-man-turetu-buti-geda-W7Vvp80gB2A\" rel=\"nofollow noopener\" target=\"_blank\"><img alt=\"Au\u0161ros Maldeikien\u0117s ir jos mar\u010dios Agn\u0117s Turskien\u0117s gyvenime \u2013 netik\u0117tas pos\u016bkis: \u201eO kod\u0117l man tur\u0117t\u0173 b\u016bti g\u0117da?\u201c\" id=\"MgYe5K4zq1wBbk71\" loading=\"lazy\" decoding=\"async\" data-nimg=\"fill\" style=\"position:absolute;height:100%;width:100%;left:0;top:0;right:0;bottom:0;color:transparent\" src=\"https:\/\/www.europesays.com\/lt\/wp-content\/uploads\/2026\/09\/1788610908_536_crop.webp\"\/><\/a> <\/p>\n<p>Visgi, kad ir kaip viskas pasibaigt\u0173, Simona pripa\u017e\u012fsta \u2013 \u0161is \u0161ou \u012f jos gyvenim\u0105 at\u0117jo pa\u010diu tinkamiausiu metu. Ypa\u010d tod\u0117l, kad verslinink\u0117 kasdien patiria itin daug streso.<\/p>\n<p>\u201eTarp filmavim\u0173 a\u0161 turiu tikrinti visokius siun\u010diamus ra\u0161tus, d\u0117ti para\u0161us, spr\u0119sti problemas, daryti pavedimus ir taip toliau. Nesl\u0117psiu, kad sunku visa tai suderinti \u2013 kartais mintimis esu kitur. Bet \u010dia save pagaunu vis atitr\u016bkstan\u010di\u0105. Man tai yra ne\u012ftik\u0117tina, nes a\u0161 jau keturis m\u0117nesius neatitr\u016bkstu nuo nieko. \u0160ioje vietoje \u0161is projektas man labai padeda. Tai \u2013 kaip terapija. A\u0161 \u010dia labai daug juokiuosi, o pastaruoju metu i\u0161 viso nesijuokiau d\u0117l nieko. I\u0161 \u010dia i\u0161sine\u0161iu tik geriausias emocijas\u201c, \u2013 pokalb\u012f baigia ji.<\/p>\n<p>\u201eTautos bukiausias\u201c premjera \u2013 sekmadien\u012f, 19.30 val. per TV3.<\/p>\n","protected":false},"excerpt":{"rendered":"Vienintelis \u0161ou, kurio niekas nenori laim\u0117ti \u2013 \u201eTautos bukiausias\u201c. Net 12 A lygio garsenybi\u0173 pri\u0117m\u0117 dr\u0105siausi\u0105 jiems mest\u0105&hellip;\n","protected":false},"author":2,"featured_media":269815,"comment_status":"","ping_status":"","sticky":false,"template":"","format":"standard","meta":{"footnotes":"","_share_on_mastodon":"0"},"categories":[21],"tags":[113,37,39,36,38,40,114],"class_list":["post-269814","post","type-post","status-publish","format-standard","has-post-thumbnail","category-pramogos","tag-entertainment","tag-lietuva","tag-lietuviu","tag-lithuania","tag-lithuanian","tag-lt","tag-pramogos"],"share_on_mastodon":{"url":"https:\/\/pubeurope.com\/@lt\/117218413857969167","error":""},"_links":{"self":[{"href":"https:\/\/www.europesays.com\/lt\/wp-json\/wp\/v2\/posts\/269814","targetHints":{"allow":["GET"]}}],"collection":[{"href":"https:\/\/www.europesays.com\/lt\/wp-json\/wp\/v2\/posts"}],"about":[{"href":"https:\/\/www.europesays.com\/lt\/wp-json\/wp\/v2\/types\/post"}],"author":[{"embeddable":true,"href":"https:\/\/www.europesays.com\/lt\/wp-json\/wp\/v2\/users\/2"}],"replies":[{"embeddable":true,"href":"https:\/\/www.europesays.com\/lt\/wp-json\/wp\/v2\/comments?post=269814"}],"version-history":[{"count":0,"href":"https:\/\/www.europesays.com\/lt\/wp-json\/wp\/v2\/posts\/269814\/revisions"}],"wp:featuredmedia":[{"embeddable":true,"href":"https:\/\/www.europesays.com\/lt\/wp-json\/wp\/v2\/media\/269815"}],"wp:attachment":[{"href":"https:\/\/www.europesays.com\/lt\/wp-json\/wp\/v2\/media?parent=269814"}],"wp:term":[{"taxonomy":"category","embeddable":true,"href":"https:\/\/www.europesays.com\/lt\/wp-json\/wp\/v2\/categories?post=269814"},{"taxonomy":"post_tag","embeddable":true,"href":"https:\/\/www.europesays.com\/lt\/wp-json\/wp\/v2\/tags?post=269814"}],"curies":[{"name":"wp","href":"https:\/\/api.w.org\/{rel}","templated":true}]}}