{"id":269818,"date":"2026-09-05T12:28:44","date_gmt":"2026-09-05T12:28:44","guid":{"rendered":"https:\/\/www.europesays.com\/lt\/269818\/"},"modified":"2026-09-05T12:28:44","modified_gmt":"2026-09-05T12:28:44","slug":"neringa-venckiene-jautriai-prisimine-broli-drasiu-kedi-pasidalijo-zinute","status":"publish","type":"post","link":"https:\/\/www.europesays.com\/lt\/269818\/","title":{"rendered":"Neringa Venckien\u0117 jautriai prisimin\u0117 brol\u012f Dr\u0105si\u0173 Ked\u012f: pasidalijo \u017einute"},"content":{"rendered":"\n<p>Ji pamin\u0117jo velionio brolio Dr\u0105siaus Ked\u017eio gimimo dien\u0105 ir pa\u017eym\u0117jo, jog \u0161\u012f penktadien\u012f jam b\u016bt\u0173 su\u0117j\u0119 54 metai.<\/p>\n<p>  B\u016bt\u0173 \u0161vent\u0119s gimtadien\u012f <\/p>\n<p>\u201eDr\u0105siaus gimtadienis \u2013 54\u201c, \u2013 \u0161alia \u012fra\u0161o ra\u0161\u0117 moteris.<\/p>\n<p>Komentaruose nusidriek\u0117 palaikymas:<\/p>\n<p>\u201e\u0160iam kovotojui, didvyriui \u0161iandien b\u016bt\u0173 su\u0117j\u0119 54 metai. Li\u016bdna! Neringa, trys J\u016bs\u0173 ANGELAI SARGAI-DR\u0104SIUS,MAMYT\u0116 ir T\u0116VELIS\u2026\u201c<\/p>\n<p>\u201eN\u0117ra nei mamos, nei t\u0117\u010dio, nei brolio&#8230; Likote viena su did\u017eiuliu skausmu\u00a0kiek galite, laikykit\u0117s, ka\u017ekada viskas i\u0161lys \u012f pavir\u0161i\u0173.\u201c<\/p>\n<p>    Neteko t\u0117v\u0173 <\/p>\n<p>Primename, kad Garliavoje am\u017eino poilsio atgul\u0117\u00a0<a href=\"https:\/\/www.tv3.lt\/naujiena\/zmones\/neringos-venckienes-seimoje-skaudi-netektis-n1509593\" rel=\"nofollow noopener\" target=\"_blank\">Neringos Venckien\u0117s<\/a> t\u0117vai. Moteris \u0161iemet patyr\u0117 net dvi skaud\u017eias netektis \u2013 vos per kelis m\u0117nesius ji neteko abiej\u0173 t\u0117v\u0173: saus\u012f mir\u0117 mama, o baland\u012f \u2013 t\u0117tis. \u0160ird\u012f verian\u010di\u0105 akimirk\u0105 Neringai i\u0161tverti pad\u0117jo pats brangiausias \u017emogus \u2013 jos s\u016bnus.<\/p>\n<p>     <a href=\"https:\/\/www.tv3.lt\/Uploads\/UGallery\/photos\/5b\/c8\/89\/9c\/5bc8899c244889ac6d946ca93de3682f.jpg\" data-fancybox=\"photos-embed\" data-caption=\"Atsisveikinimas su Laimute Kediene ir Vytautu Ked\u017eiu (nuotr. ELTA \/ Aurimas Barkauskas)\" target=\"_self\" rel=\"nofollow noopener\"> <img decoding=\"async\" class=\"photo-inside-article\" align=\"center\" alt=\"Atsisveikinimas su Laimute Kediene ir Vytautu Ked\u017eiu (nuotr. ELTA \/ Aurimas Barkauskas)\" title=\"Atsisveikinimas su Laimute Kediene ir Vytautu Ked\u017eiu (nuotr. ELTA \/ Aurimas Barkauskas)\" src=\"https:\/\/www.europesays.com\/lt\/wp-content\/uploads\/2026\/09\/5bc8899c244889ac6d946ca93de3682f.jpg\" width=\"684\" height=\"654\" loading=\"lazy\" \/> <\/a><br \/>\nAtsisveikinimas su Laimute Kediene ir Vytautu Ked\u017eiu (nuotr. ELTA \/ Aurimas Barkauskas) <\/p>\n<p>Laimut\u0117\u00a0ir Vytautas Ked\u017eiai palaidotas ypatingoje vietoje \u2013 \u0161alia savo s\u016bnaus\u00a0Dr\u0105siaus Ked\u017eio.<\/p>\n<p>\n                                        \u0160altinis:<br \/>\n                                                                                    tv3.lt\n                                                                                <\/p>\n<p>Kvie\u010diame atrasti nauj\u0105 tv3.lt turin\u012f! Nuo \u0161iol portale j\u016bs\u0173 laukia ne tik <a href=\"https:\/\/www.tv3.lt\/testai\" rel=\"nofollow noopener\" target=\"_blank\">kasdien nauji testai<\/a>, bet ir <a href=\"https:\/\/www.tv3.lt\/kryziazodziai\" rel=\"nofollow noopener\" target=\"_blank\">kry\u017eia\u017eod\u017eiai <\/a>\u2013 i\u0161bandykite savo \u017einias, spr\u0119skite ir smagiai praleiskite laik\u0105. <\/p>\n","protected":false},"excerpt":{"rendered":"Ji pamin\u0117jo velionio brolio Dr\u0105siaus Ked\u017eio gimimo dien\u0105 ir pa\u017eym\u0117jo, jog \u0161\u012f penktadien\u012f jam b\u016bt\u0173 su\u0117j\u0119 54 metai.&hellip;\n","protected":false},"author":2,"featured_media":269819,"comment_status":"","ping_status":"","sticky":false,"template":"","format":"standard","meta":{"footnotes":"","_share_on_mastodon":"0"},"categories":[13],"tags":[38943,25,30,31,57,43,34,35,55,48,24,54,51,49,50,32,33,37,39,36,38,40,45,23,22,44,28,29,53,42,56,47,26,27,41,46,58,52],"class_list":["post-269818","post","type-post","status-publish","format-standard","has-post-thumbnail","category-lietuva","tag-2026-09-05-095200","tag-antrastes","tag-breaking-news","tag-breakingnews","tag-daiktai","tag-dienos-kronika","tag-featured-news","tag-featurednews","tag-gatves-tekstai","tag-gyvenimas","tag-headlines","tag-interneto-pievos","tag-keliones","tag-kultura","tag-laisvalaikis","tag-latest-news","tag-latestnews","tag-lietuva","tag-lietuviu","tag-lithuania","tag-lithuanian","tag-lt","tag-mokslas-ir-it","tag-naujienos","tag-news","tag-pasaulis","tag-populiariausios-naujienos","tag-populiariausiosnaujienos","tag-projektai","tag-rinktiniai-tekstai","tag-simtmecio-portalas","tag-sportas","tag-top-stories","tag-topstories","tag-tv3-lt","tag-verslas","tag-video","tag-zaidimai"],"share_on_mastodon":{"url":"","error":"Validation failed: Text character limit of 500 exceeded"},"_links":{"self":[{"href":"https:\/\/www.europesays.com\/lt\/wp-json\/wp\/v2\/posts\/269818","targetHints":{"allow":["GET"]}}],"collection":[{"href":"https:\/\/www.europesays.com\/lt\/wp-json\/wp\/v2\/posts"}],"about":[{"href":"https:\/\/www.europesays.com\/lt\/wp-json\/wp\/v2\/types\/post"}],"author":[{"embeddable":true,"href":"https:\/\/www.europesays.com\/lt\/wp-json\/wp\/v2\/users\/2"}],"replies":[{"embeddable":true,"href":"https:\/\/www.europesays.com\/lt\/wp-json\/wp\/v2\/comments?post=269818"}],"version-history":[{"count":0,"href":"https:\/\/www.europesays.com\/lt\/wp-json\/wp\/v2\/posts\/269818\/revisions"}],"wp:featuredmedia":[{"embeddable":true,"href":"https:\/\/www.europesays.com\/lt\/wp-json\/wp\/v2\/media\/269819"}],"wp:attachment":[{"href":"https:\/\/www.europesays.com\/lt\/wp-json\/wp\/v2\/media?parent=269818"}],"wp:term":[{"taxonomy":"category","embeddable":true,"href":"https:\/\/www.europesays.com\/lt\/wp-json\/wp\/v2\/categories?post=269818"},{"taxonomy":"post_tag","embeddable":true,"href":"https:\/\/www.europesays.com\/lt\/wp-json\/wp\/v2\/tags?post=269818"}],"curies":[{"name":"wp","href":"https:\/\/api.w.org\/{rel}","templated":true}]}}