{"id":269820,"date":"2026-09-05T12:33:45","date_gmt":"2026-09-05T12:33:45","guid":{"rendered":"https:\/\/www.europesays.com\/lt\/269820\/"},"modified":"2026-09-05T12:33:45","modified_gmt":"2026-09-05T12:33:45","slug":"is-legendinio-rokerio-luko-dziugi-zinia","status":"publish","type":"post","link":"https:\/\/www.europesays.com\/lt\/269820\/","title":{"rendered":"I\u0161 legendinio Rokerio Luko \u2013 d\u017eiugi \u017einia"},"content":{"rendered":"\n<p>\u0160ia d\u017eiugi\u0105 \u017eini\u0105 jis pavie\u0161ino Facebook platformoje.<\/p>\n<p>  Paskelb\u0117 naujien\u0105 <\/p>\n<p>Socialiniame tinkle jis atsiv\u0117r\u0117, kad \u0161i daina\u00a0\u2013 naujo k\u016brybinio etapo prad\u017eia. \u012e muzikos pasaul\u012f neseniai gr\u012f\u017e\u0119s vyras ra\u0161\u0117:<\/p>\n<p>\u201eKartais visk\u0105 reikia prad\u0117ti nuo prad\u017ei\u0173, net jei atrodo, kad jau per v\u0117lu&#8230;<\/p>\n<p>\u201eLEISK MAN\u201c \u2013 mano nauja autorin\u0117 daina apie sunk\u0173 keli\u0105, kai bandai susirinkti save i\u0161 naujo.<\/p>\n<p>Dainos \u017eod\u017eiai ir melodija gim\u0117 labai spontani\u0161kai \u2013\u00a0kai buvau vienas tyloje. Tai past\u016bm\u0117jo \u012f k\u016bryb\u0105 \u012fsilieti dar labiau \u2013 ne tik atlikau dain\u0105, bet ir pats aktyviai prisid\u0117jau prie teksto bei muzikos k\u016brimo. Tod\u0117l \u0161i daina man ypa\u010d asmeni\u0161ka, o d\u0117ka talentingo \u017emogaus pagalbos \u2013\u00a0tai tapo k\u016briniu.<\/p>\n<p>Mano nauja daina jau YouTube platformoje! Nuorod\u0105 palieku komentare.<\/p>\n<p>O ar tu esi gyvenime prad\u0117j\u0119s ka\u017ek\u0105 nuo prad\u017ei\u0173?\u201c<\/p>\n<p>Luko Liepinai\u010dio nauj\u0105 dain\u0105 galite i\u0161girsti YouTube:<\/p>\n<p>\u00a0<\/p>\n<p>\n                                        \u0160altinis:<br \/>\n                                                                                    tv3.lt\n                                                                                <\/p>\n<p>Kvie\u010diame atrasti nauj\u0105 tv3.lt turin\u012f! Nuo \u0161iol portale j\u016bs\u0173 laukia ne tik <a href=\"https:\/\/www.tv3.lt\/testai\" rel=\"nofollow noopener\" target=\"_blank\">kasdien nauji testai<\/a>, bet ir <a href=\"https:\/\/www.tv3.lt\/kryziazodziai\" rel=\"nofollow noopener\" target=\"_blank\">kry\u017eia\u017eod\u017eiai <\/a>\u2013 i\u0161bandykite savo \u017einias, spr\u0119skite ir smagiai praleiskite laik\u0105. <\/p>\n","protected":false},"excerpt":{"rendered":"\u0160ia d\u017eiugi\u0105 \u017eini\u0105 jis pavie\u0161ino Facebook platformoje. Paskelb\u0117 naujien\u0105 Socialiniame tinkle jis atsiv\u0117r\u0117, kad \u0161i daina\u00a0\u2013 naujo k\u016brybinio&hellip;\n","protected":false},"author":2,"featured_media":269821,"comment_status":"","ping_status":"","sticky":false,"template":"","format":"standard","meta":{"footnotes":"","_share_on_mastodon":"0"},"categories":[21],"tags":[38944,57,43,113,55,48,54,51,49,50,37,39,36,38,40,45,23,44,114,53,42,56,47,41,46,58,52],"class_list":["post-269820","post","type-post","status-publish","format-standard","has-post-thumbnail","category-pramogos","tag-2026-09-04-132500","tag-daiktai","tag-dienos-kronika","tag-entertainment","tag-gatves-tekstai","tag-gyvenimas","tag-interneto-pievos","tag-keliones","tag-kultura","tag-laisvalaikis","tag-lietuva","tag-lietuviu","tag-lithuania","tag-lithuanian","tag-lt","tag-mokslas-ir-it","tag-naujienos","tag-pasaulis","tag-pramogos","tag-projektai","tag-rinktiniai-tekstai","tag-simtmecio-portalas","tag-sportas","tag-tv3-lt","tag-verslas","tag-video","tag-zaidimai"],"share_on_mastodon":{"url":"https:\/\/pubeurope.com\/@lt\/117218456923356980","error":""},"_links":{"self":[{"href":"https:\/\/www.europesays.com\/lt\/wp-json\/wp\/v2\/posts\/269820","targetHints":{"allow":["GET"]}}],"collection":[{"href":"https:\/\/www.europesays.com\/lt\/wp-json\/wp\/v2\/posts"}],"about":[{"href":"https:\/\/www.europesays.com\/lt\/wp-json\/wp\/v2\/types\/post"}],"author":[{"embeddable":true,"href":"https:\/\/www.europesays.com\/lt\/wp-json\/wp\/v2\/users\/2"}],"replies":[{"embeddable":true,"href":"https:\/\/www.europesays.com\/lt\/wp-json\/wp\/v2\/comments?post=269820"}],"version-history":[{"count":0,"href":"https:\/\/www.europesays.com\/lt\/wp-json\/wp\/v2\/posts\/269820\/revisions"}],"wp:featuredmedia":[{"embeddable":true,"href":"https:\/\/www.europesays.com\/lt\/wp-json\/wp\/v2\/media\/269821"}],"wp:attachment":[{"href":"https:\/\/www.europesays.com\/lt\/wp-json\/wp\/v2\/media?parent=269820"}],"wp:term":[{"taxonomy":"category","embeddable":true,"href":"https:\/\/www.europesays.com\/lt\/wp-json\/wp\/v2\/categories?post=269820"},{"taxonomy":"post_tag","embeddable":true,"href":"https:\/\/www.europesays.com\/lt\/wp-json\/wp\/v2\/tags?post=269820"}],"curies":[{"name":"wp","href":"https:\/\/api.w.org\/{rel}","templated":true}]}}