{"id":269826,"date":"2026-09-05T12:38:13","date_gmt":"2026-09-05T12:38:13","guid":{"rendered":"https:\/\/www.europesays.com\/lt\/269826\/"},"modified":"2026-09-05T12:38:13","modified_gmt":"2026-09-05T12:38:13","slug":"norite-i-pensija-iseiti-anksciau-stai-ka-svarbu-zinoti-verslas","status":"publish","type":"post","link":"https:\/\/www.europesays.com\/lt\/269826\/","title":{"rendered":"Norite \u012f pensij\u0105 i\u0161eiti anks\u010diau? \u0160tai k\u0105 svarbu \u017einoti | Verslas"},"content":{"rendered":"<p>Kas gali gauti i\u0161ankstin\u0119 pensij\u0105?<\/p>\n<p>\u201eSodra\u201c primena, kad i\u0161ankstin\u0117 pensija gali b\u016bti skiriama, jei iki senatv\u0117s pensijos am\u017eiaus \u017emogui liko ne daugiau kaip 5 metai.<\/p>\n<p>Kitaip sakant, \u012f i\u0161ankstin\u0119 pensij\u0105 Lietuvoje \u0161iuo metu galima i\u0161eiti sulaukus 60 met\u0173, nes \u012fprastas pensinis am\u017eius Lietuvoje vyrams ir moterims yra 65 metai.<\/p>\n<p>Ta\u010diau vien to nepakaks. Asmuo taip pat turi sukaupti b\u016btin\u0105j\u012f sta\u017e\u0105. 2026 metais b\u016btinasis sta\u017eas yra 34,5 met\u0173.<\/p>\n<p>Taip pat \u201eSodros\u201c i\u0161ankstin\u0119 pensij\u0105 gali gauti \u017emogus, kuris niekur nedirba ir nevykdo savaranki\u0161kos veiklos, negauna kit\u0173 periodini\u0173 i\u0161mok\u0173 ir pajam\u0173 nei Lietuvoje, nei u\u017esienyje. Be to, i\u0161ankstin\u0117s pensijos negali gauti \u016bkininkai ar j\u0173 partneriai.<\/p>\n<p>Yra ir i\u0161im\u010di\u0173<\/p>\n<p>Tam tikroms gyventoj\u0173 grup\u0117ms taikomos kitokios s\u0105lygos.<\/p>\n","protected":false},"excerpt":{"rendered":"Kas gali gauti i\u0161ankstin\u0119 pensij\u0105? \u201eSodra\u201c primena, kad i\u0161ankstin\u0117 pensija gali b\u016bti skiriama, jei iki senatv\u0117s pensijos am\u017eiaus&hellip;\n","protected":false},"author":2,"featured_media":269827,"comment_status":"","ping_status":"","sticky":false,"template":"","format":"standard","meta":{"footnotes":"","_share_on_mastodon":"0"},"categories":[13],"tags":[25,30,31,34,35,24,32,33,37,39,36,38,40,23,22,28,29,26,27],"class_list":["post-269826","post","type-post","status-publish","format-standard","has-post-thumbnail","category-lietuva","tag-antrastes","tag-breaking-news","tag-breakingnews","tag-featured-news","tag-featurednews","tag-headlines","tag-latest-news","tag-latestnews","tag-lietuva","tag-lietuviu","tag-lithuania","tag-lithuanian","tag-lt","tag-naujienos","tag-news","tag-populiariausios-naujienos","tag-populiariausiosnaujienos","tag-top-stories","tag-topstories"],"share_on_mastodon":{"url":"https:\/\/pubeurope.com\/@lt\/117218476430534182","error":""},"_links":{"self":[{"href":"https:\/\/www.europesays.com\/lt\/wp-json\/wp\/v2\/posts\/269826","targetHints":{"allow":["GET"]}}],"collection":[{"href":"https:\/\/www.europesays.com\/lt\/wp-json\/wp\/v2\/posts"}],"about":[{"href":"https:\/\/www.europesays.com\/lt\/wp-json\/wp\/v2\/types\/post"}],"author":[{"embeddable":true,"href":"https:\/\/www.europesays.com\/lt\/wp-json\/wp\/v2\/users\/2"}],"replies":[{"embeddable":true,"href":"https:\/\/www.europesays.com\/lt\/wp-json\/wp\/v2\/comments?post=269826"}],"version-history":[{"count":0,"href":"https:\/\/www.europesays.com\/lt\/wp-json\/wp\/v2\/posts\/269826\/revisions"}],"wp:featuredmedia":[{"embeddable":true,"href":"https:\/\/www.europesays.com\/lt\/wp-json\/wp\/v2\/media\/269827"}],"wp:attachment":[{"href":"https:\/\/www.europesays.com\/lt\/wp-json\/wp\/v2\/media?parent=269826"}],"wp:term":[{"taxonomy":"category","embeddable":true,"href":"https:\/\/www.europesays.com\/lt\/wp-json\/wp\/v2\/categories?post=269826"},{"taxonomy":"post_tag","embeddable":true,"href":"https:\/\/www.europesays.com\/lt\/wp-json\/wp\/v2\/tags?post=269826"}],"curies":[{"name":"wp","href":"https:\/\/api.w.org\/{rel}","templated":true}]}}