{"id":26986,"date":"2025-10-28T08:34:23","date_gmt":"2025-10-28T08:34:23","guid":{"rendered":"https:\/\/www.europesays.com\/lt\/26986\/"},"modified":"2025-10-28T08:34:23","modified_gmt":"2025-10-28T08:34:23","slug":"trumpas-putinas-uzuot-isbandes-raketas-turetu-uzbaigti-kara-respublika-lt","status":"publish","type":"post","link":"https:\/\/www.europesays.com\/lt\/26986\/","title":{"rendered":"Trumpas: Putinas, u\u017euot i\u0161band\u0119s raketas, tur\u0117t\u0173 u\u017ebaigti kar\u0105 &#8211; Respublika.lt"},"content":{"rendered":"<p>    \u00d7<\/p>\n<p>    (1\/1) Vladimiras Putinas, Donaldas Trumpas. EPA-Eltos nuotr. <a href=\"https:\/\/www.respublika.lt\/uploads\/img\/catalog\/1\/photo_1_96017764.jpg\" class=\"swiper-photo-download\" download=\"\" rel=\"nofollow noopener\" target=\"_blank\">Atsisi\u0173sti<\/a><\/p>\n<p><img loading=\"lazy\" decoding=\"async\" src=\"https:\/\/www.respublika.lt\/lt\/naujienos\/pasaulis\/pasaulio_politika\/trumpas-putinas-uzuot-isbandes-raketas-turetu-uzbaigti-kara\/images\/ico_camera_white.gif\" class=\"camera\" width=\"22\" height=\"15\" alt=\"nuotr.\" style=\"position:relative; top:-2px; right:2px;\"\/> 1 nuotr.<\/p>\n<p>Vladimiras Putinas, Donaldas Trumpas. EPA-Eltos nuotr.<\/p>\n<p style=\"text-align: left;\">JAV prezidentas Donaldas Trumpas pirmadien\u012f parei\u0161k\u0117, kad Rusijos prezidento Vladimiro Putino prane\u0161imas apie branduolin\u0117s sparnuotosios raketos bandym\u0105 buvo nederamas.<\/p>\n<p style=\"text-align: justify;\" class=\"desktop_banner\">\u00a0<\/p>\n<p style=\"text-align: left;\">\u00a0<\/p>\n<p style=\"text-align: left;\">\u201eJis tur\u0117t\u0173 u\u017ebaigti kar\u0105 (Ukrainoje). Karas, tur\u0117j\u0119s trukti vien\u0105 savait\u0119, netrukus \u012f\u017eengs jau \u012f ketvirtus metus. \u0160tai k\u0105 jis tur\u0117t\u0173 daryti, u\u017euot i\u0161band\u0119s raketas\u201c, \u2013 \u017eurnalistams prezidento l\u0117ktuve \u201eAir Force One\u201c sak\u0117 D. Trumpas.<\/p>\n<p style=\"text-align: left;\">Sekmadien\u012f V. Putinas paskelb\u0117 apie s\u0117kming\u0105 galutin\u012f naujos branduolin\u0117s raketos \u201eBurevestnik\u201c, jo teigimu, turin\u010dios \u201eneribot\u0105 veikimo nuotol\u012f\u201c, bandym\u0105.\u00a0<\/p>\n<p style=\"text-align: left;\">D. Trumpas \u017ead\u0117jo greitai u\u017ebaigti kar\u0105 Ukrainoje, kai sausio m\u0117nes\u012f gr\u012f\u017eo \u012f Baltuosius r\u016bmus, ta\u010diau Maskvos ir Kijevo derybos \u012fstrigo, nepaisant JAV prezidento tarpininkavimo pastang\u0173.\u00a0<\/p>\n<p style=\"text-align: left;\">Rusijos prezidentas, prane\u0161\u0119s apie raketos bandym\u0105, \u012fsak\u0117 parengti \u201einfrastrukt\u016br\u0105, kad \u0161\u012f ginkl\u0105 prad\u0117t\u0173 naudoti Rusijos ginkluotosios paj\u0117gos\u201c. V. Putinas raket\u0105 pavadino \u201eunikaliu k\u016briniu, kurio pasaulyje neturi niekas kitas\u201c.\u00a0<\/p>\n<p style=\"text-align: left;\">Per pastar\u0105j\u012f bandym\u0105, \u012fvykdyt\u0105 spalio 21 d., raketa per \u201ema\u017edaug 15 valand\u0173\u201c \u012fveik\u0117 14 t\u016bkst. kilometr\u0173 atstum\u0105, tvirtino Rusijos generalinio \u0161tabo vir\u0161ininkas Valerijus Gerasimovas ir prid\u016br\u0117, kad tai n\u0117ra vir\u0161utin\u0117 \u0161io ginklo riba.<\/p>\n<p style=\"text-align: left;\">\u00a0<\/p>\n<p>Patiko straipsnis? Leisk mums apie tai su\u017einoti. Nepamir\u0161k pasidalinti Facebook! <\/p>\n<p><img loading=\"lazy\" decoding=\"async\" class=\"p2_social_circle_icon\" src=\"https:\/\/www.respublika.lt\/images\/thumbs_up.svg\" width=\"21\" height=\"22\" alt=\"L\"\/><\/p>\n<p><img loading=\"lazy\" decoding=\"async\" class=\"p2_social_circle_icon\" src=\"https:\/\/www.respublika.lt\/images\/facebook.svg\" alt=\"F\" width=\"22\" height=\"22\" style=\"filter: invert(37%) sepia(55%) saturate(2351%) hue-rotate(187deg) brightness(102%) contrast(106%);\"\/><\/p>\n<p>&#13;<br \/>\n\tNesutinkate &#8211; diskutuokime!<br \/>&#13;<br \/>\n\tNepykite komentatoriai, bet komentarai su keiksma\u017eod\u017eiais bus \u0161alinami automati\u0161kai, be atsipra\u0161ymo.\n    <\/p>\n<p>&#13;<br \/>\n              Respublika.lt pasilieka teis\u0119 pa\u0161alinti nekult\u016bringus, keiksma\u017eod\u017eiais pagardintus, su tema nesusijusius, kito asmens vardu pasira\u0161ytus, \u012fstatymus pa\u017eeid\u017eian\u010dius, \u0161lam\u0161t\u0105 reklamuojan\u010dius ar nusikalsti kurstan\u010dius komentarus. Jei kurstysite smurt\u0105, rasin\u0119, tautin\u0119, religin\u0119 ar kitokio pob\u016bd\u017eio neapykant\u0105, \u017evirbliu i\u0161skrid\u0119 j\u016bs\u0173 \u017eod\u017eiai gr\u012f\u017edami gali virsti ton\u0105 sverian\u010diu jau\u010diu &#8211; specialiosioms Lietuvos tarnyboms pareikalavus suteiksime j\u016bs\u0173 duomenis.\n            <\/p>\n","protected":false},"excerpt":{"rendered":"\u00d7 (1\/1) Vladimiras Putinas, Donaldas Trumpas. EPA-Eltos nuotr. Atsisi\u0173sti 1 nuotr. Vladimiras Putinas, Donaldas Trumpas. EPA-Eltos nuotr. JAV&hellip;\n","protected":false},"author":2,"featured_media":26987,"comment_status":"","ping_status":"","sticky":false,"template":"","format":"standard","meta":{"footnotes":""},"categories":[6],"tags":[25,7878,30,31,34,35,24,223,815,32,33,37,39,36,38,40,23,22,28,29,2370,4562,119,26,27,1270,360],"class_list":{"0":"post-26986","1":"post","2":"type-post","3":"status-publish","4":"format-standard","5":"has-post-thumbnail","7":"category-antrastes","8":"tag-antrastes","9":"tag-bandymas","10":"tag-breaking-news","11":"tag-breakingnews","12":"tag-featured-news","13":"tag-featurednews","14":"tag-headlines","15":"tag-jav","16":"tag-karas","17":"tag-latest-news","18":"tag-latestnews","19":"tag-lietuva","20":"tag-lietuviu","21":"tag-lithuania","22":"tag-lithuanian","23":"tag-lt","24":"tag-naujienos","25":"tag-news","26":"tag-populiariausios-naujienos","27":"tag-populiariausiosnaujienos","28":"tag-putinas","29":"tag-raketa","30":"tag-rusija","31":"tag-top-stories","32":"tag-topstories","33":"tag-trumpas","34":"tag-ukraina"},"share_on_mastodon":{"url":"https:\/\/pubeurope.com\/@lt\/115450876013219699","error":""},"_links":{"self":[{"href":"https:\/\/www.europesays.com\/lt\/wp-json\/wp\/v2\/posts\/26986","targetHints":{"allow":["GET"]}}],"collection":[{"href":"https:\/\/www.europesays.com\/lt\/wp-json\/wp\/v2\/posts"}],"about":[{"href":"https:\/\/www.europesays.com\/lt\/wp-json\/wp\/v2\/types\/post"}],"author":[{"embeddable":true,"href":"https:\/\/www.europesays.com\/lt\/wp-json\/wp\/v2\/users\/2"}],"replies":[{"embeddable":true,"href":"https:\/\/www.europesays.com\/lt\/wp-json\/wp\/v2\/comments?post=26986"}],"version-history":[{"count":0,"href":"https:\/\/www.europesays.com\/lt\/wp-json\/wp\/v2\/posts\/26986\/revisions"}],"wp:featuredmedia":[{"embeddable":true,"href":"https:\/\/www.europesays.com\/lt\/wp-json\/wp\/v2\/media\/26987"}],"wp:attachment":[{"href":"https:\/\/www.europesays.com\/lt\/wp-json\/wp\/v2\/media?parent=26986"}],"wp:term":[{"taxonomy":"category","embeddable":true,"href":"https:\/\/www.europesays.com\/lt\/wp-json\/wp\/v2\/categories?post=26986"},{"taxonomy":"post_tag","embeddable":true,"href":"https:\/\/www.europesays.com\/lt\/wp-json\/wp\/v2\/tags?post=26986"}],"curies":[{"name":"wp","href":"https:\/\/api.w.org\/{rel}","templated":true}]}}