{"id":269870,"date":"2026-09-05T13:38:31","date_gmt":"2026-09-05T13:38:31","guid":{"rendered":"https:\/\/www.europesays.com\/lt\/269870\/"},"modified":"2026-09-05T13:38:31","modified_gmt":"2026-09-05T13:38:31","slug":"ar-toks-dainius-zalimas-mums-reikalingas-respublika-lt","status":"publish","type":"post","link":"https:\/\/www.europesays.com\/lt\/269870\/","title":{"rendered":"Ar toks Dainius \u017dalimas mums reikalingas? &#8211; Respublika.lt"},"content":{"rendered":"<p><img loading=\"lazy\" decoding=\"async\" src=\"https:\/\/www.respublika.lt\/lt\/naujienos\/nuomones_ir_komentarai\/skaitytoju_laiskai\/ar-toks-dainius-zalimas-mums-reikalingas\/images\/ico_camera_white.gif\" class=\"camera\" width=\"22\" height=\"15\" alt=\"nuotr.\" style=\"position:relative; top:-2px; right:2px;\"\/> 1 nuotr.<\/p>\n<p>Buv\u0119s Konstitucinio Teismo pirmininkas, dabar Europos Parlamento narys Dainius \u017dalimas. Stasio \u017dumbio nuotr.<\/p>\n<p style=\"text-align: justify;\" class=\"desktop_banner\">\u00a0<\/p>\n<p>Na taip, ka\u017ekas u\u017e j\u012f balsavo, tod\u0117l min\u0117tas veik\u0117jas atsid\u016br\u0117 Briuselyje, bet k\u0105 jis veiks po to, kai katino dienos u\u017e mokes\u010di\u0173 mok\u0117toj\u0173 pinigus baigsis?<\/p>\n<p>\u012e Konstitucin\u012f Teism\u0105 j\u012f vargu ar bepriims. Vie\u0161oje erdv\u0117je nurodoma, kad jis yra Vytauto Did\u017eiojo universiteto Teis\u0117s fakulteto dekanas, nors a\u0161 nelabai suvokiu, kaip galima vadovauti fakultetui s\u0117dint Briuselyje, tad gal ir \u0161i ydinga praktika bus u\u017ekardyta.<\/p>\n<p>\u201eLaisv\u0117s partija&#8221;, kuri j\u012f delegavo, sprend\u017eiant i\u0161 visuomen\u0117s nuotaik\u0173, skai\u010diuoja paskutinius m\u0117nesius ir po kit\u0105met vykstan\u010di\u0173 savivaldybi\u0173 rinkim\u0173, tik\u0117tina, i\u0161keliaus \u012f politikos \u0161iuk\u0161lyn\u0105.<\/p>\n<p>Beje, savo laiku jis grie\u017etai kritikavo si\u016blomas pataisas d\u0117l Lietuvos radijo ir televizijos vadovo skyrimo tvarkos, vadindamas jas teisinio broko ir melo pavyzd\u017eiu bei \u012f\u017evelgdamas bandymus politi\u0161kai u\u017evaldyti visuomenin\u012f transliuotoj\u0105.<\/p>\n<p>\u010cia dar reik\u0117t\u0173 prisiminti, kad Europos Parlamento rezoliucij\u0105 d\u0117l LRT inicijavo penki\u0173 did\u017ei\u0173j\u0173 EP politini\u0173 frakcij\u0173 atstovai, palaikomi dalies Lietuvos europarlamentar\u0173, tarp kuri\u0173, koks netik\u0117tumas, buvo ir D.\u017dalimas.<\/p>\n<p>Vie\u0161ai teigiama, kad EP rezoliucija yra nukreipta prie\u0161 politin\u012f spaudim\u0105 Lietuvos visuomeniniam transliuotojui LRT ir gina \u017einiasklaidos nepriklausomum\u0105, nors daugelis tokiais teiginiais link\u0119 abejoti.<\/p>\n<p>Kalbant apie u\u017esienio politik\u0105, D.\u017dalimas negaili kritikos dabartiniams valdantiesiems, \u012f\u017evelgdamas \u201evengri\u0161k\u0105 pos\u016bk\u012f&#8221; (aliuzija \u012f Viktoro Orbano laikotarpio Vengrij\u0105) Lietuvos u\u017esienio politikos kurse.<\/p>\n<p>Visgi kalba dabar ne apie tai.<\/p>\n<p>Tiesiog priminsiu, kad ne taip seniai kilo skandalas, kai pasigirdo \u012ftarimai, kad D.\u017dalimo vadovautas V\u0161\u012e \u201eTeis\u0117s ir demokratijos centras&#8221; galimai neskaidriai naudojo paramai skirtas l\u0117\u0161as.<\/p>\n<p>Po to Lietuvos prokurat\u016bra prad\u0117jo ikiteismin\u012f tyrim\u0105 d\u0117l galimo apgaulingo finansin\u0117s apskaitos tvarkymo \u0161ioje \u012fstaigoje.<\/p>\n<p>Beje, kaltinimus buvusiam KT vadovui pateik\u0117 ne kas kitas, o Baltarusijos opozicija, kuri\u0105 jis es\u0105 ir r\u0117m\u0117.<\/p>\n<p>Baltarusijos demokrat\u0173 forumo atstovai tuomet kreip\u0117si \u012f Finansini\u0173 nusikaltim\u0173 tyrimo tarnyb\u0105.<\/p>\n<p>Jie i\u0161rei\u0161k\u0117 susir\u016bpinim\u0105, kad organizacija galimai neskaidriai panaudojo arba pasisavino apie 200 t\u016bkst. eur\u0173, skirt\u0173 paramai Baltarusijos opozicijai ir kovai u\u017e laisv\u0119.<\/p>\n<p>200 t\u016bkst. eur\u0173 patvoriuose nesim\u0117to ir u\u017e tai buvo galima daug nuveikti. Nors gal D.\u017dalimas, galvodamas apie savo ateit\u012f, ir nuveik\u0117?<\/p>\n<p>Norisi tik\u0117ti, kad teis\u0117sauga tai i\u0161siai\u0161kins, nes gavusi politik\u0173 Petro Gra\u017eulio bei Remigijaus \u017demaitai\u010dio pra\u0161ymus, Generalin\u0117 prokurat\u016bra oficialiai prad\u0117jo ikiteismin\u012f tyrim\u0105 d\u0117l galimai apgaulingos apskaitos tvarkymo min\u0117tame centre.<\/p>\n<p>\u012e kilus\u012f skandal\u0105 sureagavo \u012fprastai ma\u017eai Lietuvos reikalais besidominti prezident\u016bra. Prezidentas Gitanas Naus\u0117da, Baltijos kelio metines, ka\u017ekod\u0117l, nusprend\u0119s praleisti Kijeve, netgi vie\u0161ai parei\u0161k\u0117, kad kaltinimai D.\u017dalimui d\u0117l paramos Baltarusijos opozicijai skaidrumo yra vertinami kaip labai rimti.<\/p>\n<p>\u012e kilus\u012f skandal\u0105 netruko sureaguoti ir pats pagrindinis istorijos veik\u0117jas. D.\u017dalimas visus jam inkriminuojamus kaltinimus atmeta bei teigia, jog:kaltinimai yra \u0161mei\u017etas ir politinis ker\u0161tas;<\/p>\n<p>Jis asmeni\u0161kai niekada netur\u0117jo finansin\u0117s naudos i\u0161 paramos Baltarusijos \u017emon\u0117ms projekt\u0173;<\/p>\n<p>Visa centro veikla buvo vykdoma teis\u0117tai, o l\u0117\u0161os naudotos tikslingai teisin\u0117s pagalbos ir demokratijos pl\u0117tros tikslams.<\/p>\n<p>Kaip ten yra i\u0161 tikr\u0173j\u0173, norisi tik\u0117ti, Lietuvos teis\u0117sauga sugeb\u0117s i\u0161siai\u0161kinti, bet, \u012fvertinus visus kitus D.\u017dalimo \u201enuopelnus&#8221; \u0161aliai tiek u\u017esis\u0117dint KT pirmininko pareigose, tiek trinant s\u0117dim\u0105j\u0105 Briuselyje, dar kart\u0105 norisi paklausti &#8211; ar tikrai tokie \u017ealimai m\u016bs\u0173 \u0161aliai reikalingi?<\/p>\n<p>Ar jie bent kiek prisid\u0117jo, kad Lietuvoje b\u016bt\u0173 geriau gyventi? Atsakymus susigalvokite patys&#8230;<\/p>\n","protected":false},"excerpt":{"rendered":"1 nuotr. Buv\u0119s Konstitucinio Teismo pirmininkas, dabar Europos Parlamento narys Dainius \u017dalimas. Stasio \u017dumbio nuotr. \u00a0 Na taip,&hellip;\n","protected":false},"author":2,"featured_media":269871,"comment_status":"","ping_status":"","sticky":false,"template":"","format":"standard","meta":{"footnotes":"","_share_on_mastodon":"0"},"categories":[15],"tags":[25,1496,30,31,672,34,35,896,24,2213,32,33,37,39,36,38,519,40,23,417,22,44,1666,5536,28,29,26,27,74,75,76,5624,413],"class_list":["post-269870","post","type-post","status-publish","format-standard","has-post-thumbnail","category-pasaulis","tag-antrastes","tag-baltarusija","tag-breaking-news","tag-breakingnews","tag-es","tag-featured-news","tag-featurednews","tag-grazulis","tag-headlines","tag-kt","tag-latest-news","tag-latestnews","tag-lietuva","tag-lietuviu","tag-lithuania","tag-lithuanian","tag-lrt","tag-lt","tag-naujienos","tag-nauseda","tag-news","tag-pasaulis","tag-pinigai","tag-politikas","tag-populiariausios-naujienos","tag-populiariausiosnaujienos","tag-top-stories","tag-topstories","tag-world","tag-world-news","tag-worldnews","tag-zalimas","tag-zemaitaitis"],"share_on_mastodon":{"url":"https:\/\/pubeurope.com\/@lt\/117218712774600864","error":""},"_links":{"self":[{"href":"https:\/\/www.europesays.com\/lt\/wp-json\/wp\/v2\/posts\/269870","targetHints":{"allow":["GET"]}}],"collection":[{"href":"https:\/\/www.europesays.com\/lt\/wp-json\/wp\/v2\/posts"}],"about":[{"href":"https:\/\/www.europesays.com\/lt\/wp-json\/wp\/v2\/types\/post"}],"author":[{"embeddable":true,"href":"https:\/\/www.europesays.com\/lt\/wp-json\/wp\/v2\/users\/2"}],"replies":[{"embeddable":true,"href":"https:\/\/www.europesays.com\/lt\/wp-json\/wp\/v2\/comments?post=269870"}],"version-history":[{"count":0,"href":"https:\/\/www.europesays.com\/lt\/wp-json\/wp\/v2\/posts\/269870\/revisions"}],"wp:featuredmedia":[{"embeddable":true,"href":"https:\/\/www.europesays.com\/lt\/wp-json\/wp\/v2\/media\/269871"}],"wp:attachment":[{"href":"https:\/\/www.europesays.com\/lt\/wp-json\/wp\/v2\/media?parent=269870"}],"wp:term":[{"taxonomy":"category","embeddable":true,"href":"https:\/\/www.europesays.com\/lt\/wp-json\/wp\/v2\/categories?post=269870"},{"taxonomy":"post_tag","embeddable":true,"href":"https:\/\/www.europesays.com\/lt\/wp-json\/wp\/v2\/tags?post=269870"}],"curies":[{"name":"wp","href":"https:\/\/api.w.org\/{rel}","templated":true}]}}