{"id":269890,"date":"2026-09-05T14:51:49","date_gmt":"2026-09-05T14:51:49","guid":{"rendered":"https:\/\/www.europesays.com\/lt\/269890\/"},"modified":"2026-09-05T14:51:49","modified_gmt":"2026-09-05T14:51:49","slug":"i-rengini-atvykusi-jono-garbaraviciaus-mylimoji-prikauste-zvilgsnius-rankines-kaina-ispudinga","status":"publish","type":"post","link":"https:\/\/www.europesays.com\/lt\/269890\/","title":{"rendered":"\u012e rengin\u012f atvykusi Jono Garbaravi\u010diaus mylimoji prikaust\u0117 \u017evilgsnius: rankin\u0117s kaina \u2013 \u012fsp\u016bdinga"},"content":{"rendered":"\n<p style=\"text-align:justify\">Renginyje pasirod\u017eiusi mergina ant m\u0117lynojo kilimo pozavo ne viena.<\/p>\n<p>      Pasirod\u0117 vie\u0161umoje <\/p>\n<p>Silvija Romanovskyt\u0117 \u012f mados rengin\u012f atvyko kartu su mama Inga Romanovskiene.<\/p>\n<p>\u017dinomo verslininko J. Garbaravi\u010diaus mylimoji pasipuo\u0161\u0117 tamsiai rudos spalvos,\u00a0odos tipo striuke sujuosiamu dir\u017eu ir trumpais odiniais \u0161ortais. \u012evaizd\u012f papild\u0117 ra\u0161tuotos p\u0117dkeln\u0117s ir auk\u0161takulniai.<\/p>\n<p>     <a href=\"https:\/\/www.tv3.lt\/Uploads\/UGallery\/photos\/68\/8e\/e3\/25\/688ee325b482161a936a709d36631b10.jpg\" data-fancybox=\"photos-embed\" data-caption=\"\u201eELLE Iconic Night\u201c akimirkos (nuotr. Dariaus Ku\u010dio ir Kristinos Petrikonyt\u0117s)\" target=\"_self\" rel=\"nofollow noopener\"> <img decoding=\"async\" class=\"photo-inside-article\" align=\"center\" alt=\"\u201eELLE Iconic Night\u201c akimirkos (nuotr. Dariaus Ku\u010dio ir Kristinos Petrikonyt\u0117s)\" title=\"\u201eELLE Iconic Night\u201c akimirkos (nuotr. Dariaus Ku\u010dio ir Kristinos Petrikonyt\u0117s)\" src=\"https:\/\/www.europesays.com\/lt\/wp-content\/uploads\/2026\/09\/688ee325b482161a936a709d36631b10.jpg\" width=\"684\" height=\"654\" loading=\"lazy\" \/> <\/a>       <\/p>\n<p>Tiesa, ry\u0161kiausiu jos stiliaus akcentu tapo prabangi pintos odos bordo spalvos \u201eBottega Veneta\u201c rankin\u0117.<\/p>\n<p>Internetin\u0117je svetain\u0117je \u201e<a href=\"https:\/\/www.net-a-porter.com\/en-ca\/shop\/product\/bottega-veneta\/bags\/clutch-bags\/andiamo-long-intrecciato-leather-clutch\/46376663162865740?utm_source=chatgpt.com\" target=\"_blank\" rel=\"nofollow noopener\">Net-a-Porter<\/a>\u201c nurodoma, kad \u0161is rankinukas kainuoja apie 2 900 eur\u0173.<\/p>\n<p>\n                                        \u0160altinis:<br \/>\n                                                                                    tv3.lt\n                                                                                <\/p>\n<p>Kvie\u010diame atrasti nauj\u0105 tv3.lt turin\u012f! Nuo \u0161iol portale j\u016bs\u0173 laukia ne tik <a href=\"https:\/\/www.tv3.lt\/testai\" rel=\"nofollow noopener\" target=\"_blank\">kasdien nauji testai<\/a>, bet ir <a href=\"https:\/\/www.tv3.lt\/kryziazodziai\" rel=\"nofollow noopener\" target=\"_blank\">kry\u017eia\u017eod\u017eiai <\/a>\u2013 i\u0161bandykite savo \u017einias, spr\u0119skite ir smagiai praleiskite laik\u0105. <\/p>\n","protected":false},"excerpt":{"rendered":"Renginyje pasirod\u017eiusi mergina ant m\u0117lynojo kilimo pozavo ne viena. Pasirod\u0117 vie\u0161umoje Silvija Romanovskyt\u0117 \u012f mados rengin\u012f atvyko kartu&hellip;\n","protected":false},"author":2,"featured_media":269891,"comment_status":"","ping_status":"","sticky":false,"template":"","format":"standard","meta":{"footnotes":"","_share_on_mastodon":"0"},"categories":[21],"tags":[38949,57,43,113,55,48,54,51,49,50,37,39,36,38,40,45,23,44,114,53,42,56,47,41,46,58,52],"class_list":["post-269890","post","type-post","status-publish","format-standard","has-post-thumbnail","category-pramogos","tag-2026-09-04-135800","tag-daiktai","tag-dienos-kronika","tag-entertainment","tag-gatves-tekstai","tag-gyvenimas","tag-interneto-pievos","tag-keliones","tag-kultura","tag-laisvalaikis","tag-lietuva","tag-lietuviu","tag-lithuania","tag-lithuanian","tag-lt","tag-mokslas-ir-it","tag-naujienos","tag-pasaulis","tag-pramogos","tag-projektai","tag-rinktiniai-tekstai","tag-simtmecio-portalas","tag-sportas","tag-tv3-lt","tag-verslas","tag-video","tag-zaidimai"],"share_on_mastodon":{"url":"https:\/\/pubeurope.com\/@lt\/117218999808619771","error":""},"_links":{"self":[{"href":"https:\/\/www.europesays.com\/lt\/wp-json\/wp\/v2\/posts\/269890","targetHints":{"allow":["GET"]}}],"collection":[{"href":"https:\/\/www.europesays.com\/lt\/wp-json\/wp\/v2\/posts"}],"about":[{"href":"https:\/\/www.europesays.com\/lt\/wp-json\/wp\/v2\/types\/post"}],"author":[{"embeddable":true,"href":"https:\/\/www.europesays.com\/lt\/wp-json\/wp\/v2\/users\/2"}],"replies":[{"embeddable":true,"href":"https:\/\/www.europesays.com\/lt\/wp-json\/wp\/v2\/comments?post=269890"}],"version-history":[{"count":0,"href":"https:\/\/www.europesays.com\/lt\/wp-json\/wp\/v2\/posts\/269890\/revisions"}],"wp:featuredmedia":[{"embeddable":true,"href":"https:\/\/www.europesays.com\/lt\/wp-json\/wp\/v2\/media\/269891"}],"wp:attachment":[{"href":"https:\/\/www.europesays.com\/lt\/wp-json\/wp\/v2\/media?parent=269890"}],"wp:term":[{"taxonomy":"category","embeddable":true,"href":"https:\/\/www.europesays.com\/lt\/wp-json\/wp\/v2\/categories?post=269890"},{"taxonomy":"post_tag","embeddable":true,"href":"https:\/\/www.europesays.com\/lt\/wp-json\/wp\/v2\/tags?post=269890"}],"curies":[{"name":"wp","href":"https:\/\/api.w.org\/{rel}","templated":true}]}}