{"id":269894,"date":"2026-09-05T14:54:38","date_gmt":"2026-09-05T14:54:38","guid":{"rendered":"https:\/\/www.europesays.com\/lt\/269894\/"},"modified":"2026-09-05T14:54:38","modified_gmt":"2026-09-05T14:54:38","slug":"rekordas-ispanijoje-fiksuota-auksciausia-siais-metais-temperatura-457-laipsnio-respublika-lt","status":"publish","type":"post","link":"https:\/\/www.europesays.com\/lt\/269894\/","title":{"rendered":"Rekordas: Ispanijoje fiksuota auk\u0161\u010diausia \u0161iais metais temperat\u016bra \u2013 45,7 laipsnio &#8211; Respublika.lt"},"content":{"rendered":"<p><img loading=\"lazy\" decoding=\"async\" src=\"https:\/\/www.respublika.lt\/lt\/naujienos\/pasaulis\/kitos_pasaulio_naujienos\/rekordas-ispanijoje-fiksuota-auksciausia-siais-metais-temperatura---457-laipsnio\/images\/ico_camera_white.gif\" class=\"camera\" width=\"22\" height=\"15\" alt=\"nuotr.\" style=\"position:relative; top:-2px; right:2px;\"\/> 1 nuotr.<\/p>\n<p>Asociatyvi EPA-Eltos nuotr.<\/p>\n<p style=\"text-align: justify;\" class=\"desktop_banner\">\u00a0<\/p>\n<p style=\"text-align: left;\">Kartu buvo pakartotas lig\u0161iolinis rugs\u0117jo m\u0117nesio kar\u0161\u010dio rekordas. 45,7 laipsnio rodiklis ketvirtadien\u012f u\u017efiksuotas El Granado mieste Huelvos provincijoje (Andal\u016bzijoje) \u0161alies pietvakariuose, socialiniuose tinkluose prane\u0161\u0117 Ispanijos meteorologijos tarnyba \u201eAemet\u201c.<\/p>\n<p style=\"text-align: left;\">Jau 2016 m. Montore Andal\u016bzijos regione buvo i\u0161matuota auk\u0161\u010diausia rugs\u0117jo m\u0117nesio temperat\u016bra nuo steb\u0117jim\u0173 prad\u017eios \u2013 45,7 laipsnio.<\/p>\n<p style=\"text-align: left;\">Nedidel\u0117je Andal\u016bzijos dalyje \u201eAemet\u201c ketvirtadien\u012f buvo paskelbusi auk\u0161\u010diausi\u0105 \u2013 raudon\u0105 \u2013 kar\u0161\u010dio pavojaus laipsn\u012f.<\/p>\n<p style=\"text-align: left;\">Tai buvo pirmas kartas nuo \u0161ios sistemos \u012fvedimo 2007 m., kai auk\u0161\u010diausias persp\u0117jimo lygis galiojo rugs\u0117j\u012f.<\/p>\n<p style=\"text-align: left;\">Ispanija jau vasar\u0105 patyr\u0117 kelias kar\u0161\u010dio bangas, kai termometr\u0173 stulpeliai kop\u0117 gerokai auk\u0161\u010diau 40 laipsni\u0173 padalos.<\/p>\n<p style=\"text-align: left;\">Tai l\u0117m\u0117 t\u016bkstan\u010dius papildom\u0173 mir\u010di\u0173, sausr\u0105, taip pat nuseko upi\u0173 vandens lygis, kilo dideli mi\u0161k\u0173 gaisrai.<\/p>\n<p style=\"text-align: left;\">Pasak mokslinink\u0173, d\u0117l progresuojan\u010dios klimato kaitos tokie or\u0173 ekstremumai stipr\u0117ja ir pasirei\u0161kia da\u017eniau.<\/p>\n<p style=\"text-align: left;\">\u201eAemet\u201c ketvirtadienio duomenimis, laikotarpis nuo sausio iki rugpj\u016b\u010dio Ispanijoje buvo \u0161il\u010diausias nuo steb\u0117jim\u0173 prad\u017eios.<\/p>\n<p style=\"text-align: left;\">Vidutin\u0117 temperat\u016bra buvo dar auk\u0161tesn\u0117 nei per keturis iki \u0161iol \u0161il\u010diausius laikotarpius nuo sausio iki rugpj\u016b\u010dio, kurie visi buvo fiksuoti per pastaruosius ketverius metus.<\/p>\n<p style=\"text-align: left;\">Tai yra \u201eneabejotinas \u017eenklas, kad \u0161ilimas Ispanijoje spart\u0117ja\u201c, paai\u0161kino meteorologijos tarnyba.<\/p>\n","protected":false},"excerpt":{"rendered":"1 nuotr. Asociatyvi EPA-Eltos nuotr. \u00a0 Kartu buvo pakartotas lig\u0161iolinis rugs\u0117jo m\u0117nesio kar\u0161\u010dio rekordas. 45,7 laipsnio rodiklis ketvirtadien\u012f&hellip;\n","protected":false},"author":2,"featured_media":269895,"comment_status":"","ping_status":"","sticky":false,"template":"","format":"standard","meta":{"footnotes":"","_share_on_mastodon":"0"},"categories":[15],"tags":[25,30,31,34,35,24,1337,3743,32,33,37,39,36,38,40,23,22,260,44,28,29,3858,654,26,27,74,75,76],"class_list":["post-269894","post","type-post","status-publish","format-standard","has-post-thumbnail","category-pasaulis","tag-antrastes","tag-breaking-news","tag-breakingnews","tag-featured-news","tag-featurednews","tag-headlines","tag-ispanija","tag-karstis","tag-latest-news","tag-latestnews","tag-lietuva","tag-lietuviu","tag-lithuania","tag-lithuanian","tag-lt","tag-naujienos","tag-news","tag-orai","tag-pasaulis","tag-populiariausios-naujienos","tag-populiariausiosnaujienos","tag-rekordas","tag-temperatura","tag-top-stories","tag-topstories","tag-world","tag-world-news","tag-worldnews"],"share_on_mastodon":{"url":"https:\/\/pubeurope.com\/@lt\/117219011328514330","error":""},"_links":{"self":[{"href":"https:\/\/www.europesays.com\/lt\/wp-json\/wp\/v2\/posts\/269894","targetHints":{"allow":["GET"]}}],"collection":[{"href":"https:\/\/www.europesays.com\/lt\/wp-json\/wp\/v2\/posts"}],"about":[{"href":"https:\/\/www.europesays.com\/lt\/wp-json\/wp\/v2\/types\/post"}],"author":[{"embeddable":true,"href":"https:\/\/www.europesays.com\/lt\/wp-json\/wp\/v2\/users\/2"}],"replies":[{"embeddable":true,"href":"https:\/\/www.europesays.com\/lt\/wp-json\/wp\/v2\/comments?post=269894"}],"version-history":[{"count":0,"href":"https:\/\/www.europesays.com\/lt\/wp-json\/wp\/v2\/posts\/269894\/revisions"}],"wp:featuredmedia":[{"embeddable":true,"href":"https:\/\/www.europesays.com\/lt\/wp-json\/wp\/v2\/media\/269895"}],"wp:attachment":[{"href":"https:\/\/www.europesays.com\/lt\/wp-json\/wp\/v2\/media?parent=269894"}],"wp:term":[{"taxonomy":"category","embeddable":true,"href":"https:\/\/www.europesays.com\/lt\/wp-json\/wp\/v2\/categories?post=269894"},{"taxonomy":"post_tag","embeddable":true,"href":"https:\/\/www.europesays.com\/lt\/wp-json\/wp\/v2\/tags?post=269894"}],"curies":[{"name":"wp","href":"https:\/\/api.w.org\/{rel}","templated":true}]}}