{"id":269934,"date":"2026-09-05T16:33:09","date_gmt":"2026-09-05T16:33:09","guid":{"rendered":"https:\/\/www.europesays.com\/lt\/269934\/"},"modified":"2026-09-05T16:33:09","modified_gmt":"2026-09-05T16:33:09","slug":"kaukes-devintys-vyrai-pastebeti-ir-kitose-jk-vietose-policija-atskleide-daugiau-detaliu-apie-incidenta-prie-doverio","status":"publish","type":"post","link":"https:\/\/www.europesays.com\/lt\/269934\/","title":{"rendered":"Kaukes d\u0117vintys vyrai pasteb\u0117ti ir kitose JK vietose: policija atskleid\u0117 daugiau detali\u0173 apie incident\u0105 prie Doverio"},"content":{"rendered":"<p>Konservatori\u0173 tarybos narys Danielis Friendas sak\u0117, kad \u012f viet\u0105 atvyko policija, o jis pats \u017eino apie \u201egyventoj\u0173 prane\u0161imus d\u0117l vietoje kilusi\u0173 trikd\u017ei\u0173\u201c.<\/p>\n<p>\u201eFacebook\u201c jis ra\u0161\u0117: \u201e\u0160iuo metu nenoriu sp\u0117lioti apie tai, kas vyksta, ir kalb\u0117ti apie dalykus, kuri\u0173 negalima patvirtinti.<\/p>\n<p>Jei \u0161i\u0105 popiet\u0119 keliaujate per Sandvi\u010d\u0105, tur\u0117kite omenyje, kad gali b\u016bti v\u0117lavim\u0173 ar laikin\u0173 trikd\u017ei\u0173.<\/p>\n<p>Jei esate \u0161ioje teritorijoje, venkite konfrontacijos ir leiskite policijai spr\u0119sti susidariusi\u0105 situacij\u0105.\u201c<\/p>\n<p>Primename, kad \u0161e\u0161tadien\u012f grup\u0117 kauk\u0117t\u0173 vyr\u0173 buvo u\u017eblokav\u0119 keli\u0105 \u012f judriausi\u0105 Jungtin\u0117s Karalyst\u0117s (JK) kelt\u0173 uost\u0105 Dover\u012f. Prane\u0161ta, kad protestuotoj\u0173 gal\u0117jo b\u016bti apie tris \u0161imtus. Apie 14 val. prane\u0161ta, kad eismo sutrikimai baig\u0117si, o Vyriausyb\u0117 pasmerk\u0117 protestuotoj\u0173 elges\u012f.<\/p>\n<blockquote class=\"twitter-tweet\" data-media-max-width=\"560\">\n<p lang=\"en\" dir=\"ltr\">\ud83d\udea8 BREAKING: Hundreds of masked protesters have blocked the port of Dover. Police are talking to them. Traffic is not moving.<\/p>\n<p>\u2022 It is believed to be a stop-the-boats protest. That has not been confirmed by police.<\/p>\n<p>\u2022 Kent Police say a protest is under way at the ferry terminal\u2026<\/p>\n<p>\u2014 The Mercian (@TheMercianNews) <a href=\"https:\/\/x.com\/TheMercianNews\/status\/2096163609512456320?ref_src=twsrc%5Etfw\" rel=\"nofollow\">September 5, 2026<\/a><\/p><\/blockquote>\n<p>  Policija sulauk\u0117 kritikos <\/p>\n<p>Kritikos sulauk\u0117 ir Kento policija &#8211; parei\u0161kime pareig\u016bnai teig\u0117, kad protestas buvo \u201espontani\u0161kas\u201c.<\/p>\n<p>Kento policija patvirtino, kad per \u0161iandien Doverio uoste kilusius trikd\u017eius pareig\u016bnai nesulaik\u0117 n\u0117 vieno \u017emogaus.<\/p>\n<p>Policijos prane\u0161ime incidentas taip pat apib\u016bdintas kaip \u201espontani\u0161kas protestas\u201c.<\/p>\n<p>Komentatoriai, tarp j\u0173 vietos parlamento narys Mike&#8217;as Tappas, i\u0161rei\u0161k\u0117 susir\u016bpinim\u0105 d\u0117l policijos reakcijos ir d\u0117l to, kad pareig\u016bnai, regis, i\u0161 anksto ne\u017einojo apie planuojam\u0105 susib\u016brim\u0105.<\/p>\n<p>M. Tappas ir kiti taip pat mano, kad demonstracija buvo suplanuota i\u0161 anksto, nes joje dalyvavo de\u0161imtys, o galb\u016bt ir \u0161imtai \u017emoni\u0173. Visi aktyvistai vilk\u0117jo pana\u0161ius juodus drabu\u017eius ir buvo u\u017esideng\u0119 veidus, o tai leid\u017eia manyti, kad j\u0173 apranga gal\u0117jo b\u016bti i\u0161 anksto suderinta.<\/p>\n<p>Visame policijos prane\u0161ime teigiama: \u201eKento policija reagavo \u012f spontani\u0161k\u0105 protest\u0105 Doveryje, vykus\u012f \u0161e\u0161tadienio, rugs\u0117jo 5-osios, ryt\u0105. N\u0117 vienas asmuo nebuvo sulaikytas.<\/p>\n<p>Eismas vyksta \u012fprastai, o visi protesto dalyviai iki vidurdienio i\u0161siskirst\u0117.\u201c<\/p>\n<p>Kento policija nenurod\u0117, ar pareig\u016bnai nusprend\u0117 pasinaudoti jiems suteiktais \u012fgaliojimais u\u017edrausti d\u0117v\u0117ti kaukes ir kitus veido apdangalus.<\/p>\n<p>M. Tappas parei\u0161k\u0117, kad pirmadien\u012f savo susir\u016bpinim\u0105 d\u0117l policijos veiksm\u0173 i\u0161sakys kolegoms vyriausyb\u0117je.<\/p>\n","protected":false},"excerpt":{"rendered":"Konservatori\u0173 tarybos narys Danielis Friendas sak\u0117, kad \u012f viet\u0105 atvyko policija, o jis pats \u017eino apie \u201egyventoj\u0173 prane\u0161imus&hellip;\n","protected":false},"author":2,"featured_media":269935,"comment_status":"","ping_status":"","sticky":false,"template":"","format":"standard","meta":{"footnotes":"","_share_on_mastodon":"0"},"categories":[15],"tags":[25,30,31,34,35,24,32,33,37,39,36,38,40,23,22,44,28,29,26,27,74,75,76],"class_list":["post-269934","post","type-post","status-publish","format-standard","has-post-thumbnail","category-pasaulis","tag-antrastes","tag-breaking-news","tag-breakingnews","tag-featured-news","tag-featurednews","tag-headlines","tag-latest-news","tag-latestnews","tag-lietuva","tag-lietuviu","tag-lithuania","tag-lithuanian","tag-lt","tag-naujienos","tag-news","tag-pasaulis","tag-populiariausios-naujienos","tag-populiariausiosnaujienos","tag-top-stories","tag-topstories","tag-world","tag-world-news","tag-worldnews"],"share_on_mastodon":{"url":"https:\/\/pubeurope.com\/@lt\/117219400514759861","error":""},"_links":{"self":[{"href":"https:\/\/www.europesays.com\/lt\/wp-json\/wp\/v2\/posts\/269934","targetHints":{"allow":["GET"]}}],"collection":[{"href":"https:\/\/www.europesays.com\/lt\/wp-json\/wp\/v2\/posts"}],"about":[{"href":"https:\/\/www.europesays.com\/lt\/wp-json\/wp\/v2\/types\/post"}],"author":[{"embeddable":true,"href":"https:\/\/www.europesays.com\/lt\/wp-json\/wp\/v2\/users\/2"}],"replies":[{"embeddable":true,"href":"https:\/\/www.europesays.com\/lt\/wp-json\/wp\/v2\/comments?post=269934"}],"version-history":[{"count":0,"href":"https:\/\/www.europesays.com\/lt\/wp-json\/wp\/v2\/posts\/269934\/revisions"}],"wp:featuredmedia":[{"embeddable":true,"href":"https:\/\/www.europesays.com\/lt\/wp-json\/wp\/v2\/media\/269935"}],"wp:attachment":[{"href":"https:\/\/www.europesays.com\/lt\/wp-json\/wp\/v2\/media?parent=269934"}],"wp:term":[{"taxonomy":"category","embeddable":true,"href":"https:\/\/www.europesays.com\/lt\/wp-json\/wp\/v2\/categories?post=269934"},{"taxonomy":"post_tag","embeddable":true,"href":"https:\/\/www.europesays.com\/lt\/wp-json\/wp\/v2\/tags?post=269934"}],"curies":[{"name":"wp","href":"https:\/\/api.w.org\/{rel}","templated":true}]}}